{"id":10859,"date":"2018-11-19T17:13:55","date_gmt":"2018-11-19T16:13:55","guid":{"rendered":"https:\/\/marekkuchcinski.pl\/?p=10859"},"modified":"2018-11-19T17:15:36","modified_gmt":"2018-11-19T16:15:36","slug":"30-lecie-zwiazku-polakow-ukrainie-marszalek-sejmu-przekor-przeciwnosciom-zachowuja-panstwo-polska-tozsamosc-wartosci","status":"publish","type":"post","link":"https:\/\/marekkuchcinski.pl\/cs\/wydarzenia\/30-lecie-zwiazku-polakow-ukrainie-marszalek-sejmu-przekor-przeciwnosciom-zachowuja-panstwo-polska-tozsamosc-wartosci\/","title":{"rendered":"30. v\u00fdro\u010d\u00ed Svazu Pol\u00e1k\u016f na Ukrajin\u011b. P\u0159edseda Sejmu: Navzdory v\u0161emu si zachov\u00e1v\u00e1te polskou identitu a hodnoty."},"content":{"rendered":"<p>V souvislosti s 30. v\u00fdro\u010d\u00edm Svazu Pol\u00e1k\u016f na Ukrajin\u011b zaslal p\u0159edseda Sejmu Marek Kuchcinski \u00fa\u010dastn\u00edk\u016fm jubilejn\u00edho sjezdu vzpom\u00ednkov\u00e1 p\u0159\u00e1n\u00ed. Slavnostn\u00ed ceremoni\u00e1l se konal 17. listopadu v Kyjev\u011b v r\u00e1mci oslav 100. v\u00fdro\u010d\u00ed nez\u00e1vislosti Polska. \"R\u00e1d bych p\u0159edal slova uzn\u00e1n\u00ed org\u00e1n\u016fm a \u010dlen\u016fm organizace, jako\u017e i projevy \u00facty polsk\u00e9 komunit\u011b. Daleko od vlasti, navzdory v\u0161em nep\u0159\u00edzn\u00edm osudu, jste si zachovali svou n\u00e1rodn\u00ed identitu, jazyk a polsk\u00e9 hodnoty,\" napsal p\u0159edseda Sejmu ve sv\u00e9m dopise.<br \/>\nMarek Kuchci\u0144ski tak\u00e9 dodal, \u017ee nejlep\u0161\u00edm d\u016fkazem lp\u011bn\u00ed na tradic\u00edch jsou oslavy 100. v\u00fdro\u010d\u00ed znovuz\u00edsk\u00e1n\u00ed nez\u00e1vislosti Polska, kter\u00e9 jsou sv\u00e1tkem pro v\u0161echny Pol\u00e1ky bez ohledu na to, kde \u017eij\u00ed. P\u0159edseda Sejmu vyj\u00e1d\u0159il nad\u011bji, \u017ee jubileum Svazu Pol\u00e1k\u016f na Ukrajin\u011b bude p\u0159\u00edle\u017eitost\u00ed nejen k bilancov\u00e1n\u00ed a vzpom\u00edn\u00e1n\u00ed na minulost, ale tak\u00e9 k pohledu na sou\u010dasn\u00e9 \u00fasp\u011bchy polsk\u00e9 kultury.<br \/>\nSvaz Pol\u00e1k\u016f na Ukrajin\u011b je nejv\u011bt\u0161\u00edm sdru\u017een\u00edm polsk\u00fdch organizac\u00ed, kter\u00e9 p\u016fsob\u00ed p\u0159edev\u0161\u00edm ve st\u0159edu a na v\u00fdchod\u011b zem\u011b.<\/p>\n<p><a href=\"https:\/\/marekkuchcinski.pl\/wp-content\/uploads\/2018\/11\/46458073_2198137453808393_2578723292508585984_n.jpg\"><img fetchpriority=\"high\" decoding=\"async\" class=\"alignnone size-full wp-image-10861\" src=\"https:\/\/marekkuchcinski.pl\/wp-content\/uploads\/2018\/11\/46458073_2198137453808393_2578723292508585984_n.jpg\" alt=\"46458073_2198137453808393_2578723292508585984_n\" width=\"960\" height=\"453\" srcset=\"https:\/\/marekkuchcinski.pl\/wp-content\/uploads\/2018\/11\/46458073_2198137453808393_2578723292508585984_n.jpg 960w, https:\/\/marekkuchcinski.pl\/wp-content\/uploads\/2018\/11\/46458073_2198137453808393_2578723292508585984_n-300x142.jpg 300w, https:\/\/marekkuchcinski.pl\/wp-content\/uploads\/2018\/11\/46458073_2198137453808393_2578723292508585984_n-768x362.jpg 768w\" sizes=\"(max-width: 960px) 100vw, 960px\" \/><\/a><\/p>\n<p>foto.<em>\u00a0\u0410\u043d\u0436\u0435\u043b\u0456\u043a\u0430 \u041f\u043b\u0430\u043a\u0441\u0456\u043d\u0430, FB: Svaz Pol\u00e1k\u016f Ukrajiny<\/em><\/p>","protected":false},"excerpt":{"rendered":"<p>W zwi\u0105zku z 30. rocznic\u0105 istnienia Zwi\u0105zku Polak\u00f3w na Ukrainie marsza\u0142ek Sejmu Marek Kuchci\u0144ski przes\u0142a\u0142 do uczestnik\u00f3w zjazdu rocznicowego \u017cyczenia okoliczno\u015bciowe. Uroczysto\u015b\u0107 odby\u0142a 17 listopada w Kijowie w ramach obchod\u00f3w 100-lecia Niepodleg\u0142o\u015bci Polski. &#8222;Pragn\u0119 przekaza\u0107 s\u0142owa uznania w\u0142adzom oraz cz\u0142onkom organizacji, a tak\u017ce wyrazy uszanowania Polonii. Z dala od Macierzy, na przek\u00f3r wszelkim przeciwno\u015bciom zachowujecie [&hellip;]<\/p>","protected":false},"author":6,"featured_media":10861,"comment_status":"open","ping_status":"open","sticky":false,"template":"","format":"standard","meta":{"ngg_post_thumbnail":0,"footnotes":""},"categories":[77,50,3],"tags":[],"class_list":["post-10859","post","type-post","status-publish","format-standard","has-post-thumbnail","hentry","category-wazne-daty","category-wspolpraca-miedzynarodowa","category-wydarzenia"],"yoast_head":"<!-- This site is optimized with the Yoast SEO plugin v24.7 - https:\/\/yoast.com\/wordpress\/plugins\/seo\/ -->\n<title>30-lecie Zwi\u0105zku Polak\u00f3w na Ukrainie. Marsza\u0142ek Sejmu: Na przek\u00f3r przeciwno\u015bciom zachowujecie Pa\u0144stwo polsk\u0105 to\u017csamo\u015b\u0107 i warto\u015bci &#8211; Marek Kuchci\u0144ski<\/title>\n<meta name=\"robots\" content=\"index, follow, max-snippet:-1, max-image-preview:large, max-video-preview:-1\" \/>\n<link rel=\"canonical\" href=\"https:\/\/marekkuchcinski.pl\/cs\/wydarzenia\/30-lecie-zwiazku-polakow-ukrainie-marszalek-sejmu-przekor-przeciwnosciom-zachowuja-panstwo-polska-tozsamosc-wartosci\/\" \/>\n<meta property=\"og:locale\" content=\"cs_CZ\" \/>\n<meta property=\"og:type\" content=\"article\" \/>\n<meta property=\"og:title\" content=\"30-lecie Zwi\u0105zku Polak\u00f3w na Ukrainie. Marsza\u0142ek Sejmu: Na przek\u00f3r przeciwno\u015bciom zachowujecie Pa\u0144stwo polsk\u0105 to\u017csamo\u015b\u0107 i warto\u015bci &#8211; Marek Kuchci\u0144ski\" \/>\n<meta property=\"og:description\" content=\"W zwi\u0105zku z 30. rocznic\u0105 istnienia Zwi\u0105zku Polak\u00f3w na Ukrainie marsza\u0142ek Sejmu Marek Kuchci\u0144ski przes\u0142a\u0142 do uczestnik\u00f3w zjazdu rocznicowego \u017cyczenia okoliczno\u015bciowe. Uroczysto\u015b\u0107 odby\u0142a 17 listopada w Kijowie w ramach obchod\u00f3w 100-lecia Niepodleg\u0142o\u015bci Polski. &#8222;Pragn\u0119 przekaza\u0107 s\u0142owa uznania w\u0142adzom oraz cz\u0142onkom organizacji, a tak\u017ce wyrazy uszanowania Polonii. Z dala od Macierzy, na przek\u00f3r wszelkim przeciwno\u015bciom zachowujecie [&hellip;]\" \/>\n<meta property=\"og:url\" content=\"https:\/\/marekkuchcinski.pl\/cs\/wydarzenia\/30-lecie-zwiazku-polakow-ukrainie-marszalek-sejmu-przekor-przeciwnosciom-zachowuja-panstwo-polska-tozsamosc-wartosci\/\" \/>\n<meta property=\"og:site_name\" content=\"Marek Kuchci\u0144ski\" \/>\n<meta property=\"article:published_time\" content=\"2018-11-19T16:13:55+00:00\" \/>\n<meta property=\"article:modified_time\" content=\"2018-11-19T16:15:36+00:00\" \/>\n<meta property=\"og:image\" content=\"https:\/\/marekkuchcinski.pl\/wp-content\/uploads\/2018\/11\/46458073_2198137453808393_2578723292508585984_n.jpg\" \/>\n\t<meta property=\"og:image:width\" content=\"960\" \/>\n\t<meta property=\"og:image:height\" content=\"453\" \/>\n\t<meta property=\"og:image:type\" content=\"image\/jpeg\" \/>\n<meta name=\"author\" content=\"admin\" \/>\n<meta name=\"twitter:card\" content=\"summary_large_image\" \/>\n<meta name=\"twitter:label1\" content=\"Napsal(a)\" \/>\n\t<meta name=\"twitter:data1\" content=\"admin\" \/>\n\t<meta name=\"twitter:label2\" content=\"Odhadovan\u00e1 doba \u010dten\u00ed\" \/>\n\t<meta name=\"twitter:data2\" content=\"1 minuta\" \/>\n<script type=\"application\/ld+json\" class=\"yoast-schema-graph\">{\"@context\":\"https:\/\/schema.org\",\"@graph\":[{\"@type\":\"Article\",\"@id\":\"https:\/\/marekkuchcinski.pl\/ro\/wydarzenia\/30-lecie-zwiazku-polakow-ukrainie-marszalek-sejmu-przekor-przeciwnosciom-zachowuja-panstwo-polska-tozsamosc-wartosci\/#article\",\"isPartOf\":{\"@id\":\"https:\/\/marekkuchcinski.pl\/ro\/wydarzenia\/30-lecie-zwiazku-polakow-ukrainie-marszalek-sejmu-przekor-przeciwnosciom-zachowuja-panstwo-polska-tozsamosc-wartosci\/\"},\"author\":{\"name\":\"admin\",\"@id\":\"https:\/\/marekkuchcinski.pl\/#\/schema\/person\/6f62700996b4d950b6ea2d1183b6c6be\"},\"headline\":\"30-lecie Zwi\u0105zku Polak\u00f3w na Ukrainie. Marsza\u0142ek Sejmu: Na przek\u00f3r przeciwno\u015bciom zachowujecie Pa\u0144stwo polsk\u0105 to\u017csamo\u015b\u0107 i warto\u015bci\",\"datePublished\":\"2018-11-19T16:13:55+00:00\",\"dateModified\":\"2018-11-19T16:15:36+00:00\",\"mainEntityOfPage\":{\"@id\":\"https:\/\/marekkuchcinski.pl\/ro\/wydarzenia\/30-lecie-zwiazku-polakow-ukrainie-marszalek-sejmu-przekor-przeciwnosciom-zachowuja-panstwo-polska-tozsamosc-wartosci\/\"},\"wordCount\":241,\"commentCount\":0,\"publisher\":{\"@id\":\"https:\/\/marekkuchcinski.pl\/#organization\"},\"image\":{\"@id\":\"https:\/\/marekkuchcinski.pl\/ro\/wydarzenia\/30-lecie-zwiazku-polakow-ukrainie-marszalek-sejmu-przekor-przeciwnosciom-zachowuja-panstwo-polska-tozsamosc-wartosci\/#primaryimage\"},\"thumbnailUrl\":\"https:\/\/marekkuchcinski.pl\/wp-content\/uploads\/2018\/11\/46458073_2198137453808393_2578723292508585984_n.jpg\",\"articleSection\":[\"Wa\u017cne daty\",\"Wsp\u00f3\u0142praca mi\u0119dzynarodowa\",\"Wydarzenia\"],\"inLanguage\":\"cs\",\"potentialAction\":[{\"@type\":\"CommentAction\",\"name\":\"Comment\",\"target\":[\"https:\/\/marekkuchcinski.pl\/ro\/wydarzenia\/30-lecie-zwiazku-polakow-ukrainie-marszalek-sejmu-przekor-przeciwnosciom-zachowuja-panstwo-polska-tozsamosc-wartosci\/#respond\"]}]},{\"@type\":\"WebPage\",\"@id\":\"https:\/\/marekkuchcinski.pl\/ro\/wydarzenia\/30-lecie-zwiazku-polakow-ukrainie-marszalek-sejmu-przekor-przeciwnosciom-zachowuja-panstwo-polska-tozsamosc-wartosci\/\",\"url\":\"https:\/\/marekkuchcinski.pl\/ro\/wydarzenia\/30-lecie-zwiazku-polakow-ukrainie-marszalek-sejmu-przekor-przeciwnosciom-zachowuja-panstwo-polska-tozsamosc-wartosci\/\",\"name\":\"30-lecie Zwi\u0105zku Polak\u00f3w na Ukrainie. Marsza\u0142ek Sejmu: Na przek\u00f3r przeciwno\u015bciom zachowujecie Pa\u0144stwo polsk\u0105 to\u017csamo\u015b\u0107 i warto\u015bci &#8211; Marek Kuchci\u0144ski\",\"isPartOf\":{\"@id\":\"https:\/\/marekkuchcinski.pl\/#website\"},\"primaryImageOfPage\":{\"@id\":\"https:\/\/marekkuchcinski.pl\/ro\/wydarzenia\/30-lecie-zwiazku-polakow-ukrainie-marszalek-sejmu-przekor-przeciwnosciom-zachowuja-panstwo-polska-tozsamosc-wartosci\/#primaryimage\"},\"image\":{\"@id\":\"https:\/\/marekkuchcinski.pl\/ro\/wydarzenia\/30-lecie-zwiazku-polakow-ukrainie-marszalek-sejmu-przekor-przeciwnosciom-zachowuja-panstwo-polska-tozsamosc-wartosci\/#primaryimage\"},\"thumbnailUrl\":\"https:\/\/marekkuchcinski.pl\/wp-content\/uploads\/2018\/11\/46458073_2198137453808393_2578723292508585984_n.jpg\",\"datePublished\":\"2018-11-19T16:13:55+00:00\",\"dateModified\":\"2018-11-19T16:15:36+00:00\",\"breadcrumb\":{\"@id\":\"https:\/\/marekkuchcinski.pl\/ro\/wydarzenia\/30-lecie-zwiazku-polakow-ukrainie-marszalek-sejmu-przekor-przeciwnosciom-zachowuja-panstwo-polska-tozsamosc-wartosci\/#breadcrumb\"},\"inLanguage\":\"cs\",\"potentialAction\":[{\"@type\":\"ReadAction\",\"target\":[\"https:\/\/marekkuchcinski.pl\/ro\/wydarzenia\/30-lecie-zwiazku-polakow-ukrainie-marszalek-sejmu-przekor-przeciwnosciom-zachowuja-panstwo-polska-tozsamosc-wartosci\/\"]}]},{\"@type\":\"ImageObject\",\"inLanguage\":\"cs\",\"@id\":\"https:\/\/marekkuchcinski.pl\/ro\/wydarzenia\/30-lecie-zwiazku-polakow-ukrainie-marszalek-sejmu-przekor-przeciwnosciom-zachowuja-panstwo-polska-tozsamosc-wartosci\/#primaryimage\",\"url\":\"https:\/\/marekkuchcinski.pl\/wp-content\/uploads\/2018\/11\/46458073_2198137453808393_2578723292508585984_n.jpg\",\"contentUrl\":\"https:\/\/marekkuchcinski.pl\/wp-content\/uploads\/2018\/11\/46458073_2198137453808393_2578723292508585984_n.jpg\",\"width\":960,\"height\":453},{\"@type\":\"BreadcrumbList\",\"@id\":\"https:\/\/marekkuchcinski.pl\/ro\/wydarzenia\/30-lecie-zwiazku-polakow-ukrainie-marszalek-sejmu-przekor-przeciwnosciom-zachowuja-panstwo-polska-tozsamosc-wartosci\/#breadcrumb\",\"itemListElement\":[{\"@type\":\"ListItem\",\"position\":1,\"name\":\"Strona g\u0142\u00f3wna\",\"item\":\"https:\/\/marekkuchcinski.pl\/\"},{\"@type\":\"ListItem\",\"position\":2,\"name\":\"30-lecie Zwi\u0105zku Polak\u00f3w na Ukrainie. Marsza\u0142ek Sejmu: Na przek\u00f3r przeciwno\u015bciom zachowujecie Pa\u0144stwo polsk\u0105 to\u017csamo\u015b\u0107 i warto\u015bci\"}]},{\"@type\":\"WebSite\",\"@id\":\"https:\/\/marekkuchcinski.pl\/#website\",\"url\":\"https:\/\/marekkuchcinski.pl\/\",\"name\":\"Marek Kuchci\u0144ski\",\"description\":\"Pose\u0142 na sejm RP &ndash; okr\u0119g nr 22\",\"publisher\":{\"@id\":\"https:\/\/marekkuchcinski.pl\/#organization\"},\"potentialAction\":[{\"@type\":\"SearchAction\",\"target\":{\"@type\":\"EntryPoint\",\"urlTemplate\":\"https:\/\/marekkuchcinski.pl\/?s={search_term_string}\"},\"query-input\":{\"@type\":\"PropertyValueSpecification\",\"valueRequired\":true,\"valueName\":\"search_term_string\"}}],\"inLanguage\":\"cs\"},{\"@type\":\"Organization\",\"@id\":\"https:\/\/marekkuchcinski.pl\/#organization\",\"name\":\"Marek Kuchci\u0144ski\",\"url\":\"https:\/\/marekkuchcinski.pl\/\",\"logo\":{\"@type\":\"ImageObject\",\"inLanguage\":\"cs\",\"@id\":\"https:\/\/marekkuchcinski.pl\/#\/schema\/logo\/image\/\",\"url\":\"https:\/\/marekkuchcinski.pl\/wp-content\/uploads\/2022\/09\/Marek.jpg\",\"contentUrl\":\"https:\/\/marekkuchcinski.pl\/wp-content\/uploads\/2022\/09\/Marek.jpg\",\"width\":1600,\"height\":971,\"caption\":\"Marek Kuchci\u0144ski\"},\"image\":{\"@id\":\"https:\/\/marekkuchcinski.pl\/#\/schema\/logo\/image\/\"}},{\"@type\":\"Person\",\"@id\":\"https:\/\/marekkuchcinski.pl\/#\/schema\/person\/6f62700996b4d950b6ea2d1183b6c6be\",\"name\":\"admin\",\"image\":{\"@type\":\"ImageObject\",\"inLanguage\":\"cs\",\"@id\":\"https:\/\/marekkuchcinski.pl\/#\/schema\/person\/image\/\",\"url\":\"https:\/\/secure.gravatar.com\/avatar\/4bab693b9d55c3d6b52c0296a8765085?s=96&d=mm&r=g\",\"contentUrl\":\"https:\/\/secure.gravatar.com\/avatar\/4bab693b9d55c3d6b52c0296a8765085?s=96&d=mm&r=g\",\"caption\":\"admin\"},\"url\":\"https:\/\/marekkuchcinski.pl\/cs\/author\/marta-olejnik\/\"}]}<\/script>\n<!-- \/ Yoast SEO plugin. -->","yoast_head_json":{"title":"30-lecie Zwi\u0105zku Polak\u00f3w na Ukrainie. Marsza\u0142ek Sejmu: Na przek\u00f3r przeciwno\u015bciom zachowujecie Pa\u0144stwo polsk\u0105 to\u017csamo\u015b\u0107 i warto\u015bci &#8211; Marek Kuchci\u0144ski","robots":{"index":"index","follow":"follow","max-snippet":"max-snippet:-1","max-image-preview":"max-image-preview:large","max-video-preview":"max-video-preview:-1"},"canonical":"https:\/\/marekkuchcinski.pl\/cs\/wydarzenia\/30-lecie-zwiazku-polakow-ukrainie-marszalek-sejmu-przekor-przeciwnosciom-zachowuja-panstwo-polska-tozsamosc-wartosci\/","og_locale":"cs_CZ","og_type":"article","og_title":"30-lecie Zwi\u0105zku Polak\u00f3w na Ukrainie. Marsza\u0142ek Sejmu: Na przek\u00f3r przeciwno\u015bciom zachowujecie Pa\u0144stwo polsk\u0105 to\u017csamo\u015b\u0107 i warto\u015bci &#8211; Marek Kuchci\u0144ski","og_description":"W zwi\u0105zku z 30. rocznic\u0105 istnienia Zwi\u0105zku Polak\u00f3w na Ukrainie marsza\u0142ek Sejmu Marek Kuchci\u0144ski przes\u0142a\u0142 do uczestnik\u00f3w zjazdu rocznicowego \u017cyczenia okoliczno\u015bciowe. Uroczysto\u015b\u0107 odby\u0142a 17 listopada w Kijowie w ramach obchod\u00f3w 100-lecia Niepodleg\u0142o\u015bci Polski. &#8222;Pragn\u0119 przekaza\u0107 s\u0142owa uznania w\u0142adzom oraz cz\u0142onkom organizacji, a tak\u017ce wyrazy uszanowania Polonii. Z dala od Macierzy, na przek\u00f3r wszelkim przeciwno\u015bciom zachowujecie [&hellip;]","og_url":"https:\/\/marekkuchcinski.pl\/cs\/wydarzenia\/30-lecie-zwiazku-polakow-ukrainie-marszalek-sejmu-przekor-przeciwnosciom-zachowuja-panstwo-polska-tozsamosc-wartosci\/","og_site_name":"Marek Kuchci\u0144ski","article_published_time":"2018-11-19T16:13:55+00:00","article_modified_time":"2018-11-19T16:15:36+00:00","og_image":[{"width":960,"height":453,"url":"https:\/\/marekkuchcinski.pl\/wp-content\/uploads\/2018\/11\/46458073_2198137453808393_2578723292508585984_n.jpg","type":"image\/jpeg"}],"author":"admin","twitter_card":"summary_large_image","twitter_misc":{"Napsal(a)":"admin","Odhadovan\u00e1 doba \u010dten\u00ed":"1 minuta"},"schema":{"@context":"https:\/\/schema.org","@graph":[{"@type":"Article","@id":"https:\/\/marekkuchcinski.pl\/ro\/wydarzenia\/30-lecie-zwiazku-polakow-ukrainie-marszalek-sejmu-przekor-przeciwnosciom-zachowuja-panstwo-polska-tozsamosc-wartosci\/#article","isPartOf":{"@id":"https:\/\/marekkuchcinski.pl\/ro\/wydarzenia\/30-lecie-zwiazku-polakow-ukrainie-marszalek-sejmu-przekor-przeciwnosciom-zachowuja-panstwo-polska-tozsamosc-wartosci\/"},"author":{"name":"admin","@id":"https:\/\/marekkuchcinski.pl\/#\/schema\/person\/6f62700996b4d950b6ea2d1183b6c6be"},"headline":"30-lecie Zwi\u0105zku Polak\u00f3w na Ukrainie. Marsza\u0142ek Sejmu: Na przek\u00f3r przeciwno\u015bciom zachowujecie Pa\u0144stwo polsk\u0105 to\u017csamo\u015b\u0107 i warto\u015bci","datePublished":"2018-11-19T16:13:55+00:00","dateModified":"2018-11-19T16:15:36+00:00","mainEntityOfPage":{"@id":"https:\/\/marekkuchcinski.pl\/ro\/wydarzenia\/30-lecie-zwiazku-polakow-ukrainie-marszalek-sejmu-przekor-przeciwnosciom-zachowuja-panstwo-polska-tozsamosc-wartosci\/"},"wordCount":241,"commentCount":0,"publisher":{"@id":"https:\/\/marekkuchcinski.pl\/#organization"},"image":{"@id":"https:\/\/marekkuchcinski.pl\/ro\/wydarzenia\/30-lecie-zwiazku-polakow-ukrainie-marszalek-sejmu-przekor-przeciwnosciom-zachowuja-panstwo-polska-tozsamosc-wartosci\/#primaryimage"},"thumbnailUrl":"https:\/\/marekkuchcinski.pl\/wp-content\/uploads\/2018\/11\/46458073_2198137453808393_2578723292508585984_n.jpg","articleSection":["Wa\u017cne daty","Wsp\u00f3\u0142praca mi\u0119dzynarodowa","Wydarzenia"],"inLanguage":"cs","potentialAction":[{"@type":"CommentAction","name":"Comment","target":["https:\/\/marekkuchcinski.pl\/ro\/wydarzenia\/30-lecie-zwiazku-polakow-ukrainie-marszalek-sejmu-przekor-przeciwnosciom-zachowuja-panstwo-polska-tozsamosc-wartosci\/#respond"]}]},{"@type":"WebPage","@id":"https:\/\/marekkuchcinski.pl\/ro\/wydarzenia\/30-lecie-zwiazku-polakow-ukrainie-marszalek-sejmu-przekor-przeciwnosciom-zachowuja-panstwo-polska-tozsamosc-wartosci\/","url":"https:\/\/marekkuchcinski.pl\/ro\/wydarzenia\/30-lecie-zwiazku-polakow-ukrainie-marszalek-sejmu-przekor-przeciwnosciom-zachowuja-panstwo-polska-tozsamosc-wartosci\/","name":"30-lecie Zwi\u0105zku Polak\u00f3w na Ukrainie. Marsza\u0142ek Sejmu: Na przek\u00f3r przeciwno\u015bciom zachowujecie Pa\u0144stwo polsk\u0105 to\u017csamo\u015b\u0107 i warto\u015bci &#8211; Marek Kuchci\u0144ski","isPartOf":{"@id":"https:\/\/marekkuchcinski.pl\/#website"},"primaryImageOfPage":{"@id":"https:\/\/marekkuchcinski.pl\/ro\/wydarzenia\/30-lecie-zwiazku-polakow-ukrainie-marszalek-sejmu-przekor-przeciwnosciom-zachowuja-panstwo-polska-tozsamosc-wartosci\/#primaryimage"},"image":{"@id":"https:\/\/marekkuchcinski.pl\/ro\/wydarzenia\/30-lecie-zwiazku-polakow-ukrainie-marszalek-sejmu-przekor-przeciwnosciom-zachowuja-panstwo-polska-tozsamosc-wartosci\/#primaryimage"},"thumbnailUrl":"https:\/\/marekkuchcinski.pl\/wp-content\/uploads\/2018\/11\/46458073_2198137453808393_2578723292508585984_n.jpg","datePublished":"2018-11-19T16:13:55+00:00","dateModified":"2018-11-19T16:15:36+00:00","breadcrumb":{"@id":"https:\/\/marekkuchcinski.pl\/ro\/wydarzenia\/30-lecie-zwiazku-polakow-ukrainie-marszalek-sejmu-przekor-przeciwnosciom-zachowuja-panstwo-polska-tozsamosc-wartosci\/#breadcrumb"},"inLanguage":"cs","potentialAction":[{"@type":"ReadAction","target":["https:\/\/marekkuchcinski.pl\/ro\/wydarzenia\/30-lecie-zwiazku-polakow-ukrainie-marszalek-sejmu-przekor-przeciwnosciom-zachowuja-panstwo-polska-tozsamosc-wartosci\/"]}]},{"@type":"ImageObject","inLanguage":"cs","@id":"https:\/\/marekkuchcinski.pl\/ro\/wydarzenia\/30-lecie-zwiazku-polakow-ukrainie-marszalek-sejmu-przekor-przeciwnosciom-zachowuja-panstwo-polska-tozsamosc-wartosci\/#primaryimage","url":"https:\/\/marekkuchcinski.pl\/wp-content\/uploads\/2018\/11\/46458073_2198137453808393_2578723292508585984_n.jpg","contentUrl":"https:\/\/marekkuchcinski.pl\/wp-content\/uploads\/2018\/11\/46458073_2198137453808393_2578723292508585984_n.jpg","width":960,"height":453},{"@type":"BreadcrumbList","@id":"https:\/\/marekkuchcinski.pl\/ro\/wydarzenia\/30-lecie-zwiazku-polakow-ukrainie-marszalek-sejmu-przekor-przeciwnosciom-zachowuja-panstwo-polska-tozsamosc-wartosci\/#breadcrumb","itemListElement":[{"@type":"ListItem","position":1,"name":"Strona g\u0142\u00f3wna","item":"https:\/\/marekkuchcinski.pl\/"},{"@type":"ListItem","position":2,"name":"30-lecie Zwi\u0105zku Polak\u00f3w na Ukrainie. Marsza\u0142ek Sejmu: Na przek\u00f3r przeciwno\u015bciom zachowujecie Pa\u0144stwo polsk\u0105 to\u017csamo\u015b\u0107 i warto\u015bci"}]},{"@type":"WebSite","@id":"https:\/\/marekkuchcinski.pl\/#website","url":"https:\/\/marekkuchcinski.pl\/","name":"Marek Kuchci\u0144ski","description":"Pose\u0142 na sejm RP &ndash; okr\u0119g nr 22","publisher":{"@id":"https:\/\/marekkuchcinski.pl\/#organization"},"potentialAction":[{"@type":"SearchAction","target":{"@type":"EntryPoint","urlTemplate":"https:\/\/marekkuchcinski.pl\/?s={search_term_string}"},"query-input":{"@type":"PropertyValueSpecification","valueRequired":true,"valueName":"search_term_string"}}],"inLanguage":"cs"},{"@type":"Organization","@id":"https:\/\/marekkuchcinski.pl\/#organization","name":"Marek Kuchci\u0144ski","url":"https:\/\/marekkuchcinski.pl\/","logo":{"@type":"ImageObject","inLanguage":"cs","@id":"https:\/\/marekkuchcinski.pl\/#\/schema\/logo\/image\/","url":"https:\/\/marekkuchcinski.pl\/wp-content\/uploads\/2022\/09\/Marek.jpg","contentUrl":"https:\/\/marekkuchcinski.pl\/wp-content\/uploads\/2022\/09\/Marek.jpg","width":1600,"height":971,"caption":"Marek Kuchci\u0144ski"},"image":{"@id":"https:\/\/marekkuchcinski.pl\/#\/schema\/logo\/image\/"}},{"@type":"Person","@id":"https:\/\/marekkuchcinski.pl\/#\/schema\/person\/6f62700996b4d950b6ea2d1183b6c6be","name":"admin","image":{"@type":"ImageObject","inLanguage":"cs","@id":"https:\/\/marekkuchcinski.pl\/#\/schema\/person\/image\/","url":"https:\/\/secure.gravatar.com\/avatar\/4bab693b9d55c3d6b52c0296a8765085?s=96&d=mm&r=g","contentUrl":"https:\/\/secure.gravatar.com\/avatar\/4bab693b9d55c3d6b52c0296a8765085?s=96&d=mm&r=g","caption":"admin"},"url":"https:\/\/marekkuchcinski.pl\/cs\/author\/marta-olejnik\/"}]}},"_links":{"self":[{"href":"https:\/\/marekkuchcinski.pl\/cs\/wp-json\/wp\/v2\/posts\/10859","targetHints":{"allow":["GET"]}}],"collection":[{"href":"https:\/\/marekkuchcinski.pl\/cs\/wp-json\/wp\/v2\/posts"}],"about":[{"href":"https:\/\/marekkuchcinski.pl\/cs\/wp-json\/wp\/v2\/types\/post"}],"author":[{"embeddable":true,"href":"https:\/\/marekkuchcinski.pl\/cs\/wp-json\/wp\/v2\/users\/6"}],"replies":[{"embeddable":true,"href":"https:\/\/marekkuchcinski.pl\/cs\/wp-json\/wp\/v2\/comments?post=10859"}],"version-history":[{"count":3,"href":"https:\/\/marekkuchcinski.pl\/cs\/wp-json\/wp\/v2\/posts\/10859\/revisions"}],"predecessor-version":[{"id":10865,"href":"https:\/\/marekkuchcinski.pl\/cs\/wp-json\/wp\/v2\/posts\/10859\/revisions\/10865"}],"wp:featuredmedia":[{"embeddable":true,"href":"https:\/\/marekkuchcinski.pl\/cs\/wp-json\/wp\/v2\/media\/10861"}],"wp:attachment":[{"href":"https:\/\/marekkuchcinski.pl\/cs\/wp-json\/wp\/v2\/media?parent=10859"}],"wp:term":[{"taxonomy":"category","embeddable":true,"href":"https:\/\/marekkuchcinski.pl\/cs\/wp-json\/wp\/v2\/categories?post=10859"},{"taxonomy":"post_tag","embeddable":true,"href":"https:\/\/marekkuchcinski.pl\/cs\/wp-json\/wp\/v2\/tags?post=10859"}],"curies":[{"name":"wp","href":"https:\/\/api.w.org\/{rel}","templated":true}]}}