{"id":10784,"date":"2018-11-21T13:00:43","date_gmt":"2018-11-21T12:00:43","guid":{"rendered":"https:\/\/marekkuchcinski.pl\/?p=10784"},"modified":"2018-11-27T10:48:46","modified_gmt":"2018-11-27T09:48:46","slug":"spotkania-mieszkancami-podkarpacia-wybory-samorzadowe-2018","status":"publish","type":"post","link":"https:\/\/marekkuchcinski.pl\/cs\/prawo-i-sprawiedliwosc\/spotkania-mieszkancami-podkarpacia-wybory-samorzadowe-2018\/","title":{"rendered":"Setk\u00e1n\u00ed s obyvateli Podkarpatsk\u00e9 Rusi: 1.-31. \u0159\u00edjna"},"content":{"rendered":"<p><strong>1. \u0159\u00edjna<\/strong><\/p>\n<p>P\u0159edseda Sejmu zah\u00e1jil v Pola\u0144czyku konferenci \"Program pro Bieszczady\" Ministerstva infrastruktury a rozvoje. Marek Kuchci\u0144ski \u0159ekl, \u017ee konference za\u010d\u00edn\u00e1 s velk\u00fdmi nad\u011bjemi, proto\u017ee d\u00edky \"Programu pro Bieszczady\" se buduje zna\u010dka, kter\u00e1 bude charakterizovat na\u0161i \u010d\u00e1st Karpat. \"Program pro Bieszczady\" je dal\u0161\u00ed etapou politiky rozvoje cel\u00fdch Karpat a dnes se v Pola\u0144czyku realizuj\u00ed d\u0159\u00edv\u011bj\u0161\u00ed ministersk\u00e1 prohl\u00e1\u0161en\u00ed.<\/p>\n<p>Ministr Jerzy Kwieci\u0144ski p\u0159edstavil p\u0159edpoklady \"Programu pro Bieszczady\" jako odpov\u011b\u010f vl\u00e1dy na m\u00edstn\u00ed probl\u00e9my. Kwieci\u0144ski zd\u016fraznil, \u017ee ministerstvo pod jeho veden\u00edm tak dr\u017e\u00ed slovo a dokon\u010duje to, co bylo sl\u00edbeno v \u00fanoru na 20. konferenci Karpatsk\u00e1 Evropa v Przemy\u015blu.<\/p>\n<p>Na z\u00e1klad\u011b konzultac\u00ed v r\u00e1mci Strategie odpov\u011bdn\u00e9ho rozvoje a pod dojmem Jaros\u0142awa Kaczy\u0144sk\u00e9ho, prezidenta PiS, byl vytvo\u0159en speci\u00e1ln\u00ed \"Program pro Bieszczady\". Tento program m\u00e1 4 priority:<\/p>\n<ol>\n<li>Bieszczady v bl\u00edzkosti (dostupnost regionu)<\/li>\n<li>Bieszczady pro obyvatele (zlep\u0161en\u00ed kvality \u017eivota)<\/li>\n<li>Zelen\u00e9 Bieszczady<\/li>\n<li>Podnikatelsk\u00e9 bieszczady.<\/li>\n<\/ol>\n<p>Program je zalo\u017een na spolupr\u00e1ci mezi m\u00edstn\u00ed samospr\u00e1vou a vl\u00e1dou. Ministr rovn\u011b\u017e zd\u016fraznil, \u017ee podobn\u00fdch v\u00fdsledk\u016f lze dos\u00e1hnout pouze tam, kde je tato spolupr\u00e1ce zaru\u010dena.<br \/>\nV r\u00e1mci \"Programu pro Bieszczady\" tak bude Ministerstvo pro m\u00edstn\u00ed rozvoj spolupracovat s region\u00e1ln\u00ed samospr\u00e1vou, m\u00edstn\u00edmi samospr\u00e1vami, nevl\u00e1dn\u00edmi organizacemi, institucemi a podnikateli. D\u00edky tomuto programu bude oblast Bieszczad a aktivity realizovan\u00e9 v r\u00e1mci programu vyhl\u00e1\u0161en\u00e9ho v Pola\u0144czyku pova\u017eov\u00e1ny za prioritn\u00ed.<\/p>\n<p>Ministr Jerzy Kwieci\u0144ski i mar\u0161\u00e1l Marek Kuchci\u0144ski maj\u00ed z\u00e1jem roz\u0161\u00ed\u0159it aktivity spojen\u00e9 s t\u00edmto programem i na p\u0159\u00edhrani\u010dn\u00ed oblasti Slovenska a Ukrajiny. Nechceme, aby byly Bieszczady rozd\u011bleny hranicemi. D\u00edky Programu pro Bieszczady bude mo\u017en\u00e9 tuto oblast ozna\u010dit nejen za kr\u00e1snou, ale tak\u00e9 za kr\u00e1sn\u011b se rozv\u00edjej\u00edc\u00ed.<br \/>\n<a href=\"https:\/\/marekkuchcinski.pl\/wp-content\/uploads\/2018\/11\/42917032_2537896696490411_8333435502950612992_n.jpg\"><img fetchpriority=\"high\" decoding=\"async\" class=\"alignnone size-full wp-image-10969\" src=\"https:\/\/marekkuchcinski.pl\/wp-content\/uploads\/2018\/11\/42917032_2537896696490411_8333435502950612992_n.jpg\" alt=\"42917032_2537896696490411_8333435502950612992_n\" width=\"2048\" height=\"1536\" srcset=\"https:\/\/marekkuchcinski.pl\/wp-content\/uploads\/2018\/11\/42917032_2537896696490411_8333435502950612992_n.jpg 2048w, https:\/\/marekkuchcinski.pl\/wp-content\/uploads\/2018\/11\/42917032_2537896696490411_8333435502950612992_n-300x225.jpg 300w, https:\/\/marekkuchcinski.pl\/wp-content\/uploads\/2018\/11\/42917032_2537896696490411_8333435502950612992_n-768x576.jpg 768w, https:\/\/marekkuchcinski.pl\/wp-content\/uploads\/2018\/11\/42917032_2537896696490411_8333435502950612992_n-1024x768.jpg 1024w\" sizes=\"(max-width: 2048px) 100vw, 2048px\" \/><\/a> <a href=\"https:\/\/marekkuchcinski.pl\/wp-content\/uploads\/2018\/11\/42861047_586175085131161_7534889671172554752_n.jpg\"><img decoding=\"async\" class=\"alignnone size-full wp-image-10971\" src=\"https:\/\/marekkuchcinski.pl\/wp-content\/uploads\/2018\/11\/42861047_586175085131161_7534889671172554752_n.jpg\" alt=\"42861047_586175085131161_7534889671172554752_n\" width=\"2048\" height=\"1536\" srcset=\"https:\/\/marekkuchcinski.pl\/wp-content\/uploads\/2018\/11\/42861047_586175085131161_7534889671172554752_n.jpg 2048w, https:\/\/marekkuchcinski.pl\/wp-content\/uploads\/2018\/11\/42861047_586175085131161_7534889671172554752_n-300x225.jpg 300w, https:\/\/marekkuchcinski.pl\/wp-content\/uploads\/2018\/11\/42861047_586175085131161_7534889671172554752_n-768x576.jpg 768w, https:\/\/marekkuchcinski.pl\/wp-content\/uploads\/2018\/11\/42861047_586175085131161_7534889671172554752_n-1024x768.jpg 1024w\" sizes=\"(max-width: 2048px) 100vw, 2048px\" \/><\/a><\/p>\n<p><strong>6. \u0159\u00edjna<\/strong><\/p>\n<p><strong>Chlodice: setk\u00e1n\u00ed s obyvateli<\/strong><br \/>\n<a href=\"https:\/\/marekkuchcinski.pl\/wp-content\/uploads\/2018\/11\/Ch\u0142opice-1-1.jpg\"><img decoding=\"async\" class=\"alignnone size-full wp-image-10785\" src=\"https:\/\/marekkuchcinski.pl\/wp-content\/uploads\/2018\/11\/Ch\u0142opice-1-1.jpg\" alt=\"Ch\u0142opice 1 (1)\" width=\"1728\" height=\"1296\" srcset=\"https:\/\/marekkuchcinski.pl\/wp-content\/uploads\/2018\/11\/Ch\u0142opice-1-1.jpg 1728w, https:\/\/marekkuchcinski.pl\/wp-content\/uploads\/2018\/11\/Ch\u0142opice-1-1-300x225.jpg 300w, https:\/\/marekkuchcinski.pl\/wp-content\/uploads\/2018\/11\/Ch\u0142opice-1-1-768x576.jpg 768w, https:\/\/marekkuchcinski.pl\/wp-content\/uploads\/2018\/11\/Ch\u0142opice-1-1-1024x768.jpg 1024w\" sizes=\"(max-width: 1728px) 100vw, 1728px\" \/><\/a> <a href=\"https:\/\/marekkuchcinski.pl\/wp-content\/uploads\/2018\/11\/Ch\u0142opice-1-2.jpg\"><img loading=\"lazy\" decoding=\"async\" class=\"alignnone size-full wp-image-10786\" src=\"https:\/\/marekkuchcinski.pl\/wp-content\/uploads\/2018\/11\/Ch\u0142opice-1-2.jpg\" alt=\"Ch\u0142opice 1 (2)\" width=\"1728\" height=\"1296\" srcset=\"https:\/\/marekkuchcinski.pl\/wp-content\/uploads\/2018\/11\/Ch\u0142opice-1-2.jpg 1728w, https:\/\/marekkuchcinski.pl\/wp-content\/uploads\/2018\/11\/Ch\u0142opice-1-2-300x225.jpg 300w, https:\/\/marekkuchcinski.pl\/wp-content\/uploads\/2018\/11\/Ch\u0142opice-1-2-768x576.jpg 768w, https:\/\/marekkuchcinski.pl\/wp-content\/uploads\/2018\/11\/Ch\u0142opice-1-2-1024x768.jpg 1024w\" sizes=\"(max-width: 1728px) 100vw, 1728px\" \/><\/a><br \/>\nP\u0159edseda polsk\u00e9ho Sejmu p\u0159ed setk\u00e1n\u00edm s obyvateli polo\u017eil kv\u011btiny pod bustu zesnul\u00e9ho prezidenta Lecha Kaczy\u0144sk\u00e9ho u Z\u00e1kladn\u00ed \u0161koly Lecha Kaczy\u0144sk\u00e9ho v Ch\u0142opic\u00edch.<br \/>\nMarek Kuchci\u0144ski p\u0159ipomn\u011bl slova Lecha Kaczy\u0144sk\u00e9ho, \u017ee solidarita st\u00e1tu spo\u010d\u00edv\u00e1 v jeho schopnosti pod\u011blit se o svou s\u00edlu s t\u011bmi, kte\u0159\u00ed ji pot\u0159ebuj\u00ed. Na \u00farovni na\u0161eho vojvodstv\u00ed dosahujeme v\u00fdsledk\u016f tak\u00e9 solid\u00e1rn\u00ed spoluprac\u00ed na v\u0161ech \u00farovn\u00edch st\u00e1tn\u00ed spr\u00e1vy, kter\u00e9 zde dnes zastupujeme.<\/p>\n<p><strong>Jaros\u0142aw: Okresn\u00ed sjezd PiS<\/strong><\/p>\n<p><a href=\"https:\/\/marekkuchcinski.pl\/wp-content\/uploads\/2018\/11\/Jaros\u0142aw-5.jpg\"><img loading=\"lazy\" decoding=\"async\" class=\"alignnone size-full wp-image-10788\" src=\"https:\/\/marekkuchcinski.pl\/wp-content\/uploads\/2018\/11\/Jaros\u0142aw-5.jpg\" alt=\"Jaros\u0142aw 5\" width=\"960\" height=\"720\" srcset=\"https:\/\/marekkuchcinski.pl\/wp-content\/uploads\/2018\/11\/Jaros\u0142aw-5.jpg 960w, https:\/\/marekkuchcinski.pl\/wp-content\/uploads\/2018\/11\/Jaros\u0142aw-5-300x225.jpg 300w, https:\/\/marekkuchcinski.pl\/wp-content\/uploads\/2018\/11\/Jaros\u0142aw-5-768x576.jpg 768w\" sizes=\"(max-width: 960px) 100vw, 960px\" \/><br \/>\n<\/a>P\u0159edseda parlamentu zd\u016fraznil, \u017ee v posledn\u00edch t\u0159ech letech do\u0161lo k velmi z\u00e1va\u017en\u00fdm zm\u011bn\u00e1m v mezin\u00e1rodn\u00ed politice zem\u011b, kter\u00e1 h\u00e1j\u00ed polskou suverenitu ve vztahu k EU. Velmi \u00fa\u010dinn\u00e1 je tak\u00e9 dom\u00e1c\u00ed politika. - V Sejmu pracujeme na n\u011bkolika d\u016fle\u017eit\u00fdch projektech: Fond m\u00edstn\u00edch komunikac\u00ed, program zateplov\u00e1n\u00ed dom\u016f, ob\u010dansk\u00fd rozpo\u010det pro m\u011bsta s pr\u00e1vem \u017eupn\u00edm, zvl\u00e1\u0161tn\u00ed fond solidarity,\" uvedl Kuchci\u0144ski.<\/p>\n<p><strong>Krosno: Volebn\u00ed sjezd PiS za \u00fa\u010dasti Jaros\u0142awa Kaczy\u0144sk\u00e9ho\u00a0<\/strong><\/p>\n<p><a href=\"https:\/\/marekkuchcinski.pl\/wp-content\/uploads\/2018\/11\/Krosno-2.jpg\"><img loading=\"lazy\" decoding=\"async\" class=\"alignnone size-full wp-image-10790\" src=\"https:\/\/marekkuchcinski.pl\/wp-content\/uploads\/2018\/11\/Krosno-2.jpg\" alt=\"Krosno 2\" width=\"720\" height=\"960\" srcset=\"https:\/\/marekkuchcinski.pl\/wp-content\/uploads\/2018\/11\/Krosno-2.jpg 720w, https:\/\/marekkuchcinski.pl\/wp-content\/uploads\/2018\/11\/Krosno-2-225x300.jpg 225w\" sizes=\"(max-width: 720px) 100vw, 720px\" \/><\/a> <a href=\"https:\/\/marekkuchcinski.pl\/wp-content\/uploads\/2018\/11\/Krosno-3.jpg\"><img loading=\"lazy\" decoding=\"async\" class=\"alignnone size-full wp-image-10791\" src=\"https:\/\/marekkuchcinski.pl\/wp-content\/uploads\/2018\/11\/Krosno-3.jpg\" alt=\"Krosno 3\" width=\"640\" height=\"864\" srcset=\"https:\/\/marekkuchcinski.pl\/wp-content\/uploads\/2018\/11\/Krosno-3.jpg 640w, https:\/\/marekkuchcinski.pl\/wp-content\/uploads\/2018\/11\/Krosno-3-222x300.jpg 222w\" sizes=\"(max-width: 640px) 100vw, 640px\" \/><\/a><br \/>\nP\u0159edseda strany Pr\u00e1vo a spravedlnost zd\u016fraznil, \u017ee aby byl \u010dlov\u011bk dobr\u00fdm politikem, mus\u00ed se \u0159\u00eddit vlastenectv\u00edm. Podkarpatsk\u00e1 oblast t\u011bmto slov\u016fm dokonale rozum\u00ed.<\/p>\n<p><strong>7. \u0159\u00edjna<\/strong><\/p>\n<p><strong>Jasionka u Rzeszowa: region\u00e1ln\u00ed sjezd PiS (za \u00fa\u010dasti premi\u00e9ra Mateusze Morawieck\u00e9ho a p\u0159edsedy PiS Jaros\u0142awa Kaczy\u0144sk\u00e9ho)<\/strong><\/p>\n<p><a href=\"https:\/\/marekkuchcinski.pl\/wp-content\/uploads\/2018\/11\/Jasionka-1.jpg\"><img loading=\"lazy\" decoding=\"async\" class=\"alignnone size-full wp-image-10798\" src=\"https:\/\/marekkuchcinski.pl\/wp-content\/uploads\/2018\/11\/Jasionka-1.jpg\" alt=\"Jasionka 1\" width=\"960\" height=\"720\" srcset=\"https:\/\/marekkuchcinski.pl\/wp-content\/uploads\/2018\/11\/Jasionka-1.jpg 960w, https:\/\/marekkuchcinski.pl\/wp-content\/uploads\/2018\/11\/Jasionka-1-300x225.jpg 300w, https:\/\/marekkuchcinski.pl\/wp-content\/uploads\/2018\/11\/Jasionka-1-768x576.jpg 768w\" sizes=\"(max-width: 960px) 100vw, 960px\" \/><\/a> <a href=\"https:\/\/marekkuchcinski.pl\/wp-content\/uploads\/2018\/11\/Jasionka-4.jpg\"><img loading=\"lazy\" decoding=\"async\" class=\"alignnone size-full wp-image-10801\" src=\"https:\/\/marekkuchcinski.pl\/wp-content\/uploads\/2018\/11\/Jasionka-4.jpg\" alt=\"Jasionka 4\" width=\"960\" height=\"720\" srcset=\"https:\/\/marekkuchcinski.pl\/wp-content\/uploads\/2018\/11\/Jasionka-4.jpg 960w, https:\/\/marekkuchcinski.pl\/wp-content\/uploads\/2018\/11\/Jasionka-4-300x225.jpg 300w, https:\/\/marekkuchcinski.pl\/wp-content\/uploads\/2018\/11\/Jasionka-4-768x576.jpg 768w\" sizes=\"(max-width: 960px) 100vw, 960px\" \/><\/a> <a href=\"https:\/\/marekkuchcinski.pl\/wp-content\/uploads\/2018\/11\/Jasionka-5.jpg\"><img loading=\"lazy\" decoding=\"async\" class=\"alignnone size-full wp-image-10802\" src=\"https:\/\/marekkuchcinski.pl\/wp-content\/uploads\/2018\/11\/Jasionka-5.jpg\" alt=\"Jasionka 5\" width=\"960\" height=\"720\" srcset=\"https:\/\/marekkuchcinski.pl\/wp-content\/uploads\/2018\/11\/Jasionka-5.jpg 960w, https:\/\/marekkuchcinski.pl\/wp-content\/uploads\/2018\/11\/Jasionka-5-300x225.jpg 300w, https:\/\/marekkuchcinski.pl\/wp-content\/uploads\/2018\/11\/Jasionka-5-768x576.jpg 768w\" sizes=\"(max-width: 960px) 100vw, 960px\" \/><\/a> <a href=\"https:\/\/marekkuchcinski.pl\/wp-content\/uploads\/2018\/11\/Jasionka-6.jpg\"><img loading=\"lazy\" decoding=\"async\" class=\"alignnone size-full wp-image-10803\" src=\"https:\/\/marekkuchcinski.pl\/wp-content\/uploads\/2018\/11\/Jasionka-6.jpg\" alt=\"Jasionka 6\" width=\"960\" height=\"720\" srcset=\"https:\/\/marekkuchcinski.pl\/wp-content\/uploads\/2018\/11\/Jasionka-6.jpg 960w, https:\/\/marekkuchcinski.pl\/wp-content\/uploads\/2018\/11\/Jasionka-6-300x225.jpg 300w, https:\/\/marekkuchcinski.pl\/wp-content\/uploads\/2018\/11\/Jasionka-6-768x576.jpg 768w\" sizes=\"(max-width: 960px) 100vw, 960px\" \/><\/a> <a href=\"https:\/\/marekkuchcinski.pl\/wp-content\/uploads\/2018\/11\/Jasionka-7.jpg\"><img loading=\"lazy\" decoding=\"async\" class=\"alignnone size-full wp-image-10804\" src=\"https:\/\/marekkuchcinski.pl\/wp-content\/uploads\/2018\/11\/Jasionka-7.jpg\" alt=\"Jasionka 7\" width=\"960\" height=\"720\" srcset=\"https:\/\/marekkuchcinski.pl\/wp-content\/uploads\/2018\/11\/Jasionka-7.jpg 960w, https:\/\/marekkuchcinski.pl\/wp-content\/uploads\/2018\/11\/Jasionka-7-300x225.jpg 300w, https:\/\/marekkuchcinski.pl\/wp-content\/uploads\/2018\/11\/Jasionka-7-768x576.jpg 768w\" sizes=\"(max-width: 960px) 100vw, 960px\" \/><\/a><\/p>\n<p>Jaros\u0142aw Kaczy\u0144ski: Jsme v zemi, kde m\u00e1 PiS nejv\u011bt\u0161\u00ed podporu. Je t\u0159eba m\u00edt velk\u00e9 ambice. Podkarpatsko m\u00e1 p\u0159ece pr\u016fmyslov\u00e9 tradice, na kter\u00e9 lze nav\u00e1zat. Jsou zde kulturn\u00ed a intelektu\u00e1ln\u00ed zdroje. Tradi\u010dn\u00ed hodnoty jsou respektov\u00e1ny. Tuto infrastrukturu a n\u00e1pady mus\u00edme doplnit a posunout se vp\u0159ed. Tato zem\u011b m\u016f\u017ee b\u00fdt motorem pro celou na\u0161i zemi.<\/p>\n<p>Premi\u00e9r Mateusz Morawiecki: D\u00edky kombinaci vlastenectv\u00ed s v\u016fl\u00ed opravit ve\u0159ejn\u00e9 finance a st\u00e1tn\u00ed instituce vznikaj\u00ed centra, jako je toto v\u00fdstavi\u0161t\u011b, kde se nach\u00e1z\u00edme, a silnice, jako je Via Carpatia, kter\u00e1 by se m\u011bla jmenovat silnice Lecha Kaczy\u0144sk\u00e9ho.<br \/>\nModern\u00ed a inovativn\u00ed pr\u016fmysl na Podkarpatsk\u00e9 Rusi bude v p\u0159\u00ed\u0161t\u00edch letech na\u0161\u00ed vizitkou. Za p\u011bt let se t\u011b\u017eba plynu na Podkarpatsku zv\u00fd\u0161\u00ed o 28 % a zdroje t\u011b\u017eby o 64 %. Ve 127 obc\u00edch na Podkarpatsku porostou p\u0159\u00edjmy z t\u011b\u017eby plynu.<\/p>\n<p><strong>11. \u0159\u00edjna <\/strong><\/p>\n<p><strong>P\u0159edseda Sejmu se z\u00fa\u010dastnil Mezin\u00e1rodn\u00edho f\u00f3ra karpatsk\u00e9 spolupr\u00e1ce v Rzeszow\u011b a nav\u0161t\u00edvil tak\u00e9 Jaros\u0142awsk\u00fd okres (\u0141azy, Radymno, Sko\u0142osz\u00f3w).<\/strong><br \/>\nZd\u016fraznil, \u017ee si je jist\u00fd, \u017ee kandid\u00e1t\u016fm doporu\u010den\u00fdm PiS bude na Podkarpatsku z\u00e1le\u017eet. Vyzval lidi, aby je volili, \"abychom mohli spole\u010dn\u011b pokra\u010dovat ve zm\u011bn\u011b na\u0161\u00ed zem\u011b. - Chceme v\u00e1m slou\u017eit, chceme slou\u017eit Polsku s ohledem na budouc\u00ed generace. Sv\u00e9 sliby jsme splnili. Heslo volebn\u00ed kampan\u011b je opr\u00e1vn\u011bn\u00e9. Do voleb jdeme se vzty\u010denou hlavou,\" \u0159ekl mar\u0161\u00e1l.<\/p>\n<p><a href=\"https:\/\/marekkuchcinski.pl\/wp-content\/uploads\/2018\/11\/11.10-pow.-jaros\u0142awski-1.jpg\"><img loading=\"lazy\" decoding=\"async\" class=\"alignnone size-full wp-image-10810\" src=\"https:\/\/marekkuchcinski.pl\/wp-content\/uploads\/2018\/11\/11.10-pow.-jaros\u0142awski-1.jpg\" alt=\"11.10 pow. jaros\u0142awski 1\" width=\"3701\" height=\"2471\" srcset=\"https:\/\/marekkuchcinski.pl\/wp-content\/uploads\/2018\/11\/11.10-pow.-jaros\u0142awski-1.jpg 2048w, https:\/\/marekkuchcinski.pl\/wp-content\/uploads\/2018\/11\/11.10-pow.-jaros\u0142awski-1-300x200.jpg 300w, https:\/\/marekkuchcinski.pl\/wp-content\/uploads\/2018\/11\/11.10-pow.-jaros\u0142awski-1-768x513.jpg 768w, https:\/\/marekkuchcinski.pl\/wp-content\/uploads\/2018\/11\/11.10-pow.-jaros\u0142awski-1-1024x684.jpg 1024w\" sizes=\"(max-width: 3701px) 100vw, 3701px\" \/><\/a> <a href=\"https:\/\/marekkuchcinski.pl\/wp-content\/uploads\/2018\/11\/11.10-pow.-jaros\u0142awski-2.jpg\"><img loading=\"lazy\" decoding=\"async\" class=\"alignnone size-full wp-image-10811\" src=\"https:\/\/marekkuchcinski.pl\/wp-content\/uploads\/2018\/11\/11.10-pow.-jaros\u0142awski-2.jpg\" alt=\"11.10 pow. jaros\u0142awski 2\" width=\"2100\" height=\"1313\" srcset=\"https:\/\/marekkuchcinski.pl\/wp-content\/uploads\/2018\/11\/11.10-pow.-jaros\u0142awski-2.jpg 2100w, https:\/\/marekkuchcinski.pl\/wp-content\/uploads\/2018\/11\/11.10-pow.-jaros\u0142awski-2-300x188.jpg 300w, https:\/\/marekkuchcinski.pl\/wp-content\/uploads\/2018\/11\/11.10-pow.-jaros\u0142awski-2-768x480.jpg 768w, https:\/\/marekkuchcinski.pl\/wp-content\/uploads\/2018\/11\/11.10-pow.-jaros\u0142awski-2-1024x640.jpg 1024w\" sizes=\"(max-width: 2100px) 100vw, 2100px\" \/><\/a> <a href=\"https:\/\/marekkuchcinski.pl\/wp-content\/uploads\/2018\/11\/11.10-pow.-jaros\u0142awski-3.jpg\"><img loading=\"lazy\" decoding=\"async\" class=\"alignnone size-full wp-image-10812\" src=\"https:\/\/marekkuchcinski.pl\/wp-content\/uploads\/2018\/11\/11.10-pow.-jaros\u0142awski-3.jpg\" alt=\"11.10 pow. jaros\u0142awski 3\" width=\"4000\" height=\"3000\" srcset=\"https:\/\/marekkuchcinski.pl\/wp-content\/uploads\/2018\/11\/11.10-pow.-jaros\u0142awski-3.jpg 2048w, https:\/\/marekkuchcinski.pl\/wp-content\/uploads\/2018\/11\/11.10-pow.-jaros\u0142awski-3-300x225.jpg 300w, https:\/\/marekkuchcinski.pl\/wp-content\/uploads\/2018\/11\/11.10-pow.-jaros\u0142awski-3-768x576.jpg 768w, https:\/\/marekkuchcinski.pl\/wp-content\/uploads\/2018\/11\/11.10-pow.-jaros\u0142awski-3-1024x768.jpg 1024w\" sizes=\"(max-width: 4000px) 100vw, 4000px\" \/><\/a> <a href=\"https:\/\/marekkuchcinski.pl\/wp-content\/uploads\/2018\/11\/11.10-pow.-jaros\u0142awski-4.jpg\"><img loading=\"lazy\" decoding=\"async\" class=\"alignnone size-full wp-image-10813\" src=\"https:\/\/marekkuchcinski.pl\/wp-content\/uploads\/2018\/11\/11.10-pow.-jaros\u0142awski-4.jpg\" alt=\"11.10 pow. jaros\u0142awski 4\" width=\"4000\" height=\"3000\" srcset=\"https:\/\/marekkuchcinski.pl\/wp-content\/uploads\/2018\/11\/11.10-pow.-jaros\u0142awski-4.jpg 2048w, https:\/\/marekkuchcinski.pl\/wp-content\/uploads\/2018\/11\/11.10-pow.-jaros\u0142awski-4-300x225.jpg 300w, https:\/\/marekkuchcinski.pl\/wp-content\/uploads\/2018\/11\/11.10-pow.-jaros\u0142awski-4-768x576.jpg 768w, https:\/\/marekkuchcinski.pl\/wp-content\/uploads\/2018\/11\/11.10-pow.-jaros\u0142awski-4-1024x768.jpg 1024w\" sizes=\"(max-width: 4000px) 100vw, 4000px\" \/><\/a> <a href=\"https:\/\/marekkuchcinski.pl\/wp-content\/uploads\/2018\/11\/11.10-pow.-jaros\u0142awski-5.jpg\"><img loading=\"lazy\" decoding=\"async\" class=\"alignnone size-full wp-image-10814\" src=\"https:\/\/marekkuchcinski.pl\/wp-content\/uploads\/2018\/11\/11.10-pow.-jaros\u0142awski-5.jpg\" alt=\"11.10 pow. jaros\u0142awski 5\" width=\"1335\" height=\"803\" srcset=\"https:\/\/marekkuchcinski.pl\/wp-content\/uploads\/2018\/11\/11.10-pow.-jaros\u0142awski-5.jpg 1335w, https:\/\/marekkuchcinski.pl\/wp-content\/uploads\/2018\/11\/11.10-pow.-jaros\u0142awski-5-300x180.jpg 300w, https:\/\/marekkuchcinski.pl\/wp-content\/uploads\/2018\/11\/11.10-pow.-jaros\u0142awski-5-768x462.jpg 768w, https:\/\/marekkuchcinski.pl\/wp-content\/uploads\/2018\/11\/11.10-pow.-jaros\u0142awski-5-1024x616.jpg 1024w\" sizes=\"(max-width: 1335px) 100vw, 1335px\" \/><\/a> <a href=\"https:\/\/marekkuchcinski.pl\/wp-content\/uploads\/2018\/11\/11.10-pow.-jaros\u0142awski-6.jpg\"><img loading=\"lazy\" decoding=\"async\" class=\"alignnone size-full wp-image-10815\" src=\"https:\/\/marekkuchcinski.pl\/wp-content\/uploads\/2018\/11\/11.10-pow.-jaros\u0142awski-6.jpg\" alt=\"11.10 pow. jaros\u0142awski 6\" width=\"3724\" height=\"2307\" srcset=\"https:\/\/marekkuchcinski.pl\/wp-content\/uploads\/2018\/11\/11.10-pow.-jaros\u0142awski-6.jpg 2048w, https:\/\/marekkuchcinski.pl\/wp-content\/uploads\/2018\/11\/11.10-pow.-jaros\u0142awski-6-300x186.jpg 300w, https:\/\/marekkuchcinski.pl\/wp-content\/uploads\/2018\/11\/11.10-pow.-jaros\u0142awski-6-768x476.jpg 768w, https:\/\/marekkuchcinski.pl\/wp-content\/uploads\/2018\/11\/11.10-pow.-jaros\u0142awski-6-1024x634.jpg 1024w\" sizes=\"(max-width: 3724px) 100vw, 3724px\" \/><\/a> <a href=\"https:\/\/marekkuchcinski.pl\/wp-content\/uploads\/2018\/11\/11.10-pow.-jaros\u0142awski-7.jpg\"><img loading=\"lazy\" decoding=\"async\" class=\"alignnone size-full wp-image-10816\" src=\"https:\/\/marekkuchcinski.pl\/wp-content\/uploads\/2018\/11\/11.10-pow.-jaros\u0142awski-7.jpg\" alt=\"11.10 pow. jaros\u0142awski 7\" width=\"1876\" height=\"1466\" srcset=\"https:\/\/marekkuchcinski.pl\/wp-content\/uploads\/2018\/11\/11.10-pow.-jaros\u0142awski-7.jpg 1876w, https:\/\/marekkuchcinski.pl\/wp-content\/uploads\/2018\/11\/11.10-pow.-jaros\u0142awski-7-300x234.jpg 300w, https:\/\/marekkuchcinski.pl\/wp-content\/uploads\/2018\/11\/11.10-pow.-jaros\u0142awski-7-768x600.jpg 768w, https:\/\/marekkuchcinski.pl\/wp-content\/uploads\/2018\/11\/11.10-pow.-jaros\u0142awski-7-1024x800.jpg 1024w\" sizes=\"(max-width: 1876px) 100vw, 1876px\" \/><\/a><\/p>\n<p dir=\"ltr\"><strong>\u00a011. \u0159\u00edjna<\/strong><\/p>\n<p dir=\"ltr\"><strong>Mezin\u00e1rodn\u00ed f\u00f3rum karpatsk\u00e9 spolupr\u00e1ce<\/strong><\/p>\n<p dir=\"ltr\">Z pohledu parlamentu, org\u00e1n\u016f jednotliv\u00fdch st\u00e1t\u016f zapojen\u00fdch do Karpatsk\u00e9ho euroregionu, je na\u0161\u00edm prvo\u0159ad\u00fdm \u00fakolem zajistit bezpe\u010dnost na\u0161ich ob\u010dan\u016f. Tento pojem bezpe\u010dnosti se m\u016f\u017ee vztahovat na v\u0161echny oblasti \u010dinnosti: od oblasti kultury, ochrany p\u0159\u00edrody a \u017eivotn\u00edho prost\u0159ed\u00ed, p\u0159es tvrdou ekonomiku a politiku, a\u017e po bezpe\u010dnost ch\u00e1panou doslova - \u0159ekl Marek Kuchci\u0144ski, p\u0159edseda Sejmu, kter\u00fd ve \u010dtvrtek zah\u00e1jil Mezin\u00e1rodn\u00ed f\u00f3rum karpatsk\u00e9 spolupr\u00e1ce. <strong>v Rzesz\u00f3w\u011b<\/strong>.<\/p>\n<p dir=\"ltr\">Akce spojen\u00e1 s 25. v\u00fdro\u010d\u00edm zalo\u017een\u00ed Karpatsk\u00e9ho euroregionu se konala pod heslem \"Karpaty - spole\u010dn\u00fd soci\u00e1ln\u00ed a hospod\u00e1\u0159sk\u00fd prostor na prahu nov\u00fdch v\u00fdzev\". - Z pohledu posledn\u00edch 25 let existence Karpatsk\u00e9ho euroregionu vid\u00edme, jak d\u016fle\u017eit\u00e1 je v na\u0161\u00ed \u010d\u00e1sti Evropy spolupr\u00e1ce mezi obcemi a ve\u0159ejn\u00fdmi org\u00e1ny jednotliv\u00fdch segment\u016f: m\u00edstn\u00edmi, samospr\u00e1vn\u00fdmi a vl\u00e1dn\u00edmi - \u0159ekl Marek Kuchci\u0144ski. - Chceme tak vyvodit spr\u00e1vn\u00e9 z\u00e1v\u011bry z na\u0161\u00ed minulosti, kter\u00e1 byla pro mnoh\u00e9 p\u0159edky n\u011bkdy n\u00e1dhern\u00e1, hrdinsk\u00e1, ale tak\u00e9 dramatick\u00e1. Spolupr\u00e1ce a n\u00e1vrhy vypl\u00fdvaj\u00edc\u00ed z \u010dinnosti Karpatsk\u00e9ho euroregionu jsou dlouhodob\u00e9, a to i z toho d\u016fvodu, \u017ee se jedn\u00e1 o n\u00e1vrh spolupr\u00e1ce mezi r\u016fzn\u00fdmi prost\u0159ed\u00edmi a r\u016fzn\u00fdmi org\u00e1ny. Nejde jen o spolupr\u00e1ci mezi m\u00edstn\u00edmi org\u00e1ny vojvodstv\u00ed, vojvody a vojvodstv\u00edm nebo okresu a okresu. Jedn\u00e1 se o r\u016fzn\u00e9 n\u00e1vrhy, na kter\u00fdch se pod\u00edlej\u00ed nevl\u00e1dn\u00ed organizace, instituce, podniky a tak\u00e9 vyu\u017eit\u00ed spolupr\u00e1ce st\u00e1tn\u00edch org\u00e1n\u016f. Tato forma \u010dinnosti je d\u016fle\u017eit\u00e1 pro pos\u00edlen\u00ed spolupr\u00e1ce mezi zem\u011bmi st\u0159edn\u00ed Evropy, i kdy\u017e geograficky hovo\u0159\u00edme pouze o jednom regionu, o Karpatech, ale ve stejn\u00e9m smyslu mus\u00edme hovo\u0159it o cel\u00e9 st\u0159edn\u00ed Evrop\u011b. Hovo\u0159\u00edme-li o budoucnosti a rozvoji takov\u00fdch iniciativ, jako je Inter-Morze nebo Tri-Morze, je z\u0159ejm\u00e9, \u017ee Karpatsk\u00fd euroregion m\u00e1 p\u0159ipravenou rotu pro rozvoj takov\u00e9 spolupr\u00e1ce po celou tuto generaci - zhodnotil p\u0159edseda Sejmu.<\/p>\n<p dir=\"ltr\">B\u011bhem f\u00f3ra se diskutovalo o n\u011bkolika hlavn\u00edch t\u00e9matech: \"Karpaty - mezi v\u0161ednost\u00ed \u017eivota a snem o moci... M\u016f\u017ee si evropsk\u00e1 periferie dovolit civiliza\u010dn\u00ed skok?\", \"Odolnost v\u016f\u010di inspiraci?\". Mohou evropsk\u00e9 zku\u0161enosti pomoci vytvo\u0159it v Karpatech destinaci sv\u011btov\u00e9ho v\u00fdznamu?\", \"Green walls. Jak optimalizovat spolupr\u00e1ci mezi chr\u00e1n\u011bn\u00fdmi oblastmi a socioekonomick\u00fdm prost\u0159ed\u00edm pro rozvoj?\", \"Kde je moudrost? Ztratili jsme ji ve v\u011bdomostech. Kde jsou znalosti? Ztratili jsme ji v informac\u00edch... Jak vyu\u017e\u00edt informace p\u0159i \u0159\u00edzen\u00ed proces\u016f \u00fazemn\u00edho rozvoje?\".<\/p>\n<p dir=\"ltr\">V r\u00e1mci panel\u016f \"Jak efektivn\u011b a se ziskem prodat zna\u010dku m\u00edsta?\" a \"Soci\u00e1ln\u00ed m\u00e9dia a blogosf\u00e9ra\" se diskutovalo o nov\u00fdch trendech a v\u00fdvoji a tak\u00e9 o budov\u00e1n\u00ed zna\u010dky a propagaci Karpat na internetu: \"Dobr\u00e1 komunikace stimuluje jako \u010dern\u00e1 k\u00e1va. A stejn\u011b tak t\u011b\u017eko se po n\u011bm us\u00edn\u00e1. Jak efektivn\u011b budovat z\u00e1jem v blogosf\u00e9\u0159e? Je mo\u017en\u00e9 se tematicky a \u00fazemn\u011b integrovat kolem Karpat?<\/p>\n<p dir=\"ltr\"><strong>12. \u0159\u00edjna<\/strong><\/p>\n<p><strong>P\u0159edseda Sejmu se z\u00fa\u010dastnil slavnostn\u00edho odhalen\u00ed a posv\u011bcen\u00ed sochy svat\u00e9 Kate\u0159iny Alexandrijsk\u00e9 v Jaslu.<\/strong><\/p>\n<p>- Svat\u00e1 Kate\u0159ina je patronkou v\u00fdjime\u010dn\u00fdch lid\u00ed. Na m\u00edst\u011b odhalujeme sochu, kter\u00e1 m\u011bla b\u00fdt vy\u0159azena z provozu na za\u010d\u00e1tku roku 2015. Jsem r\u00e1d, \u017ee se n\u00e1m ji d\u00edky v\u00e1m poda\u0159ilo zachr\u00e1nit a obnovit. A\u0165 patronka bd\u00ed nad v\u0161emi zam\u011bstnanci - \u0159ekl Marek Kuchci\u0144ski.<\/p>\n<p><strong>P\u0159edseda se rovn\u011b\u017e z\u00fa\u010dastnil slavnostn\u00edho otev\u0159en\u00ed a vysv\u011bcen\u00ed atletick\u00e9ho stadionu ve \u0161koln\u00edm komplexu profesora Teodora Marchlewsk\u00e9ho.<\/strong><\/p>\n<p>- Atletick\u00fd stadion v <strong>Trzcinica<\/strong> je dobr\u00fdm p\u0159\u00edkladem spolupr\u00e1ce mezi vl\u00e1dou a m\u00edstn\u00ed samospr\u00e1vou. Za\u0159\u00edzen\u00ed bylo vybudov\u00e1no mimo jin\u00e9 d\u00edky finan\u010dn\u00ed podpo\u0159e ministerstva sportu a cestovn\u00edho ruchu. Polsk\u00e1 vl\u00e1da podporuje rozvoj nejen velk\u00fdch, ale i mal\u00fdch m\u011bst. Jedn\u00e1me tak, abychom mimo jin\u00e9 prost\u0159ednictv\u00edm t\u011bchto investic p\u0159isp\u011bli k obnov\u011b polsk\u00e9ho st\u00e1tu. P\u0159eji mnoho \u00fasp\u011bch\u016f a v\u00edt\u011bzstv\u00ed v\u0161em, kte\u0159\u00ed budou tento stadion vyu\u017e\u00edvat.<\/p>\n<p><a href=\"https:\/\/marekkuchcinski.pl\/wp-content\/uploads\/2018\/11\/12.10-Trzcinica-1.jpg\"><img loading=\"lazy\" decoding=\"async\" class=\"alignnone size-full wp-image-10827\" src=\"https:\/\/marekkuchcinski.pl\/wp-content\/uploads\/2018\/11\/12.10-Trzcinica-1.jpg\" alt=\"12.10 Trzcinica 1\" width=\"2000\" height=\"1500\" srcset=\"https:\/\/marekkuchcinski.pl\/wp-content\/uploads\/2018\/11\/12.10-Trzcinica-1.jpg 2000w, https:\/\/marekkuchcinski.pl\/wp-content\/uploads\/2018\/11\/12.10-Trzcinica-1-300x225.jpg 300w, https:\/\/marekkuchcinski.pl\/wp-content\/uploads\/2018\/11\/12.10-Trzcinica-1-768x576.jpg 768w, https:\/\/marekkuchcinski.pl\/wp-content\/uploads\/2018\/11\/12.10-Trzcinica-1-1024x768.jpg 1024w\" sizes=\"(max-width: 2000px) 100vw, 2000px\" \/><\/a> <a href=\"https:\/\/marekkuchcinski.pl\/wp-content\/uploads\/2018\/11\/12.10-Trzcinica-4.jpg\"><img loading=\"lazy\" decoding=\"async\" class=\"alignnone size-full wp-image-10828\" src=\"https:\/\/marekkuchcinski.pl\/wp-content\/uploads\/2018\/11\/12.10-Trzcinica-4.jpg\" alt=\"12.10 Trzcinica 4\" width=\"2000\" height=\"1500\" srcset=\"https:\/\/marekkuchcinski.pl\/wp-content\/uploads\/2018\/11\/12.10-Trzcinica-4.jpg 2000w, https:\/\/marekkuchcinski.pl\/wp-content\/uploads\/2018\/11\/12.10-Trzcinica-4-300x225.jpg 300w, https:\/\/marekkuchcinski.pl\/wp-content\/uploads\/2018\/11\/12.10-Trzcinica-4-768x576.jpg 768w, https:\/\/marekkuchcinski.pl\/wp-content\/uploads\/2018\/11\/12.10-Trzcinica-4-1024x768.jpg 1024w\" sizes=\"(max-width: 2000px) 100vw, 2000px\" \/><\/a><a href=\"https:\/\/marekkuchcinski.pl\/wp-content\/uploads\/2018\/11\/12.10-Trzcinica-7.jpg\"><img loading=\"lazy\" decoding=\"async\" class=\"alignnone size-full wp-image-10830\" src=\"https:\/\/marekkuchcinski.pl\/wp-content\/uploads\/2018\/11\/12.10-Trzcinica-7.jpg\" alt=\"12.10 Trzcinica 7\" width=\"1998\" height=\"1400\" srcset=\"https:\/\/marekkuchcinski.pl\/wp-content\/uploads\/2018\/11\/12.10-Trzcinica-7.jpg 1998w, https:\/\/marekkuchcinski.pl\/wp-content\/uploads\/2018\/11\/12.10-Trzcinica-7-300x210.jpg 300w, https:\/\/marekkuchcinski.pl\/wp-content\/uploads\/2018\/11\/12.10-Trzcinica-7-768x538.jpg 768w, https:\/\/marekkuchcinski.pl\/wp-content\/uploads\/2018\/11\/12.10-Trzcinica-7-1024x718.jpg 1024w\" sizes=\"(max-width: 1998px) 100vw, 1998px\" \/><\/a><\/p>\n<p><strong>Mar\u0161\u00e1l nav\u0161t\u00edvil<\/strong> <strong>okres Krosno (Korczyna, Iwonicz-Zdr\u00f3j, Zr\u0119cin, Dukla)<\/strong>. - Pot\u0159ebujeme dobr\u00e9 partnery v m\u00edstn\u00ed samospr\u00e1v\u011b. Vyz\u00fdv\u00e1m v\u00e1s, abyste se z\u00fa\u010dastnili voleb a volili na\u0161e kandid\u00e1ty. Chceme b\u00fdt spokojeni se sv\u00fdmi mal\u00fdmi domovy. Dobr\u00e1 zm\u011bna by m\u011bla dos\u00e1hnout v\u0161ude, v\u010detn\u011b m\u00edstn\u00edch samospr\u00e1v.<\/p>\n<p><a href=\"https:\/\/marekkuchcinski.pl\/wp-content\/uploads\/2018\/11\/12.10-pow.-kro\u015bnie\u0144ski-12.jpg\"><img loading=\"lazy\" decoding=\"async\" class=\"alignnone size-full wp-image-10832\" src=\"https:\/\/marekkuchcinski.pl\/wp-content\/uploads\/2018\/11\/12.10-pow.-kro\u015bnie\u0144ski-12.jpg\" alt=\"12.10 pow. kro\u015bnie\u0144ski 12\" width=\"2000\" height=\"1500\" srcset=\"https:\/\/marekkuchcinski.pl\/wp-content\/uploads\/2018\/11\/12.10-pow.-kro\u015bnie\u0144ski-12.jpg 2000w, https:\/\/marekkuchcinski.pl\/wp-content\/uploads\/2018\/11\/12.10-pow.-kro\u015bnie\u0144ski-12-300x225.jpg 300w, https:\/\/marekkuchcinski.pl\/wp-content\/uploads\/2018\/11\/12.10-pow.-kro\u015bnie\u0144ski-12-768x576.jpg 768w, https:\/\/marekkuchcinski.pl\/wp-content\/uploads\/2018\/11\/12.10-pow.-kro\u015bnie\u0144ski-12-1024x768.jpg 1024w\" sizes=\"(max-width: 2000px) 100vw, 2000px\" \/><\/a> <a href=\"https:\/\/marekkuchcinski.pl\/wp-content\/uploads\/2018\/11\/12.10-pow.-kro\u015bnie\u0144ski-11.jpg\"><img loading=\"lazy\" decoding=\"async\" class=\"alignnone size-full wp-image-10833\" src=\"https:\/\/marekkuchcinski.pl\/wp-content\/uploads\/2018\/11\/12.10-pow.-kro\u015bnie\u0144ski-11.jpg\" alt=\"12.10 pow. kro\u015bnie\u0144ski 11\" width=\"2000\" height=\"1500\" srcset=\"https:\/\/marekkuchcinski.pl\/wp-content\/uploads\/2018\/11\/12.10-pow.-kro\u015bnie\u0144ski-11.jpg 2000w, https:\/\/marekkuchcinski.pl\/wp-content\/uploads\/2018\/11\/12.10-pow.-kro\u015bnie\u0144ski-11-300x225.jpg 300w, https:\/\/marekkuchcinski.pl\/wp-content\/uploads\/2018\/11\/12.10-pow.-kro\u015bnie\u0144ski-11-768x576.jpg 768w, https:\/\/marekkuchcinski.pl\/wp-content\/uploads\/2018\/11\/12.10-pow.-kro\u015bnie\u0144ski-11-1024x768.jpg 1024w\" sizes=\"(max-width: 2000px) 100vw, 2000px\" \/><\/a> <a href=\"https:\/\/marekkuchcinski.pl\/wp-content\/uploads\/2018\/11\/12.10-pow.-kro\u015bnie\u0144ski-10.jpg\"><img loading=\"lazy\" decoding=\"async\" class=\"alignnone size-full wp-image-10834\" src=\"https:\/\/marekkuchcinski.pl\/wp-content\/uploads\/2018\/11\/12.10-pow.-kro\u015bnie\u0144ski-10.jpg\" alt=\"12.10 pow. kro\u015bnie\u0144ski 10\" width=\"2000\" height=\"1500\" srcset=\"https:\/\/marekkuchcinski.pl\/wp-content\/uploads\/2018\/11\/12.10-pow.-kro\u015bnie\u0144ski-10.jpg 2000w, https:\/\/marekkuchcinski.pl\/wp-content\/uploads\/2018\/11\/12.10-pow.-kro\u015bnie\u0144ski-10-300x225.jpg 300w, https:\/\/marekkuchcinski.pl\/wp-content\/uploads\/2018\/11\/12.10-pow.-kro\u015bnie\u0144ski-10-768x576.jpg 768w, https:\/\/marekkuchcinski.pl\/wp-content\/uploads\/2018\/11\/12.10-pow.-kro\u015bnie\u0144ski-10-1024x768.jpg 1024w\" sizes=\"(max-width: 2000px) 100vw, 2000px\" \/><\/a> <a href=\"https:\/\/marekkuchcinski.pl\/wp-content\/uploads\/2018\/11\/12.10-pow.-kro\u015bnie\u0144ski-9.jpg\"><img loading=\"lazy\" decoding=\"async\" class=\"alignnone size-full wp-image-10835\" src=\"https:\/\/marekkuchcinski.pl\/wp-content\/uploads\/2018\/11\/12.10-pow.-kro\u015bnie\u0144ski-9.jpg\" alt=\"12.10 pow. kro\u015bnie\u0144ski 9\" width=\"2000\" height=\"1500\" srcset=\"https:\/\/marekkuchcinski.pl\/wp-content\/uploads\/2018\/11\/12.10-pow.-kro\u015bnie\u0144ski-9.jpg 2000w, https:\/\/marekkuchcinski.pl\/wp-content\/uploads\/2018\/11\/12.10-pow.-kro\u015bnie\u0144ski-9-300x225.jpg 300w, https:\/\/marekkuchcinski.pl\/wp-content\/uploads\/2018\/11\/12.10-pow.-kro\u015bnie\u0144ski-9-768x576.jpg 768w, https:\/\/marekkuchcinski.pl\/wp-content\/uploads\/2018\/11\/12.10-pow.-kro\u015bnie\u0144ski-9-1024x768.jpg 1024w\" sizes=\"(max-width: 2000px) 100vw, 2000px\" \/><\/a> <a href=\"https:\/\/marekkuchcinski.pl\/wp-content\/uploads\/2018\/11\/12.10-pow.-kro\u015bnie\u0144ski-6.jpg\"><img loading=\"lazy\" decoding=\"async\" class=\"alignnone size-full wp-image-10838\" src=\"https:\/\/marekkuchcinski.pl\/wp-content\/uploads\/2018\/11\/12.10-pow.-kro\u015bnie\u0144ski-6.jpg\" alt=\"12.10 pow. kro\u015bnie\u0144ski 6\" width=\"1773\" height=\"1062\" srcset=\"https:\/\/marekkuchcinski.pl\/wp-content\/uploads\/2018\/11\/12.10-pow.-kro\u015bnie\u0144ski-6.jpg 1773w, https:\/\/marekkuchcinski.pl\/wp-content\/uploads\/2018\/11\/12.10-pow.-kro\u015bnie\u0144ski-6-300x180.jpg 300w, https:\/\/marekkuchcinski.pl\/wp-content\/uploads\/2018\/11\/12.10-pow.-kro\u015bnie\u0144ski-6-768x460.jpg 768w, https:\/\/marekkuchcinski.pl\/wp-content\/uploads\/2018\/11\/12.10-pow.-kro\u015bnie\u0144ski-6-1024x613.jpg 1024w\" sizes=\"(max-width: 1773px) 100vw, 1773px\" \/><\/a> <a href=\"https:\/\/marekkuchcinski.pl\/wp-content\/uploads\/2018\/11\/12.10-pow.-kro\u015bnie\u0144ski-2.jpg\"><img loading=\"lazy\" decoding=\"async\" class=\"alignnone size-full wp-image-10842\" src=\"https:\/\/marekkuchcinski.pl\/wp-content\/uploads\/2018\/11\/12.10-pow.-kro\u015bnie\u0144ski-2.jpg\" alt=\"12.10 pow. kro\u015bnie\u0144ski 2\" width=\"2000\" height=\"1500\" srcset=\"https:\/\/marekkuchcinski.pl\/wp-content\/uploads\/2018\/11\/12.10-pow.-kro\u015bnie\u0144ski-2.jpg 2000w, https:\/\/marekkuchcinski.pl\/wp-content\/uploads\/2018\/11\/12.10-pow.-kro\u015bnie\u0144ski-2-300x225.jpg 300w, https:\/\/marekkuchcinski.pl\/wp-content\/uploads\/2018\/11\/12.10-pow.-kro\u015bnie\u0144ski-2-768x576.jpg 768w, https:\/\/marekkuchcinski.pl\/wp-content\/uploads\/2018\/11\/12.10-pow.-kro\u015bnie\u0144ski-2-1024x768.jpg 1024w\" sizes=\"(max-width: 2000px) 100vw, 2000px\" \/><\/a><\/p>\n<p><strong>13. \u0159\u00edjna <\/strong><\/p>\n<p><strong>Mar\u0161\u00e1l se z\u00fa\u010dastnil Powiatov\u00e9ho sjezdu v Lubaczow\u011b a setk\u00e1n\u00ed v Nov\u00e9m Brusn\u011b.<\/strong><\/p>\n<p>P\u0159edstavil programy zaveden\u00e9 vl\u00e1dou, kter\u00e9 mohou b\u00fdt p\u0159\u00ednosem pro m\u011bsta, obce a kraje.<\/p>\n<p><a href=\"https:\/\/marekkuchcinski.pl\/wp-content\/uploads\/2018\/11\/13.10-Nowe-Brusno-2.jpg\"><img loading=\"lazy\" decoding=\"async\" class=\"alignnone size-full wp-image-10848\" src=\"https:\/\/marekkuchcinski.pl\/wp-content\/uploads\/2018\/11\/13.10-Nowe-Brusno-2.jpg\" alt=\"13.10 Nowe Brusno 2\" width=\"2000\" height=\"1500\" srcset=\"https:\/\/marekkuchcinski.pl\/wp-content\/uploads\/2018\/11\/13.10-Nowe-Brusno-2.jpg 2000w, https:\/\/marekkuchcinski.pl\/wp-content\/uploads\/2018\/11\/13.10-Nowe-Brusno-2-300x225.jpg 300w, https:\/\/marekkuchcinski.pl\/wp-content\/uploads\/2018\/11\/13.10-Nowe-Brusno-2-768x576.jpg 768w, https:\/\/marekkuchcinski.pl\/wp-content\/uploads\/2018\/11\/13.10-Nowe-Brusno-2-1024x768.jpg 1024w\" sizes=\"(max-width: 2000px) 100vw, 2000px\" \/><\/a> <a href=\"https:\/\/marekkuchcinski.pl\/wp-content\/uploads\/2018\/11\/13.10-Nowe-Brusno-1.jpg\"><img loading=\"lazy\" decoding=\"async\" class=\"alignnone size-full wp-image-10849\" src=\"https:\/\/marekkuchcinski.pl\/wp-content\/uploads\/2018\/11\/13.10-Nowe-Brusno-1.jpg\" alt=\"13.10 Nowe Brusno 1\" width=\"2000\" height=\"1500\" srcset=\"https:\/\/marekkuchcinski.pl\/wp-content\/uploads\/2018\/11\/13.10-Nowe-Brusno-1.jpg 2000w, https:\/\/marekkuchcinski.pl\/wp-content\/uploads\/2018\/11\/13.10-Nowe-Brusno-1-300x225.jpg 300w, https:\/\/marekkuchcinski.pl\/wp-content\/uploads\/2018\/11\/13.10-Nowe-Brusno-1-768x576.jpg 768w, https:\/\/marekkuchcinski.pl\/wp-content\/uploads\/2018\/11\/13.10-Nowe-Brusno-1-1024x768.jpg 1024w\" sizes=\"(max-width: 2000px) 100vw, 2000px\" \/><\/a> <a href=\"https:\/\/marekkuchcinski.pl\/wp-content\/uploads\/2018\/11\/13.10-Lubacz\u00f3w-6.jpg\"><img loading=\"lazy\" decoding=\"async\" class=\"alignnone size-full wp-image-10850\" src=\"https:\/\/marekkuchcinski.pl\/wp-content\/uploads\/2018\/11\/13.10-Lubacz\u00f3w-6.jpg\" alt=\"13.10 Lubacz\u00f3w 6\" width=\"2000\" height=\"1500\" srcset=\"https:\/\/marekkuchcinski.pl\/wp-content\/uploads\/2018\/11\/13.10-Lubacz\u00f3w-6.jpg 2000w, https:\/\/marekkuchcinski.pl\/wp-content\/uploads\/2018\/11\/13.10-Lubacz\u00f3w-6-300x225.jpg 300w, https:\/\/marekkuchcinski.pl\/wp-content\/uploads\/2018\/11\/13.10-Lubacz\u00f3w-6-768x576.jpg 768w, https:\/\/marekkuchcinski.pl\/wp-content\/uploads\/2018\/11\/13.10-Lubacz\u00f3w-6-1024x768.jpg 1024w\" sizes=\"(max-width: 2000px) 100vw, 2000px\" \/><\/a> <a href=\"https:\/\/marekkuchcinski.pl\/wp-content\/uploads\/2018\/11\/13.10-Lubacz\u00f3w-4.jpg\"><img loading=\"lazy\" decoding=\"async\" class=\"alignnone size-full wp-image-10851\" src=\"https:\/\/marekkuchcinski.pl\/wp-content\/uploads\/2018\/11\/13.10-Lubacz\u00f3w-4.jpg\" alt=\"13.10 Lubacz\u00f3w 4\" width=\"2000\" height=\"1500\" srcset=\"https:\/\/marekkuchcinski.pl\/wp-content\/uploads\/2018\/11\/13.10-Lubacz\u00f3w-4.jpg 2000w, https:\/\/marekkuchcinski.pl\/wp-content\/uploads\/2018\/11\/13.10-Lubacz\u00f3w-4-300x225.jpg 300w, https:\/\/marekkuchcinski.pl\/wp-content\/uploads\/2018\/11\/13.10-Lubacz\u00f3w-4-768x576.jpg 768w, https:\/\/marekkuchcinski.pl\/wp-content\/uploads\/2018\/11\/13.10-Lubacz\u00f3w-4-1024x768.jpg 1024w\" sizes=\"(max-width: 2000px) 100vw, 2000px\" \/><\/a> <a href=\"https:\/\/marekkuchcinski.pl\/wp-content\/uploads\/2018\/11\/13.10-Lubacz\u00f3w-3.jpg\"><img loading=\"lazy\" decoding=\"async\" class=\"alignnone size-full wp-image-10852\" src=\"https:\/\/marekkuchcinski.pl\/wp-content\/uploads\/2018\/11\/13.10-Lubacz\u00f3w-3.jpg\" alt=\"13.10 Lubacz\u00f3w 3\" width=\"2000\" height=\"1500\" srcset=\"https:\/\/marekkuchcinski.pl\/wp-content\/uploads\/2018\/11\/13.10-Lubacz\u00f3w-3.jpg 2000w, https:\/\/marekkuchcinski.pl\/wp-content\/uploads\/2018\/11\/13.10-Lubacz\u00f3w-3-300x225.jpg 300w, https:\/\/marekkuchcinski.pl\/wp-content\/uploads\/2018\/11\/13.10-Lubacz\u00f3w-3-768x576.jpg 768w, https:\/\/marekkuchcinski.pl\/wp-content\/uploads\/2018\/11\/13.10-Lubacz\u00f3w-3-1024x768.jpg 1024w\" sizes=\"(max-width: 2000px) 100vw, 2000px\" \/><\/a> <a href=\"https:\/\/marekkuchcinski.pl\/wp-content\/uploads\/2018\/11\/13.10-Lubacz\u00f3w-2.jpg\"><img loading=\"lazy\" decoding=\"async\" class=\"alignnone size-full wp-image-10853\" src=\"https:\/\/marekkuchcinski.pl\/wp-content\/uploads\/2018\/11\/13.10-Lubacz\u00f3w-2.jpg\" alt=\"13.10 Lubacz\u00f3w 2\" width=\"2000\" height=\"1500\" srcset=\"https:\/\/marekkuchcinski.pl\/wp-content\/uploads\/2018\/11\/13.10-Lubacz\u00f3w-2.jpg 2000w, https:\/\/marekkuchcinski.pl\/wp-content\/uploads\/2018\/11\/13.10-Lubacz\u00f3w-2-300x225.jpg 300w, https:\/\/marekkuchcinski.pl\/wp-content\/uploads\/2018\/11\/13.10-Lubacz\u00f3w-2-768x576.jpg 768w, https:\/\/marekkuchcinski.pl\/wp-content\/uploads\/2018\/11\/13.10-Lubacz\u00f3w-2-1024x768.jpg 1024w\" sizes=\"(max-width: 2000px) 100vw, 2000px\" \/><\/a> <a href=\"https:\/\/marekkuchcinski.pl\/wp-content\/uploads\/2018\/11\/13.10-Lubacz\u00f3w-1.jpg\"><img loading=\"lazy\" decoding=\"async\" class=\"alignnone size-full wp-image-10854\" src=\"https:\/\/marekkuchcinski.pl\/wp-content\/uploads\/2018\/11\/13.10-Lubacz\u00f3w-1.jpg\" alt=\"13.10 Lubacz\u00f3w 1\" width=\"2000\" height=\"1500\" srcset=\"https:\/\/marekkuchcinski.pl\/wp-content\/uploads\/2018\/11\/13.10-Lubacz\u00f3w-1.jpg 2000w, https:\/\/marekkuchcinski.pl\/wp-content\/uploads\/2018\/11\/13.10-Lubacz\u00f3w-1-300x225.jpg 300w, https:\/\/marekkuchcinski.pl\/wp-content\/uploads\/2018\/11\/13.10-Lubacz\u00f3w-1-768x576.jpg 768w, https:\/\/marekkuchcinski.pl\/wp-content\/uploads\/2018\/11\/13.10-Lubacz\u00f3w-1-1024x768.jpg 1024w\" sizes=\"(max-width: 2000px) 100vw, 2000px\" \/><\/a><\/p>\n<p><strong>14. \u0159\u00edjna<\/strong><\/p>\n<p><strong>Mar\u0161\u00e1l se z\u00fa\u010dastnil setk\u00e1n\u00ed v Babic\u00edch, \u017burawici, Tyraw\u011b Wo\u0142osk\u00e9 a \u017eupn\u00edch sjezd\u016f v Ustrzyk\u00e1ch Doln\u00fdch a Lesku.<\/strong><\/p>\n<p><a href=\"https:\/\/marekkuchcinski.pl\/wp-content\/uploads\/2018\/11\/13.10-Nowe-Brusno-2-1.jpg\"><img loading=\"lazy\" decoding=\"async\" class=\"alignnone size-full wp-image-10878\" src=\"https:\/\/marekkuchcinski.pl\/wp-content\/uploads\/2018\/11\/13.10-Nowe-Brusno-2-1.jpg\" alt=\"13.10 Nowe Brusno 2\" width=\"2000\" height=\"1500\" srcset=\"https:\/\/marekkuchcinski.pl\/wp-content\/uploads\/2018\/11\/13.10-Nowe-Brusno-2-1.jpg 2000w, https:\/\/marekkuchcinski.pl\/wp-content\/uploads\/2018\/11\/13.10-Nowe-Brusno-2-1-300x225.jpg 300w, https:\/\/marekkuchcinski.pl\/wp-content\/uploads\/2018\/11\/13.10-Nowe-Brusno-2-1-768x576.jpg 768w, https:\/\/marekkuchcinski.pl\/wp-content\/uploads\/2018\/11\/13.10-Nowe-Brusno-2-1-1024x768.jpg 1024w\" sizes=\"(max-width: 2000px) 100vw, 2000px\" \/><\/a> <a href=\"https:\/\/marekkuchcinski.pl\/wp-content\/uploads\/2018\/11\/13.10-Nowe-Brusno-1-1.jpg\"><img loading=\"lazy\" decoding=\"async\" class=\"alignnone size-full wp-image-10879\" src=\"https:\/\/marekkuchcinski.pl\/wp-content\/uploads\/2018\/11\/13.10-Nowe-Brusno-1-1.jpg\" alt=\"13.10 Nowe Brusno 1\" width=\"2000\" height=\"1500\" srcset=\"https:\/\/marekkuchcinski.pl\/wp-content\/uploads\/2018\/11\/13.10-Nowe-Brusno-1-1.jpg 2000w, https:\/\/marekkuchcinski.pl\/wp-content\/uploads\/2018\/11\/13.10-Nowe-Brusno-1-1-300x225.jpg 300w, https:\/\/marekkuchcinski.pl\/wp-content\/uploads\/2018\/11\/13.10-Nowe-Brusno-1-1-768x576.jpg 768w, https:\/\/marekkuchcinski.pl\/wp-content\/uploads\/2018\/11\/13.10-Nowe-Brusno-1-1-1024x768.jpg 1024w\" sizes=\"(max-width: 2000px) 100vw, 2000px\" \/><\/a> <a href=\"https:\/\/marekkuchcinski.pl\/wp-content\/uploads\/2018\/11\/14.10-Lesko-5.jpg\"><img loading=\"lazy\" decoding=\"async\" class=\"alignnone size-full wp-image-10885\" src=\"https:\/\/marekkuchcinski.pl\/wp-content\/uploads\/2018\/11\/14.10-Lesko-5.jpg\" alt=\"14.10 Lesko 5\" width=\"4000\" height=\"3000\" srcset=\"https:\/\/marekkuchcinski.pl\/wp-content\/uploads\/2018\/11\/14.10-Lesko-5.jpg 2048w, https:\/\/marekkuchcinski.pl\/wp-content\/uploads\/2018\/11\/14.10-Lesko-5-300x225.jpg 300w, https:\/\/marekkuchcinski.pl\/wp-content\/uploads\/2018\/11\/14.10-Lesko-5-768x576.jpg 768w, https:\/\/marekkuchcinski.pl\/wp-content\/uploads\/2018\/11\/14.10-Lesko-5-1024x768.jpg 1024w\" sizes=\"(max-width: 4000px) 100vw, 4000px\" \/><\/a> <a href=\"https:\/\/marekkuchcinski.pl\/wp-content\/uploads\/2018\/11\/14.10-Lesko-4.jpg\"><img loading=\"lazy\" decoding=\"async\" class=\"alignnone size-full wp-image-10886\" src=\"https:\/\/marekkuchcinski.pl\/wp-content\/uploads\/2018\/11\/14.10-Lesko-4.jpg\" alt=\"14.10 Lesko 4\" width=\"4000\" height=\"3000\" srcset=\"https:\/\/marekkuchcinski.pl\/wp-content\/uploads\/2018\/11\/14.10-Lesko-4.jpg 2048w, https:\/\/marekkuchcinski.pl\/wp-content\/uploads\/2018\/11\/14.10-Lesko-4-300x225.jpg 300w, https:\/\/marekkuchcinski.pl\/wp-content\/uploads\/2018\/11\/14.10-Lesko-4-768x576.jpg 768w, https:\/\/marekkuchcinski.pl\/wp-content\/uploads\/2018\/11\/14.10-Lesko-4-1024x768.jpg 1024w\" sizes=\"(max-width: 4000px) 100vw, 4000px\" \/><\/a> <a href=\"https:\/\/marekkuchcinski.pl\/wp-content\/uploads\/2018\/11\/14.10-Lesko-3.jpg\"><img loading=\"lazy\" decoding=\"async\" class=\"alignnone size-full wp-image-10887\" src=\"https:\/\/marekkuchcinski.pl\/wp-content\/uploads\/2018\/11\/14.10-Lesko-3.jpg\" alt=\"14.10 Lesko 3\" width=\"2000\" height=\"1500\" srcset=\"https:\/\/marekkuchcinski.pl\/wp-content\/uploads\/2018\/11\/14.10-Lesko-3.jpg 2000w, https:\/\/marekkuchcinski.pl\/wp-content\/uploads\/2018\/11\/14.10-Lesko-3-300x225.jpg 300w, https:\/\/marekkuchcinski.pl\/wp-content\/uploads\/2018\/11\/14.10-Lesko-3-768x576.jpg 768w, https:\/\/marekkuchcinski.pl\/wp-content\/uploads\/2018\/11\/14.10-Lesko-3-1024x768.jpg 1024w\" sizes=\"(max-width: 2000px) 100vw, 2000px\" \/><\/a> <a href=\"https:\/\/marekkuchcinski.pl\/wp-content\/uploads\/2018\/11\/14.10-Lesko-2.jpg\"><img loading=\"lazy\" decoding=\"async\" class=\"alignnone size-full wp-image-10888\" src=\"https:\/\/marekkuchcinski.pl\/wp-content\/uploads\/2018\/11\/14.10-Lesko-2.jpg\" alt=\"14.10 Lesko 2\" width=\"2000\" height=\"1500\" srcset=\"https:\/\/marekkuchcinski.pl\/wp-content\/uploads\/2018\/11\/14.10-Lesko-2.jpg 2000w, https:\/\/marekkuchcinski.pl\/wp-content\/uploads\/2018\/11\/14.10-Lesko-2-300x225.jpg 300w, https:\/\/marekkuchcinski.pl\/wp-content\/uploads\/2018\/11\/14.10-Lesko-2-768x576.jpg 768w, https:\/\/marekkuchcinski.pl\/wp-content\/uploads\/2018\/11\/14.10-Lesko-2-1024x768.jpg 1024w\" sizes=\"(max-width: 2000px) 100vw, 2000px\" \/><\/a> <a href=\"https:\/\/marekkuchcinski.pl\/wp-content\/uploads\/2018\/11\/14.10-Lesko-1.jpg\"><img loading=\"lazy\" decoding=\"async\" class=\"alignnone size-full wp-image-10889\" src=\"https:\/\/marekkuchcinski.pl\/wp-content\/uploads\/2018\/11\/14.10-Lesko-1.jpg\" alt=\"14.10 Lesko 1\" width=\"2000\" height=\"1500\" srcset=\"https:\/\/marekkuchcinski.pl\/wp-content\/uploads\/2018\/11\/14.10-Lesko-1.jpg 2000w, https:\/\/marekkuchcinski.pl\/wp-content\/uploads\/2018\/11\/14.10-Lesko-1-300x225.jpg 300w, https:\/\/marekkuchcinski.pl\/wp-content\/uploads\/2018\/11\/14.10-Lesko-1-768x576.jpg 768w, https:\/\/marekkuchcinski.pl\/wp-content\/uploads\/2018\/11\/14.10-Lesko-1-1024x768.jpg 1024w\" sizes=\"(max-width: 2000px) 100vw, 2000px\" \/><\/a> <a href=\"https:\/\/marekkuchcinski.pl\/wp-content\/uploads\/2018\/11\/14.10-Ustrzyki-Dolne-3.jpg\"><img loading=\"lazy\" decoding=\"async\" class=\"alignnone size-full wp-image-10890\" src=\"https:\/\/marekkuchcinski.pl\/wp-content\/uploads\/2018\/11\/14.10-Ustrzyki-Dolne-3.jpg\" alt=\"14.10 Ustrzyki Dolne 3\" width=\"1589\" height=\"1835\" srcset=\"https:\/\/marekkuchcinski.pl\/wp-content\/uploads\/2018\/11\/14.10-Ustrzyki-Dolne-3.jpg 1589w, https:\/\/marekkuchcinski.pl\/wp-content\/uploads\/2018\/11\/14.10-Ustrzyki-Dolne-3-260x300.jpg 260w, https:\/\/marekkuchcinski.pl\/wp-content\/uploads\/2018\/11\/14.10-Ustrzyki-Dolne-3-768x887.jpg 768w, https:\/\/marekkuchcinski.pl\/wp-content\/uploads\/2018\/11\/14.10-Ustrzyki-Dolne-3-887x1024.jpg 887w\" sizes=\"(max-width: 1589px) 100vw, 1589px\" \/><\/a> <a href=\"https:\/\/marekkuchcinski.pl\/wp-content\/uploads\/2018\/11\/14.10-Ustrzyki-Dolne-2.jpg\"><img loading=\"lazy\" decoding=\"async\" class=\"alignnone size-full wp-image-10891\" src=\"https:\/\/marekkuchcinski.pl\/wp-content\/uploads\/2018\/11\/14.10-Ustrzyki-Dolne-2.jpg\" alt=\"14.10 Ustrzyki Dolne 2\" width=\"2000\" height=\"1500\" srcset=\"https:\/\/marekkuchcinski.pl\/wp-content\/uploads\/2018\/11\/14.10-Ustrzyki-Dolne-2.jpg 2000w, https:\/\/marekkuchcinski.pl\/wp-content\/uploads\/2018\/11\/14.10-Ustrzyki-Dolne-2-300x225.jpg 300w, https:\/\/marekkuchcinski.pl\/wp-content\/uploads\/2018\/11\/14.10-Ustrzyki-Dolne-2-768x576.jpg 768w, https:\/\/marekkuchcinski.pl\/wp-content\/uploads\/2018\/11\/14.10-Ustrzyki-Dolne-2-1024x768.jpg 1024w\" sizes=\"(max-width: 2000px) 100vw, 2000px\" \/><\/a> <a href=\"https:\/\/marekkuchcinski.pl\/wp-content\/uploads\/2018\/11\/14.10-Ustrzyki-Dolne-1.jpg\"><img loading=\"lazy\" decoding=\"async\" class=\"alignnone size-full wp-image-10892\" src=\"https:\/\/marekkuchcinski.pl\/wp-content\/uploads\/2018\/11\/14.10-Ustrzyki-Dolne-1.jpg\" alt=\"14.10 Ustrzyki Dolne 1\" width=\"2000\" height=\"1500\" srcset=\"https:\/\/marekkuchcinski.pl\/wp-content\/uploads\/2018\/11\/14.10-Ustrzyki-Dolne-1.jpg 2000w, https:\/\/marekkuchcinski.pl\/wp-content\/uploads\/2018\/11\/14.10-Ustrzyki-Dolne-1-300x225.jpg 300w, https:\/\/marekkuchcinski.pl\/wp-content\/uploads\/2018\/11\/14.10-Ustrzyki-Dolne-1-768x576.jpg 768w, https:\/\/marekkuchcinski.pl\/wp-content\/uploads\/2018\/11\/14.10-Ustrzyki-Dolne-1-1024x768.jpg 1024w\" sizes=\"(max-width: 2000px) 100vw, 2000px\" \/><\/a> <a href=\"https:\/\/marekkuchcinski.pl\/wp-content\/uploads\/2018\/11\/14.10-Tyrawa-Wo\u0142oska-4.jpg\"><img loading=\"lazy\" decoding=\"async\" class=\"alignnone size-full wp-image-10893\" src=\"https:\/\/marekkuchcinski.pl\/wp-content\/uploads\/2018\/11\/14.10-Tyrawa-Wo\u0142oska-4.jpg\" alt=\"14.10 Tyrawa Wo\u0142oska 4\" width=\"2000\" height=\"1500\" srcset=\"https:\/\/marekkuchcinski.pl\/wp-content\/uploads\/2018\/11\/14.10-Tyrawa-Wo\u0142oska-4.jpg 2000w, https:\/\/marekkuchcinski.pl\/wp-content\/uploads\/2018\/11\/14.10-Tyrawa-Wo\u0142oska-4-300x225.jpg 300w, https:\/\/marekkuchcinski.pl\/wp-content\/uploads\/2018\/11\/14.10-Tyrawa-Wo\u0142oska-4-768x576.jpg 768w, https:\/\/marekkuchcinski.pl\/wp-content\/uploads\/2018\/11\/14.10-Tyrawa-Wo\u0142oska-4-1024x768.jpg 1024w\" sizes=\"(max-width: 2000px) 100vw, 2000px\" \/><\/a> <a href=\"https:\/\/marekkuchcinski.pl\/wp-content\/uploads\/2018\/11\/14.10-Babice-2.jpg\"><img loading=\"lazy\" decoding=\"async\" class=\"alignnone size-full wp-image-10898\" src=\"https:\/\/marekkuchcinski.pl\/wp-content\/uploads\/2018\/11\/14.10-Babice-2.jpg\" alt=\"14.10 Babice 2\" width=\"2000\" height=\"1500\" srcset=\"https:\/\/marekkuchcinski.pl\/wp-content\/uploads\/2018\/11\/14.10-Babice-2.jpg 2000w, https:\/\/marekkuchcinski.pl\/wp-content\/uploads\/2018\/11\/14.10-Babice-2-300x225.jpg 300w, https:\/\/marekkuchcinski.pl\/wp-content\/uploads\/2018\/11\/14.10-Babice-2-768x576.jpg 768w, https:\/\/marekkuchcinski.pl\/wp-content\/uploads\/2018\/11\/14.10-Babice-2-1024x768.jpg 1024w\" sizes=\"(max-width: 2000px) 100vw, 2000px\" \/><\/a> <a href=\"https:\/\/marekkuchcinski.pl\/wp-content\/uploads\/2018\/11\/14.10-Babice-1.jpg\"><img loading=\"lazy\" decoding=\"async\" class=\"alignnone size-full wp-image-10899\" src=\"https:\/\/marekkuchcinski.pl\/wp-content\/uploads\/2018\/11\/14.10-Babice-1.jpg\" alt=\"14.10 Babice 1\" width=\"2000\" height=\"1500\" srcset=\"https:\/\/marekkuchcinski.pl\/wp-content\/uploads\/2018\/11\/14.10-Babice-1.jpg 2000w, https:\/\/marekkuchcinski.pl\/wp-content\/uploads\/2018\/11\/14.10-Babice-1-300x225.jpg 300w, https:\/\/marekkuchcinski.pl\/wp-content\/uploads\/2018\/11\/14.10-Babice-1-768x576.jpg 768w, https:\/\/marekkuchcinski.pl\/wp-content\/uploads\/2018\/11\/14.10-Babice-1-1024x768.jpg 1024w\" sizes=\"(max-width: 2000px) 100vw, 2000px\" \/><\/a><\/p>\n<p><strong>16. \u0159\u00edjna<\/strong><\/p>\n<p><strong>Marek Kuchci\u0144ski se z\u00fa\u010dastnil setk\u00e1n\u00ed ve Valav\u011b a Przemy\u015blu.<\/strong><\/p>\n<p>- Da\u0159\u00ed se n\u00e1m v mnoha oblastech. Na\u0161e aktivity p\u0159in\u00e1\u0161ej\u00ed dobr\u00e9 v\u00fdsledky, a proto se m\u016f\u017eeme rozhodnout pro je\u0161t\u011b v\u011bt\u0161\u00ed podporu, a to i ze strany m\u00edstn\u00edch org\u00e1n\u016f.<br \/>\nKlademe velk\u00fd d\u016fraz na rozvoj vysoko\u0161kolsk\u00e9ho vzd\u011bl\u00e1v\u00e1n\u00ed. Chceme podpo\u0159it m\u00edstn\u00ed samospr\u00e1vy mimo jin\u00e9 prost\u0159ednictv\u00edm silni\u010dn\u00edho fondu, co\u017e je rozs\u00e1hl\u00fd program. Navrhujeme usnadnit vyu\u017eit\u00ed t\u011bchto pen\u011bz. Dal\u0161\u00ed pomoc\u00ed je program termomodernizace - argumentoval Marek Kuchci\u0144ski.<\/p>\n<p><a href=\"https:\/\/marekkuchcinski.pl\/wp-content\/uploads\/2018\/11\/16.10-Przemy\u015bl-3.jpg\"><img loading=\"lazy\" decoding=\"async\" class=\"alignnone size-full wp-image-10902\" src=\"https:\/\/marekkuchcinski.pl\/wp-content\/uploads\/2018\/11\/16.10-Przemy\u015bl-3.jpg\" alt=\"16.10 Przemy\u015bl 3\" width=\"2000\" height=\"1500\" srcset=\"https:\/\/marekkuchcinski.pl\/wp-content\/uploads\/2018\/11\/16.10-Przemy\u015bl-3.jpg 2000w, https:\/\/marekkuchcinski.pl\/wp-content\/uploads\/2018\/11\/16.10-Przemy\u015bl-3-300x225.jpg 300w, https:\/\/marekkuchcinski.pl\/wp-content\/uploads\/2018\/11\/16.10-Przemy\u015bl-3-768x576.jpg 768w, https:\/\/marekkuchcinski.pl\/wp-content\/uploads\/2018\/11\/16.10-Przemy\u015bl-3-1024x768.jpg 1024w\" sizes=\"(max-width: 2000px) 100vw, 2000px\" \/><\/a> <a href=\"https:\/\/marekkuchcinski.pl\/wp-content\/uploads\/2018\/11\/16.10-Przemy\u015bl-1.jpg\"><img loading=\"lazy\" decoding=\"async\" class=\"alignnone size-full wp-image-10904\" src=\"https:\/\/marekkuchcinski.pl\/wp-content\/uploads\/2018\/11\/16.10-Przemy\u015bl-1.jpg\" alt=\"16.10 Przemy\u015bl 1\" width=\"2762\" height=\"2971\" srcset=\"https:\/\/marekkuchcinski.pl\/wp-content\/uploads\/2018\/11\/16.10-Przemy\u015bl-1.jpg 1904w, https:\/\/marekkuchcinski.pl\/wp-content\/uploads\/2018\/11\/16.10-Przemy\u015bl-1-279x300.jpg 279w, https:\/\/marekkuchcinski.pl\/wp-content\/uploads\/2018\/11\/16.10-Przemy\u015bl-1-768x826.jpg 768w, https:\/\/marekkuchcinski.pl\/wp-content\/uploads\/2018\/11\/16.10-Przemy\u015bl-1-952x1024.jpg 952w\" sizes=\"(max-width: 2762px) 100vw, 2762px\" \/><\/a> <a href=\"https:\/\/marekkuchcinski.pl\/wp-content\/uploads\/2018\/11\/16.10-Walawa-3.jpg\"><img loading=\"lazy\" decoding=\"async\" class=\"alignnone size-full wp-image-10906\" src=\"https:\/\/marekkuchcinski.pl\/wp-content\/uploads\/2018\/11\/16.10-Walawa-3.jpg\" alt=\"16.10 Walawa 3\" width=\"2000\" height=\"1500\" srcset=\"https:\/\/marekkuchcinski.pl\/wp-content\/uploads\/2018\/11\/16.10-Walawa-3.jpg 2000w, https:\/\/marekkuchcinski.pl\/wp-content\/uploads\/2018\/11\/16.10-Walawa-3-300x225.jpg 300w, https:\/\/marekkuchcinski.pl\/wp-content\/uploads\/2018\/11\/16.10-Walawa-3-768x576.jpg 768w, https:\/\/marekkuchcinski.pl\/wp-content\/uploads\/2018\/11\/16.10-Walawa-3-1024x768.jpg 1024w\" sizes=\"(max-width: 2000px) 100vw, 2000px\" \/><\/a><\/p>\n<p><strong>17. \u0159\u00edjna<\/strong><\/p>\n<p><strong>Tiskov\u00e1 konference se konala na okresn\u00edm hejtmanstv\u00ed v Kolbuszow\u00e9.<\/strong> o investic\u00edch v okrese Kolbuszowa, kter\u00e9ho se z\u00fa\u010dastnil p\u0159edseda Sejmu. Setkal se tak\u00e9 s obyvateli Radomy\u0161le nad Sanem a Z\u00e1le\u0161an, kde polo\u017eil kv\u011btiny k pam\u00e1tn\u00edku zavra\u017ed\u011bn\u00fdm na v\u00fdchod\u011b a ob\u011btem smolensk\u00e9 katastrofy a k pam\u00e1tn\u00edku horn\u00edk\u016fm zabit\u00fdm b\u011bhem stann\u00e9ho pr\u00e1va. Mar\u0161\u00e1l se tak\u00e9 z\u00fa\u010dastnil setk\u00e1n\u00ed v Bojanov\u011b a Ulan\u00f3w\u011b.<\/p>\n<p><a href=\"https:\/\/marekkuchcinski.pl\/wp-content\/uploads\/2018\/11\/17.10-Ulan\u00f3w-2.jpg\"><img loading=\"lazy\" decoding=\"async\" class=\"alignnone size-full wp-image-10911\" src=\"https:\/\/marekkuchcinski.pl\/wp-content\/uploads\/2018\/11\/17.10-Ulan\u00f3w-2.jpg\" alt=\"17.10 Ulan\u00f3w 2\" width=\"2000\" height=\"1500\" srcset=\"https:\/\/marekkuchcinski.pl\/wp-content\/uploads\/2018\/11\/17.10-Ulan\u00f3w-2.jpg 2000w, https:\/\/marekkuchcinski.pl\/wp-content\/uploads\/2018\/11\/17.10-Ulan\u00f3w-2-300x225.jpg 300w, https:\/\/marekkuchcinski.pl\/wp-content\/uploads\/2018\/11\/17.10-Ulan\u00f3w-2-768x576.jpg 768w, https:\/\/marekkuchcinski.pl\/wp-content\/uploads\/2018\/11\/17.10-Ulan\u00f3w-2-1024x768.jpg 1024w\" sizes=\"(max-width: 2000px) 100vw, 2000px\" \/><\/a> <a href=\"https:\/\/marekkuchcinski.pl\/wp-content\/uploads\/2018\/11\/17.10-Ulan\u00f3w-1.jpg\"><img loading=\"lazy\" decoding=\"async\" class=\"alignnone size-full wp-image-10912\" src=\"https:\/\/marekkuchcinski.pl\/wp-content\/uploads\/2018\/11\/17.10-Ulan\u00f3w-1.jpg\" alt=\"17.10 Ulan\u00f3w 1\" width=\"2000\" height=\"1500\" srcset=\"https:\/\/marekkuchcinski.pl\/wp-content\/uploads\/2018\/11\/17.10-Ulan\u00f3w-1.jpg 2000w, https:\/\/marekkuchcinski.pl\/wp-content\/uploads\/2018\/11\/17.10-Ulan\u00f3w-1-300x225.jpg 300w, https:\/\/marekkuchcinski.pl\/wp-content\/uploads\/2018\/11\/17.10-Ulan\u00f3w-1-768x576.jpg 768w, https:\/\/marekkuchcinski.pl\/wp-content\/uploads\/2018\/11\/17.10-Ulan\u00f3w-1-1024x768.jpg 1024w\" sizes=\"(max-width: 2000px) 100vw, 2000px\" \/><\/a> <a href=\"https:\/\/marekkuchcinski.pl\/wp-content\/uploads\/2018\/11\/17.10-Bojan\u00f3w-4.jpg\"><img loading=\"lazy\" decoding=\"async\" class=\"alignnone size-full wp-image-10913\" src=\"https:\/\/marekkuchcinski.pl\/wp-content\/uploads\/2018\/11\/17.10-Bojan\u00f3w-4.jpg\" alt=\"17.10 Bojan\u00f3w 4\" width=\"1500\" height=\"2000\" srcset=\"https:\/\/marekkuchcinski.pl\/wp-content\/uploads\/2018\/11\/17.10-Bojan\u00f3w-4.jpg 1500w, https:\/\/marekkuchcinski.pl\/wp-content\/uploads\/2018\/11\/17.10-Bojan\u00f3w-4-225x300.jpg 225w, https:\/\/marekkuchcinski.pl\/wp-content\/uploads\/2018\/11\/17.10-Bojan\u00f3w-4-768x1024.jpg 768w\" sizes=\"(max-width: 1500px) 100vw, 1500px\" \/><\/a> <a href=\"https:\/\/marekkuchcinski.pl\/wp-content\/uploads\/2018\/11\/17.10-Bojan\u00f3w-1.jpg\"><img loading=\"lazy\" decoding=\"async\" class=\"alignnone size-full wp-image-10916\" src=\"https:\/\/marekkuchcinski.pl\/wp-content\/uploads\/2018\/11\/17.10-Bojan\u00f3w-1.jpg\" alt=\"17.10 Bojan\u00f3w 1\" width=\"2000\" height=\"1500\" srcset=\"https:\/\/marekkuchcinski.pl\/wp-content\/uploads\/2018\/11\/17.10-Bojan\u00f3w-1.jpg 2000w, https:\/\/marekkuchcinski.pl\/wp-content\/uploads\/2018\/11\/17.10-Bojan\u00f3w-1-300x225.jpg 300w, https:\/\/marekkuchcinski.pl\/wp-content\/uploads\/2018\/11\/17.10-Bojan\u00f3w-1-768x576.jpg 768w, https:\/\/marekkuchcinski.pl\/wp-content\/uploads\/2018\/11\/17.10-Bojan\u00f3w-1-1024x768.jpg 1024w\" sizes=\"(max-width: 2000px) 100vw, 2000px\" \/><\/a> <a href=\"https:\/\/marekkuchcinski.pl\/wp-content\/uploads\/2018\/11\/17.10-Zaleszany-5.jpg\"><img loading=\"lazy\" decoding=\"async\" class=\"alignnone size-full wp-image-10917\" src=\"https:\/\/marekkuchcinski.pl\/wp-content\/uploads\/2018\/11\/17.10-Zaleszany-5.jpg\" alt=\"17.10 Zaleszany 5\" width=\"2000\" height=\"1500\" srcset=\"https:\/\/marekkuchcinski.pl\/wp-content\/uploads\/2018\/11\/17.10-Zaleszany-5.jpg 2000w, https:\/\/marekkuchcinski.pl\/wp-content\/uploads\/2018\/11\/17.10-Zaleszany-5-300x225.jpg 300w, https:\/\/marekkuchcinski.pl\/wp-content\/uploads\/2018\/11\/17.10-Zaleszany-5-768x576.jpg 768w, https:\/\/marekkuchcinski.pl\/wp-content\/uploads\/2018\/11\/17.10-Zaleszany-5-1024x768.jpg 1024w\" sizes=\"(max-width: 2000px) 100vw, 2000px\" \/><\/a> <a href=\"https:\/\/marekkuchcinski.pl\/wp-content\/uploads\/2018\/11\/17.10-Zaleszany-3.jpg\"><img loading=\"lazy\" decoding=\"async\" class=\"alignnone size-full wp-image-10919\" src=\"https:\/\/marekkuchcinski.pl\/wp-content\/uploads\/2018\/11\/17.10-Zaleszany-3.jpg\" alt=\"17.10 Zaleszany 3\" width=\"960\" height=\"540\" srcset=\"https:\/\/marekkuchcinski.pl\/wp-content\/uploads\/2018\/11\/17.10-Zaleszany-3.jpg 960w, https:\/\/marekkuchcinski.pl\/wp-content\/uploads\/2018\/11\/17.10-Zaleszany-3-300x169.jpg 300w, https:\/\/marekkuchcinski.pl\/wp-content\/uploads\/2018\/11\/17.10-Zaleszany-3-768x432.jpg 768w\" sizes=\"(max-width: 960px) 100vw, 960px\" \/><\/a> <a href=\"https:\/\/marekkuchcinski.pl\/wp-content\/uploads\/2018\/11\/17.10-Zaleszany-1.jpg\"><img loading=\"lazy\" decoding=\"async\" class=\"alignnone size-full wp-image-10921\" src=\"https:\/\/marekkuchcinski.pl\/wp-content\/uploads\/2018\/11\/17.10-Zaleszany-1.jpg\" alt=\"17.10 Zaleszany 1\" width=\"3612\" height=\"2032\" srcset=\"https:\/\/marekkuchcinski.pl\/wp-content\/uploads\/2018\/11\/17.10-Zaleszany-1.jpg 2048w, https:\/\/marekkuchcinski.pl\/wp-content\/uploads\/2018\/11\/17.10-Zaleszany-1-300x169.jpg 300w, https:\/\/marekkuchcinski.pl\/wp-content\/uploads\/2018\/11\/17.10-Zaleszany-1-768x432.jpg 768w, https:\/\/marekkuchcinski.pl\/wp-content\/uploads\/2018\/11\/17.10-Zaleszany-1-1024x576.jpg 1024w\" sizes=\"(max-width: 3612px) 100vw, 3612px\" \/><\/a> <a href=\"https:\/\/marekkuchcinski.pl\/wp-content\/uploads\/2018\/11\/17.10-Radomy\u015bl-nad-Sanem-1.jpg\"><img loading=\"lazy\" decoding=\"async\" class=\"alignnone size-full wp-image-10923\" src=\"https:\/\/marekkuchcinski.pl\/wp-content\/uploads\/2018\/11\/17.10-Radomy\u015bl-nad-Sanem-1.jpg\" alt=\"17.10 Radomy\u015bl nad Sanem 1\" width=\"1325\" height=\"1863\" srcset=\"https:\/\/marekkuchcinski.pl\/wp-content\/uploads\/2018\/11\/17.10-Radomy\u015bl-nad-Sanem-1.jpg 1325w, https:\/\/marekkuchcinski.pl\/wp-content\/uploads\/2018\/11\/17.10-Radomy\u015bl-nad-Sanem-1-213x300.jpg 213w, https:\/\/marekkuchcinski.pl\/wp-content\/uploads\/2018\/11\/17.10-Radomy\u015bl-nad-Sanem-1-768x1080.jpg 768w, https:\/\/marekkuchcinski.pl\/wp-content\/uploads\/2018\/11\/17.10-Radomy\u015bl-nad-Sanem-1-728x1024.jpg 728w\" sizes=\"(max-width: 1325px) 100vw, 1325px\" \/><\/a><\/p>\n<p><strong>18. \u0159\u00edjna <\/strong><\/p>\n<p><strong>V Medyce se p\u0159edseda Sejmu setkal mj. se spolky venkovsk\u00fdch hospody\u0148 a hasi\u010di OSP, z\u00fa\u010dastnil se volebn\u00edho sjezdu Wojciecha Buczaka.<\/strong> - kandid\u00e1ta na prezidenta m\u011bsta Rzesz\u00f3w a setkal se s obyvateli Domaradz a Przeworska.<\/p>\n<p><a href=\"https:\/\/marekkuchcinski.pl\/wp-content\/uploads\/2018\/11\/18.10-Przeworsk-5-1.jpg\"><img loading=\"lazy\" decoding=\"async\" class=\"alignnone size-full wp-image-11017\" src=\"https:\/\/marekkuchcinski.pl\/wp-content\/uploads\/2018\/11\/18.10-Przeworsk-5-1.jpg\" alt=\"18.10 Przeworsk 5\" width=\"1488\" height=\"2000\" srcset=\"https:\/\/marekkuchcinski.pl\/wp-content\/uploads\/2018\/11\/18.10-Przeworsk-5-1.jpg 1488w, https:\/\/marekkuchcinski.pl\/wp-content\/uploads\/2018\/11\/18.10-Przeworsk-5-1-223x300.jpg 223w, https:\/\/marekkuchcinski.pl\/wp-content\/uploads\/2018\/11\/18.10-Przeworsk-5-1-768x1032.jpg 768w, https:\/\/marekkuchcinski.pl\/wp-content\/uploads\/2018\/11\/18.10-Przeworsk-5-1-762x1024.jpg 762w\" sizes=\"(max-width: 1488px) 100vw, 1488px\" \/><\/a> <a href=\"https:\/\/marekkuchcinski.pl\/wp-content\/uploads\/2018\/11\/18.10-Przeworsk-4-1.jpg\"><img loading=\"lazy\" decoding=\"async\" class=\"alignnone size-full wp-image-11018\" src=\"https:\/\/marekkuchcinski.pl\/wp-content\/uploads\/2018\/11\/18.10-Przeworsk-4-1.jpg\" alt=\"18.10 Przeworsk 4\" width=\"2000\" height=\"1500\" srcset=\"https:\/\/marekkuchcinski.pl\/wp-content\/uploads\/2018\/11\/18.10-Przeworsk-4-1.jpg 2000w, https:\/\/marekkuchcinski.pl\/wp-content\/uploads\/2018\/11\/18.10-Przeworsk-4-1-300x225.jpg 300w, https:\/\/marekkuchcinski.pl\/wp-content\/uploads\/2018\/11\/18.10-Przeworsk-4-1-768x576.jpg 768w, https:\/\/marekkuchcinski.pl\/wp-content\/uploads\/2018\/11\/18.10-Przeworsk-4-1-1024x768.jpg 1024w\" sizes=\"(max-width: 2000px) 100vw, 2000px\" \/><\/a> <a href=\"https:\/\/marekkuchcinski.pl\/wp-content\/uploads\/2018\/11\/18.10-Przeworsk-3-1.jpg\"><img loading=\"lazy\" decoding=\"async\" class=\"alignnone size-full wp-image-11019\" src=\"https:\/\/marekkuchcinski.pl\/wp-content\/uploads\/2018\/11\/18.10-Przeworsk-3-1.jpg\" alt=\"18.10 Przeworsk 3\" width=\"2000\" height=\"1500\" srcset=\"https:\/\/marekkuchcinski.pl\/wp-content\/uploads\/2018\/11\/18.10-Przeworsk-3-1.jpg 2000w, https:\/\/marekkuchcinski.pl\/wp-content\/uploads\/2018\/11\/18.10-Przeworsk-3-1-300x225.jpg 300w, https:\/\/marekkuchcinski.pl\/wp-content\/uploads\/2018\/11\/18.10-Przeworsk-3-1-768x576.jpg 768w, https:\/\/marekkuchcinski.pl\/wp-content\/uploads\/2018\/11\/18.10-Przeworsk-3-1-1024x768.jpg 1024w\" sizes=\"(max-width: 2000px) 100vw, 2000px\" \/><\/a> <a href=\"https:\/\/marekkuchcinski.pl\/wp-content\/uploads\/2018\/11\/18.10-Przeworsk-2-1.jpg\"><img loading=\"lazy\" decoding=\"async\" class=\"alignnone size-full wp-image-11020\" src=\"https:\/\/marekkuchcinski.pl\/wp-content\/uploads\/2018\/11\/18.10-Przeworsk-2-1.jpg\" alt=\"18.10 Przeworsk 2\" width=\"2000\" height=\"1500\" srcset=\"https:\/\/marekkuchcinski.pl\/wp-content\/uploads\/2018\/11\/18.10-Przeworsk-2-1.jpg 2000w, https:\/\/marekkuchcinski.pl\/wp-content\/uploads\/2018\/11\/18.10-Przeworsk-2-1-300x225.jpg 300w, https:\/\/marekkuchcinski.pl\/wp-content\/uploads\/2018\/11\/18.10-Przeworsk-2-1-768x576.jpg 768w, https:\/\/marekkuchcinski.pl\/wp-content\/uploads\/2018\/11\/18.10-Przeworsk-2-1-1024x768.jpg 1024w\" sizes=\"(max-width: 2000px) 100vw, 2000px\" \/><\/a> <a href=\"https:\/\/marekkuchcinski.pl\/wp-content\/uploads\/2018\/11\/18.10-Domaradz-3-1.jpg\"><img loading=\"lazy\" decoding=\"async\" class=\"alignnone size-full wp-image-11021\" src=\"https:\/\/marekkuchcinski.pl\/wp-content\/uploads\/2018\/11\/18.10-Domaradz-3-1.jpg\" alt=\"18.10 Domaradz 3\" width=\"2000\" height=\"1500\" srcset=\"https:\/\/marekkuchcinski.pl\/wp-content\/uploads\/2018\/11\/18.10-Domaradz-3-1.jpg 2000w, https:\/\/marekkuchcinski.pl\/wp-content\/uploads\/2018\/11\/18.10-Domaradz-3-1-300x225.jpg 300w, https:\/\/marekkuchcinski.pl\/wp-content\/uploads\/2018\/11\/18.10-Domaradz-3-1-768x576.jpg 768w, https:\/\/marekkuchcinski.pl\/wp-content\/uploads\/2018\/11\/18.10-Domaradz-3-1-1024x768.jpg 1024w\" sizes=\"(max-width: 2000px) 100vw, 2000px\" \/><\/a> <a href=\"https:\/\/marekkuchcinski.pl\/wp-content\/uploads\/2018\/11\/18.10-Domaradz-1-1.jpg\"><img loading=\"lazy\" decoding=\"async\" class=\"alignnone size-full wp-image-11023\" src=\"https:\/\/marekkuchcinski.pl\/wp-content\/uploads\/2018\/11\/18.10-Domaradz-1-1.jpg\" alt=\"18.10 Domaradz 1\" width=\"2000\" height=\"1500\" srcset=\"https:\/\/marekkuchcinski.pl\/wp-content\/uploads\/2018\/11\/18.10-Domaradz-1-1.jpg 2000w, https:\/\/marekkuchcinski.pl\/wp-content\/uploads\/2018\/11\/18.10-Domaradz-1-1-300x225.jpg 300w, https:\/\/marekkuchcinski.pl\/wp-content\/uploads\/2018\/11\/18.10-Domaradz-1-1-768x576.jpg 768w, https:\/\/marekkuchcinski.pl\/wp-content\/uploads\/2018\/11\/18.10-Domaradz-1-1-1024x768.jpg 1024w\" sizes=\"(max-width: 2000px) 100vw, 2000px\" \/><\/a> <a href=\"https:\/\/marekkuchcinski.pl\/wp-content\/uploads\/2018\/11\/18.10-Rzesz\u00f3w-4-1.jpg\"><img loading=\"lazy\" decoding=\"async\" class=\"alignnone size-full wp-image-11024\" src=\"https:\/\/marekkuchcinski.pl\/wp-content\/uploads\/2018\/11\/18.10-Rzesz\u00f3w-4-1.jpg\" alt=\"18.10 Rzesz\u00f3w 4\" width=\"2000\" height=\"1500\" srcset=\"https:\/\/marekkuchcinski.pl\/wp-content\/uploads\/2018\/11\/18.10-Rzesz\u00f3w-4-1.jpg 2000w, https:\/\/marekkuchcinski.pl\/wp-content\/uploads\/2018\/11\/18.10-Rzesz\u00f3w-4-1-300x225.jpg 300w, https:\/\/marekkuchcinski.pl\/wp-content\/uploads\/2018\/11\/18.10-Rzesz\u00f3w-4-1-768x576.jpg 768w, https:\/\/marekkuchcinski.pl\/wp-content\/uploads\/2018\/11\/18.10-Rzesz\u00f3w-4-1-1024x768.jpg 1024w\" sizes=\"(max-width: 2000px) 100vw, 2000px\" \/><\/a> <a href=\"https:\/\/marekkuchcinski.pl\/wp-content\/uploads\/2018\/11\/18.10-Rzesz\u00f3w-3-1.jpg\"><img loading=\"lazy\" decoding=\"async\" class=\"alignnone size-full wp-image-11025\" src=\"https:\/\/marekkuchcinski.pl\/wp-content\/uploads\/2018\/11\/18.10-Rzesz\u00f3w-3-1.jpg\" alt=\"18.10 Rzesz\u00f3w 3\" width=\"2000\" height=\"1500\" srcset=\"https:\/\/marekkuchcinski.pl\/wp-content\/uploads\/2018\/11\/18.10-Rzesz\u00f3w-3-1.jpg 2000w, https:\/\/marekkuchcinski.pl\/wp-content\/uploads\/2018\/11\/18.10-Rzesz\u00f3w-3-1-300x225.jpg 300w, https:\/\/marekkuchcinski.pl\/wp-content\/uploads\/2018\/11\/18.10-Rzesz\u00f3w-3-1-768x576.jpg 768w, https:\/\/marekkuchcinski.pl\/wp-content\/uploads\/2018\/11\/18.10-Rzesz\u00f3w-3-1-1024x768.jpg 1024w\" sizes=\"(max-width: 2000px) 100vw, 2000px\" \/><\/a> <a href=\"https:\/\/marekkuchcinski.pl\/wp-content\/uploads\/2018\/11\/18.10-Rzesz\u00f3w-1-1.jpg\"><img loading=\"lazy\" decoding=\"async\" class=\"alignnone size-full wp-image-11027\" src=\"https:\/\/marekkuchcinski.pl\/wp-content\/uploads\/2018\/11\/18.10-Rzesz\u00f3w-1-1.jpg\" alt=\"18.10 Rzesz\u00f3w 1\" width=\"2000\" height=\"1500\" srcset=\"https:\/\/marekkuchcinski.pl\/wp-content\/uploads\/2018\/11\/18.10-Rzesz\u00f3w-1-1.jpg 2000w, https:\/\/marekkuchcinski.pl\/wp-content\/uploads\/2018\/11\/18.10-Rzesz\u00f3w-1-1-300x225.jpg 300w, https:\/\/marekkuchcinski.pl\/wp-content\/uploads\/2018\/11\/18.10-Rzesz\u00f3w-1-1-768x576.jpg 768w, https:\/\/marekkuchcinski.pl\/wp-content\/uploads\/2018\/11\/18.10-Rzesz\u00f3w-1-1-1024x768.jpg 1024w\" sizes=\"(max-width: 2000px) 100vw, 2000px\" \/><\/a> <a href=\"https:\/\/marekkuchcinski.pl\/wp-content\/uploads\/2018\/11\/18.10-Medyka-7-1.jpg\"><img loading=\"lazy\" decoding=\"async\" class=\"alignnone size-full wp-image-11028\" src=\"https:\/\/marekkuchcinski.pl\/wp-content\/uploads\/2018\/11\/18.10-Medyka-7-1.jpg\" alt=\"18.10 Medyka 7\" width=\"2000\" height=\"1500\" srcset=\"https:\/\/marekkuchcinski.pl\/wp-content\/uploads\/2018\/11\/18.10-Medyka-7-1.jpg 2000w, https:\/\/marekkuchcinski.pl\/wp-content\/uploads\/2018\/11\/18.10-Medyka-7-1-300x225.jpg 300w, https:\/\/marekkuchcinski.pl\/wp-content\/uploads\/2018\/11\/18.10-Medyka-7-1-768x576.jpg 768w, https:\/\/marekkuchcinski.pl\/wp-content\/uploads\/2018\/11\/18.10-Medyka-7-1-1024x768.jpg 1024w\" sizes=\"(max-width: 2000px) 100vw, 2000px\" \/><\/a> <a href=\"https:\/\/marekkuchcinski.pl\/wp-content\/uploads\/2018\/11\/18.10-Medyka-4-1.jpg\"><img loading=\"lazy\" decoding=\"async\" class=\"alignnone size-full wp-image-11030\" src=\"https:\/\/marekkuchcinski.pl\/wp-content\/uploads\/2018\/11\/18.10-Medyka-4-1.jpg\" alt=\"18.10 Medyka 4\" width=\"1905\" height=\"1850\" srcset=\"https:\/\/marekkuchcinski.pl\/wp-content\/uploads\/2018\/11\/18.10-Medyka-4-1.jpg 1905w, https:\/\/marekkuchcinski.pl\/wp-content\/uploads\/2018\/11\/18.10-Medyka-4-1-300x291.jpg 300w, https:\/\/marekkuchcinski.pl\/wp-content\/uploads\/2018\/11\/18.10-Medyka-4-1-768x746.jpg 768w, https:\/\/marekkuchcinski.pl\/wp-content\/uploads\/2018\/11\/18.10-Medyka-4-1-1024x994.jpg 1024w\" sizes=\"(max-width: 1905px) 100vw, 1905px\" \/><\/a> <a href=\"https:\/\/marekkuchcinski.pl\/wp-content\/uploads\/2018\/11\/18.10-Medyka-6-1.jpg\"><img loading=\"lazy\" decoding=\"async\" class=\"alignnone size-full wp-image-11031\" src=\"https:\/\/marekkuchcinski.pl\/wp-content\/uploads\/2018\/11\/18.10-Medyka-6-1.jpg\" alt=\"18.10 Medyka 6\" width=\"1918\" height=\"1225\" srcset=\"https:\/\/marekkuchcinski.pl\/wp-content\/uploads\/2018\/11\/18.10-Medyka-6-1.jpg 1918w, https:\/\/marekkuchcinski.pl\/wp-content\/uploads\/2018\/11\/18.10-Medyka-6-1-300x192.jpg 300w, https:\/\/marekkuchcinski.pl\/wp-content\/uploads\/2018\/11\/18.10-Medyka-6-1-768x491.jpg 768w, https:\/\/marekkuchcinski.pl\/wp-content\/uploads\/2018\/11\/18.10-Medyka-6-1-1024x654.jpg 1024w\" sizes=\"(max-width: 1918px) 100vw, 1918px\" \/><\/a> <a href=\"https:\/\/marekkuchcinski.pl\/wp-content\/uploads\/2018\/11\/18.10-Medyka-3-1.jpg\"><img loading=\"lazy\" decoding=\"async\" class=\"alignnone size-full wp-image-11032\" src=\"https:\/\/marekkuchcinski.pl\/wp-content\/uploads\/2018\/11\/18.10-Medyka-3-1.jpg\" alt=\"18.10 Medyka 3\" width=\"2000\" height=\"1500\" srcset=\"https:\/\/marekkuchcinski.pl\/wp-content\/uploads\/2018\/11\/18.10-Medyka-3-1.jpg 2000w, https:\/\/marekkuchcinski.pl\/wp-content\/uploads\/2018\/11\/18.10-Medyka-3-1-300x225.jpg 300w, https:\/\/marekkuchcinski.pl\/wp-content\/uploads\/2018\/11\/18.10-Medyka-3-1-768x576.jpg 768w, https:\/\/marekkuchcinski.pl\/wp-content\/uploads\/2018\/11\/18.10-Medyka-3-1-1024x768.jpg 1024w\" sizes=\"(max-width: 2000px) 100vw, 2000px\" \/><\/a> <a href=\"https:\/\/marekkuchcinski.pl\/wp-content\/uploads\/2018\/11\/18.10-Medyka-2-1.jpg\"><img loading=\"lazy\" decoding=\"async\" class=\"alignnone size-full wp-image-11033\" src=\"https:\/\/marekkuchcinski.pl\/wp-content\/uploads\/2018\/11\/18.10-Medyka-2-1.jpg\" alt=\"18.10 Medyka 2\" width=\"1948\" height=\"1500\" srcset=\"https:\/\/marekkuchcinski.pl\/wp-content\/uploads\/2018\/11\/18.10-Medyka-2-1.jpg 1948w, https:\/\/marekkuchcinski.pl\/wp-content\/uploads\/2018\/11\/18.10-Medyka-2-1-300x231.jpg 300w, https:\/\/marekkuchcinski.pl\/wp-content\/uploads\/2018\/11\/18.10-Medyka-2-1-768x591.jpg 768w, https:\/\/marekkuchcinski.pl\/wp-content\/uploads\/2018\/11\/18.10-Medyka-2-1-1024x789.jpg 1024w\" sizes=\"(max-width: 1948px) 100vw, 1948px\" \/><\/a><\/p>\n<p><strong>19. \u0159\u00edjna <\/strong><\/p>\n<p><strong>Spolu s m\u00edstop\u0159edsedou vl\u00e1dy Piotrem Gli\u0144sk\u00fdm se mar\u0161\u00e1l vydal do Kalwarie Pac\u0142awsk\u00e9. N\u00e1sledovalo setk\u00e1n\u00ed v Przemy\u015blu,<\/strong> B\u011bhem setk\u00e1n\u00ed ministr ozn\u00e1mil, \u017ee Rada pro ochranu pam\u00e1tek p\u0159ijala usnesen\u00ed, kter\u00fdm dvojn\u00e1sobn\u011b ocenila Przemy\u015bl a z\u0159\u00eddila dal\u0161\u00ed dv\u011b Pam\u00e1tky historie: Przemy\u0161lskou pevnost a urbanistick\u00fd komplex Star\u00e9ho m\u011bsta m\u011bsta Przemy\u0161l. Dal\u0161\u00edm bodem programu bylo sympozium spojen\u00e9 s pracemi na zp\u0159\u00edstupn\u011bn\u00ed historick\u00e9 rotundy svat\u00e9ho Mikul\u00e1\u0161e v arcikathedr\u00e1ln\u00ed bazilice v Przemy\u015blu.<\/p>\n<p><a href=\"https:\/\/marekkuchcinski.pl\/wp-content\/uploads\/2018\/11\/19.10-Przemy\u015bl-11.jpg\"><img loading=\"lazy\" decoding=\"async\" class=\"alignnone size-full wp-image-11037\" src=\"https:\/\/marekkuchcinski.pl\/wp-content\/uploads\/2018\/11\/19.10-Przemy\u015bl-11.jpg\" alt=\"19.10 Przemy\u015bl 11\" width=\"2000\" height=\"1500\" srcset=\"https:\/\/marekkuchcinski.pl\/wp-content\/uploads\/2018\/11\/19.10-Przemy\u015bl-11.jpg 2000w, https:\/\/marekkuchcinski.pl\/wp-content\/uploads\/2018\/11\/19.10-Przemy\u015bl-11-300x225.jpg 300w, https:\/\/marekkuchcinski.pl\/wp-content\/uploads\/2018\/11\/19.10-Przemy\u015bl-11-768x576.jpg 768w, https:\/\/marekkuchcinski.pl\/wp-content\/uploads\/2018\/11\/19.10-Przemy\u015bl-11-1024x768.jpg 1024w\" sizes=\"(max-width: 2000px) 100vw, 2000px\" \/><\/a> <a href=\"https:\/\/marekkuchcinski.pl\/wp-content\/uploads\/2018\/11\/19.10-Przemy\u015bl-9.jpg\"><img loading=\"lazy\" decoding=\"async\" class=\"alignnone size-full wp-image-11038\" src=\"https:\/\/marekkuchcinski.pl\/wp-content\/uploads\/2018\/11\/19.10-Przemy\u015bl-9.jpg\" alt=\"19.10 Przemy\u015bl 9\" width=\"2000\" height=\"1500\" srcset=\"https:\/\/marekkuchcinski.pl\/wp-content\/uploads\/2018\/11\/19.10-Przemy\u015bl-9.jpg 2000w, https:\/\/marekkuchcinski.pl\/wp-content\/uploads\/2018\/11\/19.10-Przemy\u015bl-9-300x225.jpg 300w, https:\/\/marekkuchcinski.pl\/wp-content\/uploads\/2018\/11\/19.10-Przemy\u015bl-9-768x576.jpg 768w, https:\/\/marekkuchcinski.pl\/wp-content\/uploads\/2018\/11\/19.10-Przemy\u015bl-9-1024x768.jpg 1024w\" sizes=\"(max-width: 2000px) 100vw, 2000px\" \/><\/a> <a href=\"https:\/\/marekkuchcinski.pl\/wp-content\/uploads\/2018\/11\/19.10-Przemy\u015bl-8.jpg\"><img loading=\"lazy\" decoding=\"async\" class=\"alignnone size-full wp-image-11039\" src=\"https:\/\/marekkuchcinski.pl\/wp-content\/uploads\/2018\/11\/19.10-Przemy\u015bl-8.jpg\" alt=\"19.10 Przemy\u015bl 8\" width=\"2000\" height=\"1500\" srcset=\"https:\/\/marekkuchcinski.pl\/wp-content\/uploads\/2018\/11\/19.10-Przemy\u015bl-8.jpg 2000w, https:\/\/marekkuchcinski.pl\/wp-content\/uploads\/2018\/11\/19.10-Przemy\u015bl-8-300x225.jpg 300w, https:\/\/marekkuchcinski.pl\/wp-content\/uploads\/2018\/11\/19.10-Przemy\u015bl-8-768x576.jpg 768w, https:\/\/marekkuchcinski.pl\/wp-content\/uploads\/2018\/11\/19.10-Przemy\u015bl-8-1024x768.jpg 1024w\" sizes=\"(max-width: 2000px) 100vw, 2000px\" \/><\/a> <a href=\"https:\/\/marekkuchcinski.pl\/wp-content\/uploads\/2018\/11\/19.10-Przemy\u015bl-7.jpg\"><img loading=\"lazy\" decoding=\"async\" class=\"alignnone size-full wp-image-11040\" src=\"https:\/\/marekkuchcinski.pl\/wp-content\/uploads\/2018\/11\/19.10-Przemy\u015bl-7.jpg\" alt=\"19.10 Przemy\u015bl 7\" width=\"1747\" height=\"1131\" srcset=\"https:\/\/marekkuchcinski.pl\/wp-content\/uploads\/2018\/11\/19.10-Przemy\u015bl-7.jpg 1747w, https:\/\/marekkuchcinski.pl\/wp-content\/uploads\/2018\/11\/19.10-Przemy\u015bl-7-300x194.jpg 300w, https:\/\/marekkuchcinski.pl\/wp-content\/uploads\/2018\/11\/19.10-Przemy\u015bl-7-768x497.jpg 768w, https:\/\/marekkuchcinski.pl\/wp-content\/uploads\/2018\/11\/19.10-Przemy\u015bl-7-1024x663.jpg 1024w\" sizes=\"(max-width: 1747px) 100vw, 1747px\" \/><\/a> <a href=\"https:\/\/marekkuchcinski.pl\/wp-content\/uploads\/2018\/11\/19.10-Przemy\u015bl-6.jpg\"><img loading=\"lazy\" decoding=\"async\" class=\"alignnone size-full wp-image-11041\" src=\"https:\/\/marekkuchcinski.pl\/wp-content\/uploads\/2018\/11\/19.10-Przemy\u015bl-6.jpg\" alt=\"19.10 Przemy\u015bl 6\" width=\"1474\" height=\"1864\" srcset=\"https:\/\/marekkuchcinski.pl\/wp-content\/uploads\/2018\/11\/19.10-Przemy\u015bl-6.jpg 1474w, https:\/\/marekkuchcinski.pl\/wp-content\/uploads\/2018\/11\/19.10-Przemy\u015bl-6-237x300.jpg 237w, https:\/\/marekkuchcinski.pl\/wp-content\/uploads\/2018\/11\/19.10-Przemy\u015bl-6-768x971.jpg 768w, https:\/\/marekkuchcinski.pl\/wp-content\/uploads\/2018\/11\/19.10-Przemy\u015bl-6-810x1024.jpg 810w\" sizes=\"(max-width: 1474px) 100vw, 1474px\" \/><\/a> <a href=\"https:\/\/marekkuchcinski.pl\/wp-content\/uploads\/2018\/11\/19.10-Przemy\u015bl-5.jpg\"><img loading=\"lazy\" decoding=\"async\" class=\"alignnone size-full wp-image-11042\" src=\"https:\/\/marekkuchcinski.pl\/wp-content\/uploads\/2018\/11\/19.10-Przemy\u015bl-5.jpg\" alt=\"19.10 Przemy\u015bl 5\" width=\"1745\" height=\"1875\" srcset=\"https:\/\/marekkuchcinski.pl\/wp-content\/uploads\/2018\/11\/19.10-Przemy\u015bl-5.jpg 1745w, https:\/\/marekkuchcinski.pl\/wp-content\/uploads\/2018\/11\/19.10-Przemy\u015bl-5-279x300.jpg 279w, https:\/\/marekkuchcinski.pl\/wp-content\/uploads\/2018\/11\/19.10-Przemy\u015bl-5-768x825.jpg 768w, https:\/\/marekkuchcinski.pl\/wp-content\/uploads\/2018\/11\/19.10-Przemy\u015bl-5-953x1024.jpg 953w\" sizes=\"(max-width: 1745px) 100vw, 1745px\" \/><\/a> <a href=\"https:\/\/marekkuchcinski.pl\/wp-content\/uploads\/2018\/11\/19.10-Przemy\u015bl-4.jpg\"><img loading=\"lazy\" decoding=\"async\" class=\"alignnone size-full wp-image-11043\" src=\"https:\/\/marekkuchcinski.pl\/wp-content\/uploads\/2018\/11\/19.10-Przemy\u015bl-4.jpg\" alt=\"19.10 Przemy\u015bl 4\" width=\"563\" height=\"750\" srcset=\"https:\/\/marekkuchcinski.pl\/wp-content\/uploads\/2018\/11\/19.10-Przemy\u015bl-4.jpg 563w, https:\/\/marekkuchcinski.pl\/wp-content\/uploads\/2018\/11\/19.10-Przemy\u015bl-4-225x300.jpg 225w\" sizes=\"(max-width: 563px) 100vw, 563px\" \/><\/a> <a href=\"https:\/\/marekkuchcinski.pl\/wp-content\/uploads\/2018\/11\/19.10-Przemy\u015bl-3.jpg\"><img loading=\"lazy\" decoding=\"async\" class=\"alignnone size-full wp-image-11044\" src=\"https:\/\/marekkuchcinski.pl\/wp-content\/uploads\/2018\/11\/19.10-Przemy\u015bl-3.jpg\" alt=\"19.10 Przemy\u015bl 3\" width=\"2000\" height=\"1500\" srcset=\"https:\/\/marekkuchcinski.pl\/wp-content\/uploads\/2018\/11\/19.10-Przemy\u015bl-3.jpg 2000w, https:\/\/marekkuchcinski.pl\/wp-content\/uploads\/2018\/11\/19.10-Przemy\u015bl-3-300x225.jpg 300w, https:\/\/marekkuchcinski.pl\/wp-content\/uploads\/2018\/11\/19.10-Przemy\u015bl-3-768x576.jpg 768w, https:\/\/marekkuchcinski.pl\/wp-content\/uploads\/2018\/11\/19.10-Przemy\u015bl-3-1024x768.jpg 1024w\" sizes=\"(max-width: 2000px) 100vw, 2000px\" \/><\/a> <a href=\"https:\/\/marekkuchcinski.pl\/wp-content\/uploads\/2018\/11\/19.10-Przemy\u015bl-2.jpg\"><img loading=\"lazy\" decoding=\"async\" class=\"alignnone size-full wp-image-11045\" src=\"https:\/\/marekkuchcinski.pl\/wp-content\/uploads\/2018\/11\/19.10-Przemy\u015bl-2.jpg\" alt=\"19.10 Przemy\u015bl 2\" width=\"2000\" height=\"1500\" srcset=\"https:\/\/marekkuchcinski.pl\/wp-content\/uploads\/2018\/11\/19.10-Przemy\u015bl-2.jpg 2000w, https:\/\/marekkuchcinski.pl\/wp-content\/uploads\/2018\/11\/19.10-Przemy\u015bl-2-300x225.jpg 300w, https:\/\/marekkuchcinski.pl\/wp-content\/uploads\/2018\/11\/19.10-Przemy\u015bl-2-768x576.jpg 768w, https:\/\/marekkuchcinski.pl\/wp-content\/uploads\/2018\/11\/19.10-Przemy\u015bl-2-1024x768.jpg 1024w\" sizes=\"(max-width: 2000px) 100vw, 2000px\" \/><\/a> <a href=\"https:\/\/marekkuchcinski.pl\/wp-content\/uploads\/2018\/11\/19.10-Przemy\u015bl-1.jpg\"><img loading=\"lazy\" decoding=\"async\" class=\"alignnone size-full wp-image-11046\" src=\"https:\/\/marekkuchcinski.pl\/wp-content\/uploads\/2018\/11\/19.10-Przemy\u015bl-1.jpg\" alt=\"19.10 Przemy\u015bl 1\" width=\"2000\" height=\"1500\" srcset=\"https:\/\/marekkuchcinski.pl\/wp-content\/uploads\/2018\/11\/19.10-Przemy\u015bl-1.jpg 2000w, https:\/\/marekkuchcinski.pl\/wp-content\/uploads\/2018\/11\/19.10-Przemy\u015bl-1-300x225.jpg 300w, https:\/\/marekkuchcinski.pl\/wp-content\/uploads\/2018\/11\/19.10-Przemy\u015bl-1-768x576.jpg 768w, https:\/\/marekkuchcinski.pl\/wp-content\/uploads\/2018\/11\/19.10-Przemy\u015bl-1-1024x768.jpg 1024w\" sizes=\"(max-width: 2000px) 100vw, 2000px\" \/><\/a> <a href=\"https:\/\/marekkuchcinski.pl\/wp-content\/uploads\/2018\/11\/19.10-Kalwaria-Pac\u0142awska-11.jpg\"><img loading=\"lazy\" decoding=\"async\" class=\"alignnone size-full wp-image-11049\" src=\"https:\/\/marekkuchcinski.pl\/wp-content\/uploads\/2018\/11\/19.10-Kalwaria-Pac\u0142awska-11.jpg\" alt=\"19.10 Kalwaria Pac\u0142awska 11\" width=\"1500\" height=\"2000\" srcset=\"https:\/\/marekkuchcinski.pl\/wp-content\/uploads\/2018\/11\/19.10-Kalwaria-Pac\u0142awska-11.jpg 1500w, https:\/\/marekkuchcinski.pl\/wp-content\/uploads\/2018\/11\/19.10-Kalwaria-Pac\u0142awska-11-225x300.jpg 225w, https:\/\/marekkuchcinski.pl\/wp-content\/uploads\/2018\/11\/19.10-Kalwaria-Pac\u0142awska-11-768x1024.jpg 768w\" sizes=\"(max-width: 1500px) 100vw, 1500px\" \/><\/a> <a href=\"https:\/\/marekkuchcinski.pl\/wp-content\/uploads\/2018\/11\/19.10-Kalwaria-Pac\u0142awska-8.jpg\"><img loading=\"lazy\" decoding=\"async\" class=\"alignnone size-full wp-image-11052\" src=\"https:\/\/marekkuchcinski.pl\/wp-content\/uploads\/2018\/11\/19.10-Kalwaria-Pac\u0142awska-8.jpg\" alt=\"19.10 Kalwaria Pac\u0142awska 8\" width=\"2000\" height=\"1500\" srcset=\"https:\/\/marekkuchcinski.pl\/wp-content\/uploads\/2018\/11\/19.10-Kalwaria-Pac\u0142awska-8.jpg 2000w, https:\/\/marekkuchcinski.pl\/wp-content\/uploads\/2018\/11\/19.10-Kalwaria-Pac\u0142awska-8-300x225.jpg 300w, https:\/\/marekkuchcinski.pl\/wp-content\/uploads\/2018\/11\/19.10-Kalwaria-Pac\u0142awska-8-768x576.jpg 768w, https:\/\/marekkuchcinski.pl\/wp-content\/uploads\/2018\/11\/19.10-Kalwaria-Pac\u0142awska-8-1024x768.jpg 1024w\" sizes=\"(max-width: 2000px) 100vw, 2000px\" \/><\/a> <a href=\"https:\/\/marekkuchcinski.pl\/wp-content\/uploads\/2018\/11\/19.10-Kalwaria-Pac\u0142awska-7.jpg\"><img loading=\"lazy\" decoding=\"async\" class=\"alignnone size-full wp-image-11053\" src=\"https:\/\/marekkuchcinski.pl\/wp-content\/uploads\/2018\/11\/19.10-Kalwaria-Pac\u0142awska-7.jpg\" alt=\"19.10 Kalwaria Pac\u0142awska 7\" width=\"2000\" height=\"1500\" srcset=\"https:\/\/marekkuchcinski.pl\/wp-content\/uploads\/2018\/11\/19.10-Kalwaria-Pac\u0142awska-7.jpg 2000w, https:\/\/marekkuchcinski.pl\/wp-content\/uploads\/2018\/11\/19.10-Kalwaria-Pac\u0142awska-7-300x225.jpg 300w, https:\/\/marekkuchcinski.pl\/wp-content\/uploads\/2018\/11\/19.10-Kalwaria-Pac\u0142awska-7-768x576.jpg 768w, https:\/\/marekkuchcinski.pl\/wp-content\/uploads\/2018\/11\/19.10-Kalwaria-Pac\u0142awska-7-1024x768.jpg 1024w\" sizes=\"(max-width: 2000px) 100vw, 2000px\" \/><\/a> <a href=\"https:\/\/marekkuchcinski.pl\/wp-content\/uploads\/2018\/11\/19.10-Kalwaria-Pac\u0142awska-5.jpg\"><img loading=\"lazy\" decoding=\"async\" class=\"alignnone size-full wp-image-11055\" src=\"https:\/\/marekkuchcinski.pl\/wp-content\/uploads\/2018\/11\/19.10-Kalwaria-Pac\u0142awska-5.jpg\" alt=\"19.10 Kalwaria Pac\u0142awska 5\" width=\"1782\" height=\"1490\" srcset=\"https:\/\/marekkuchcinski.pl\/wp-content\/uploads\/2018\/11\/19.10-Kalwaria-Pac\u0142awska-5.jpg 1782w, https:\/\/marekkuchcinski.pl\/wp-content\/uploads\/2018\/11\/19.10-Kalwaria-Pac\u0142awska-5-300x251.jpg 300w, https:\/\/marekkuchcinski.pl\/wp-content\/uploads\/2018\/11\/19.10-Kalwaria-Pac\u0142awska-5-768x642.jpg 768w, https:\/\/marekkuchcinski.pl\/wp-content\/uploads\/2018\/11\/19.10-Kalwaria-Pac\u0142awska-5-1024x856.jpg 1024w\" sizes=\"(max-width: 1782px) 100vw, 1782px\" \/><\/a> <a href=\"https:\/\/marekkuchcinski.pl\/wp-content\/uploads\/2018\/11\/19.10-Kalwaria-Pac\u0142awska-2.jpg\"><img loading=\"lazy\" decoding=\"async\" class=\"alignnone size-full wp-image-11058\" src=\"https:\/\/marekkuchcinski.pl\/wp-content\/uploads\/2018\/11\/19.10-Kalwaria-Pac\u0142awska-2.jpg\" alt=\"19.10 Kalwaria Pac\u0142awska 2\" width=\"1500\" height=\"2000\" srcset=\"https:\/\/marekkuchcinski.pl\/wp-content\/uploads\/2018\/11\/19.10-Kalwaria-Pac\u0142awska-2.jpg 1500w, https:\/\/marekkuchcinski.pl\/wp-content\/uploads\/2018\/11\/19.10-Kalwaria-Pac\u0142awska-2-225x300.jpg 225w, https:\/\/marekkuchcinski.pl\/wp-content\/uploads\/2018\/11\/19.10-Kalwaria-Pac\u0142awska-2-768x1024.jpg 768w\" sizes=\"(max-width: 1500px) 100vw, 1500px\" \/><\/a> <a href=\"https:\/\/marekkuchcinski.pl\/wp-content\/uploads\/2018\/11\/19.10-Kalwaria-Pac\u0142awska-1.jpg\"><img loading=\"lazy\" decoding=\"async\" class=\"alignnone size-full wp-image-11059\" src=\"https:\/\/marekkuchcinski.pl\/wp-content\/uploads\/2018\/11\/19.10-Kalwaria-Pac\u0142awska-1.jpg\" alt=\"19.10 Kalwaria Pac\u0142awska 1\" width=\"1500\" height=\"2000\" srcset=\"https:\/\/marekkuchcinski.pl\/wp-content\/uploads\/2018\/11\/19.10-Kalwaria-Pac\u0142awska-1.jpg 1500w, https:\/\/marekkuchcinski.pl\/wp-content\/uploads\/2018\/11\/19.10-Kalwaria-Pac\u0142awska-1-225x300.jpg 225w, https:\/\/marekkuchcinski.pl\/wp-content\/uploads\/2018\/11\/19.10-Kalwaria-Pac\u0142awska-1-768x1024.jpg 768w\" sizes=\"(max-width: 1500px) 100vw, 1500px\" \/><\/a><\/p>\n<p><strong>20. \u0159\u00edjna <\/strong><\/p>\n<p><strong>P\u0159edn\u00e1\u0161ej\u00edc\u00ed se z\u00fa\u010dastnil mezin\u00e1rodn\u00ed konference \"Nezlomnost jednotlivce - trvalost spole\u010denstv\u00ed\".<\/strong> po\u0159\u00e1dan\u00e9 v N\u00e1rodn\u00edm muzeu v Przemyslu profesorem Zdzis\u0142awem Krasnod\u0119bsk\u00fdm.<\/p>\n<blockquote class=\"wp-embedded-content\" data-secret=\"Xxz9PzyOVF\"><p><a href=\"https:\/\/marekkuchcinski.pl\/uk\/wydarzenia\/miedzynarodowa-konferencja-niezlomnosc-jednostki-trwalosc-wspolnoty\/\">Mezin\u00e1rodn\u00ed konference \"Nezlomnost jednotlivce - trvalost spole\u010denstv\u00ed\"<\/a><\/p><\/blockquote>\n<p><iframe class=\"wp-embedded-content\" sandbox=\"allow-scripts\" security=\"restricted\" style=\"position: absolute; clip: rect(1px, 1px, 1px, 1px);\" title=\"&quot;Mezin\u00e1rodn\u00ed konference &quot;Nezlomnost jednotlivce - trvalost spole\u010denstv\u00ed&quot;&quot; - Marek Kuchcinski\" src=\"https:\/\/marekkuchcinski.pl\/uk\/wydarzenia\/miedzynarodowa-konferencja-niezlomnosc-jednostki-trwalosc-wspolnoty\/embed\/#?secret=Xxz9PzyOVF\" data-secret=\"Xxz9PzyOVF\" width=\"600\" height=\"338\" frameborder=\"0\" marginwidth=\"0\" marginheight=\"0\" scrolling=\"no\"><\/iframe><\/p>\n<p><strong> 21. \u0159\u00edjna <\/strong><\/p>\n<p><strong>P\u0159edseda parlamentu odevzdal sv\u016fj hlas v komun\u00e1ln\u00edch volb\u00e1ch v Przemy\u015blu.<\/strong><\/p>\n<p><a href=\"https:\/\/marekkuchcinski.pl\/wp-content\/uploads\/2018\/11\/21.10-Przemy\u015bl-5.jpg\"><img loading=\"lazy\" decoding=\"async\" class=\"alignnone size-full wp-image-11062\" src=\"https:\/\/marekkuchcinski.pl\/wp-content\/uploads\/2018\/11\/21.10-Przemy\u015bl-5.jpg\" alt=\"21.10 Przemy\u015bl 5\" width=\"805\" height=\"537\" srcset=\"https:\/\/marekkuchcinski.pl\/wp-content\/uploads\/2018\/11\/21.10-Przemy\u015bl-5.jpg 805w, https:\/\/marekkuchcinski.pl\/wp-content\/uploads\/2018\/11\/21.10-Przemy\u015bl-5-300x200.jpg 300w, https:\/\/marekkuchcinski.pl\/wp-content\/uploads\/2018\/11\/21.10-Przemy\u015bl-5-768x512.jpg 768w\" sizes=\"(max-width: 805px) 100vw, 805px\" \/><\/a> <a href=\"https:\/\/marekkuchcinski.pl\/wp-content\/uploads\/2018\/11\/21.10-Przemy\u015bl-4.jpg\"><img loading=\"lazy\" decoding=\"async\" class=\"alignnone size-full wp-image-11063\" src=\"https:\/\/marekkuchcinski.pl\/wp-content\/uploads\/2018\/11\/21.10-Przemy\u015bl-4.jpg\" alt=\"21.10 Przemy\u015bl 4\" width=\"357\" height=\"537\" srcset=\"https:\/\/marekkuchcinski.pl\/wp-content\/uploads\/2018\/11\/21.10-Przemy\u015bl-4.jpg 357w, https:\/\/marekkuchcinski.pl\/wp-content\/uploads\/2018\/11\/21.10-Przemy\u015bl-4-199x300.jpg 199w\" sizes=\"(max-width: 357px) 100vw, 357px\" \/><\/a><\/p>\n<p><strong>25. \u0159\u00edjna <\/strong><\/p>\n<p><strong>Na z\u00e1mku v Przemy\u015blu se konalo rozlou\u010den\u00ed se starostou Robertem Chomou.<\/strong><\/p>\n<p><strong>26. \u0159\u00edjna<\/strong><\/p>\n<p><strong>Ve farnosti Krista Kr\u00e1le v Jaroslawi byl odhalen Pam\u00e1tn\u00edk n\u00e1rodn\u00ed pam\u011bti. Pomn\u00edk vysv\u011btil metropolita p\u0159emy\u0161lsk\u00fd Adam Szal.<\/strong><\/p>\n<p>- V roce st\u00e9ho v\u00fdro\u010d\u00ed znovuz\u00edsk\u00e1n\u00ed nez\u00e1vislosti Polska byl na Podkarpatsk\u00e9 Rusi odhalen pam\u00e1tn\u00edk, kter\u00fd je lekc\u00ed z d\u011bjepisu a p\u0159ipom\u00edn\u00e1, \u017ee d\u011bjiny Polska jsou spojeny s d\u011bjinami k\u0159es\u0165anstv\u00ed,\" \u0159ekl Marek Kuchci\u0144ski.<\/p>\n<p><a href=\"https:\/\/marekkuchcinski.pl\/wp-content\/uploads\/2018\/11\/pomnik-w-parafii-Chrystusa-Kr\u00f3la-w-Jaros\u0142awiu-8.jpg\"><img loading=\"lazy\" decoding=\"async\" class=\"alignnone size-full wp-image-10960\" src=\"https:\/\/marekkuchcinski.pl\/wp-content\/uploads\/2018\/11\/pomnik-w-parafii-Chrystusa-Kr\u00f3la-w-Jaros\u0142awiu-8.jpg\" alt=\"pomnik w parafii Chrystusa Kr\u00f3la w Jaros\u0142awiu 8\" width=\"720\" height=\"960\" srcset=\"https:\/\/marekkuchcinski.pl\/wp-content\/uploads\/2018\/11\/pomnik-w-parafii-Chrystusa-Kr\u00f3la-w-Jaros\u0142awiu-8.jpg 720w, https:\/\/marekkuchcinski.pl\/wp-content\/uploads\/2018\/11\/pomnik-w-parafii-Chrystusa-Kr\u00f3la-w-Jaros\u0142awiu-8-225x300.jpg 225w\" sizes=\"(max-width: 720px) 100vw, 720px\" \/><\/a> <a href=\"https:\/\/marekkuchcinski.pl\/wp-content\/uploads\/2018\/11\/pomnik-w-parafii-Chrystusa-Kr\u00f3la-w-Jaros\u0142awiu-7.jpg\"><img loading=\"lazy\" decoding=\"async\" class=\"alignnone size-full wp-image-10961\" src=\"https:\/\/marekkuchcinski.pl\/wp-content\/uploads\/2018\/11\/pomnik-w-parafii-Chrystusa-Kr\u00f3la-w-Jaros\u0142awiu-7.jpg\" alt=\"pomnik w parafii Chrystusa Kr\u00f3la w Jaros\u0142awiu 7\" width=\"720\" height=\"960\" srcset=\"https:\/\/marekkuchcinski.pl\/wp-content\/uploads\/2018\/11\/pomnik-w-parafii-Chrystusa-Kr\u00f3la-w-Jaros\u0142awiu-7.jpg 720w, https:\/\/marekkuchcinski.pl\/wp-content\/uploads\/2018\/11\/pomnik-w-parafii-Chrystusa-Kr\u00f3la-w-Jaros\u0142awiu-7-225x300.jpg 225w\" sizes=\"(max-width: 720px) 100vw, 720px\" \/><\/a> <a href=\"https:\/\/marekkuchcinski.pl\/wp-content\/uploads\/2018\/11\/pomnik-w-parafii-Chrystusa-Kr\u00f3la-w-Jaros\u0142awiu-6.jpg\"><img loading=\"lazy\" decoding=\"async\" class=\"alignnone size-full wp-image-10962\" src=\"https:\/\/marekkuchcinski.pl\/wp-content\/uploads\/2018\/11\/pomnik-w-parafii-Chrystusa-Kr\u00f3la-w-Jaros\u0142awiu-6.jpg\" alt=\"pomnik w parafii Chrystusa Kr\u00f3la w Jaros\u0142awiu 6\" width=\"720\" height=\"960\" srcset=\"https:\/\/marekkuchcinski.pl\/wp-content\/uploads\/2018\/11\/pomnik-w-parafii-Chrystusa-Kr\u00f3la-w-Jaros\u0142awiu-6.jpg 720w, https:\/\/marekkuchcinski.pl\/wp-content\/uploads\/2018\/11\/pomnik-w-parafii-Chrystusa-Kr\u00f3la-w-Jaros\u0142awiu-6-225x300.jpg 225w\" sizes=\"(max-width: 720px) 100vw, 720px\" \/><\/a> <a href=\"https:\/\/marekkuchcinski.pl\/wp-content\/uploads\/2018\/11\/pomnik-w-parafii-Chrystusa-Kr\u00f3la-w-Jaros\u0142awiu-5.jpg\"><img loading=\"lazy\" decoding=\"async\" class=\"alignnone size-full wp-image-10963\" src=\"https:\/\/marekkuchcinski.pl\/wp-content\/uploads\/2018\/11\/pomnik-w-parafii-Chrystusa-Kr\u00f3la-w-Jaros\u0142awiu-5.jpg\" alt=\"pomnik w parafii Chrystusa Kr\u00f3la w Jaros\u0142awiu 5\" width=\"720\" height=\"960\" srcset=\"https:\/\/marekkuchcinski.pl\/wp-content\/uploads\/2018\/11\/pomnik-w-parafii-Chrystusa-Kr\u00f3la-w-Jaros\u0142awiu-5.jpg 720w, https:\/\/marekkuchcinski.pl\/wp-content\/uploads\/2018\/11\/pomnik-w-parafii-Chrystusa-Kr\u00f3la-w-Jaros\u0142awiu-5-225x300.jpg 225w\" sizes=\"(max-width: 720px) 100vw, 720px\" \/><\/a> <a href=\"https:\/\/marekkuchcinski.pl\/wp-content\/uploads\/2018\/11\/pomnik-w-parafii-Chrystusa-Kr\u00f3la-w-Jaros\u0142awiu-4.jpg\"><img loading=\"lazy\" decoding=\"async\" class=\"alignnone size-full wp-image-10964\" src=\"https:\/\/marekkuchcinski.pl\/wp-content\/uploads\/2018\/11\/pomnik-w-parafii-Chrystusa-Kr\u00f3la-w-Jaros\u0142awiu-4.jpg\" alt=\"pomnik w parafii Chrystusa Kr\u00f3la w Jaros\u0142awiu 4\" width=\"960\" height=\"720\" srcset=\"https:\/\/marekkuchcinski.pl\/wp-content\/uploads\/2018\/11\/pomnik-w-parafii-Chrystusa-Kr\u00f3la-w-Jaros\u0142awiu-4.jpg 960w, https:\/\/marekkuchcinski.pl\/wp-content\/uploads\/2018\/11\/pomnik-w-parafii-Chrystusa-Kr\u00f3la-w-Jaros\u0142awiu-4-300x225.jpg 300w, https:\/\/marekkuchcinski.pl\/wp-content\/uploads\/2018\/11\/pomnik-w-parafii-Chrystusa-Kr\u00f3la-w-Jaros\u0142awiu-4-768x576.jpg 768w\" sizes=\"(max-width: 960px) 100vw, 960px\" \/><\/a> <a href=\"https:\/\/marekkuchcinski.pl\/wp-content\/uploads\/2018\/11\/pomnik-w-parafii-Chrystusa-Kr\u00f3la-w-Jaros\u0142awiu-1.jpg\"><img loading=\"lazy\" decoding=\"async\" class=\"alignnone size-full wp-image-10967\" src=\"https:\/\/marekkuchcinski.pl\/wp-content\/uploads\/2018\/11\/pomnik-w-parafii-Chrystusa-Kr\u00f3la-w-Jaros\u0142awiu-1.jpg\" alt=\"pomnik w parafii Chrystusa Kr\u00f3la w Jaros\u0142awiu 1\" width=\"720\" height=\"960\" srcset=\"https:\/\/marekkuchcinski.pl\/wp-content\/uploads\/2018\/11\/pomnik-w-parafii-Chrystusa-Kr\u00f3la-w-Jaros\u0142awiu-1.jpg 720w, https:\/\/marekkuchcinski.pl\/wp-content\/uploads\/2018\/11\/pomnik-w-parafii-Chrystusa-Kr\u00f3la-w-Jaros\u0142awiu-1-225x300.jpg 225w\" sizes=\"(max-width: 720px) 100vw, 720px\" \/><\/a><\/p>\n<p><strong>Setk\u00e1n\u00ed s obyvateli m\u011bsta \u0141a\u0144cut.<\/strong><\/p>\n<p><strong>Marek Kuchci\u0144ski slavnostn\u011b zah\u00e1jil v Z\u00e1meck\u00e9m muzeu v \u0141a\u0144cutu v\u00fdstavu u p\u0159\u00edle\u017eitosti 100. v\u00fdro\u010d\u00ed znovuz\u00edsk\u00e1n\u00ed nez\u00e1vislosti Polska.<\/strong><\/p>\n<p>- Touto v\u00fdstavou personalizujeme na\u0161e d\u011bjiny a neklademe d\u016fraz na fakta a data, ale na lidi. Z hlediska na\u0161\u00ed ve\u0159ejn\u00e9 \u010dinnosti je nejd\u016fle\u017eit\u011bj\u0161\u00ed \u010dlov\u011bk. Jsme si v\u011bdomi toho, jak d\u016fle\u017eit\u00e9 je pe\u010dovat o d\u011bdictv\u00ed na\u0161ich p\u0159edk\u016f. I ty nejmen\u0161\u00ed expon\u00e1ty, suven\u00fdry od d\u00e1rc\u016f, \u010dasto jedin\u00e9, kter\u00e9 zbyly, a o to cenn\u011bj\u0161\u00ed,\" \u0159ekl mar\u0161\u00e1lek.<\/p>\n<p><a href=\"https:\/\/marekkuchcinski.pl\/wp-content\/uploads\/2018\/11\/\u0141a\u0144cut-7.jpg\"><img loading=\"lazy\" decoding=\"async\" class=\"alignnone size-full wp-image-10927\" src=\"https:\/\/marekkuchcinski.pl\/wp-content\/uploads\/2018\/11\/\u0141a\u0144cut-7.jpg\" alt=\"\u0141a\u0144cut 7\" width=\"960\" height=\"720\" srcset=\"https:\/\/marekkuchcinski.pl\/wp-content\/uploads\/2018\/11\/\u0141a\u0144cut-7.jpg 960w, https:\/\/marekkuchcinski.pl\/wp-content\/uploads\/2018\/11\/\u0141a\u0144cut-7-300x225.jpg 300w, https:\/\/marekkuchcinski.pl\/wp-content\/uploads\/2018\/11\/\u0141a\u0144cut-7-768x576.jpg 768w\" sizes=\"(max-width: 960px) 100vw, 960px\" \/><\/a> <a href=\"https:\/\/marekkuchcinski.pl\/wp-content\/uploads\/2018\/11\/\u0141a\u0144cut-6.jpg\"><img loading=\"lazy\" decoding=\"async\" class=\"alignnone size-full wp-image-10928\" src=\"https:\/\/marekkuchcinski.pl\/wp-content\/uploads\/2018\/11\/\u0141a\u0144cut-6.jpg\" alt=\"\u0141a\u0144cut 6\" width=\"960\" height=\"720\" srcset=\"https:\/\/marekkuchcinski.pl\/wp-content\/uploads\/2018\/11\/\u0141a\u0144cut-6.jpg 960w, https:\/\/marekkuchcinski.pl\/wp-content\/uploads\/2018\/11\/\u0141a\u0144cut-6-300x225.jpg 300w, https:\/\/marekkuchcinski.pl\/wp-content\/uploads\/2018\/11\/\u0141a\u0144cut-6-768x576.jpg 768w\" sizes=\"(max-width: 960px) 100vw, 960px\" \/><\/a> <a href=\"https:\/\/marekkuchcinski.pl\/wp-content\/uploads\/2018\/11\/\u0141a\u0144cut-5.jpg\"><img loading=\"lazy\" decoding=\"async\" class=\"alignnone size-full wp-image-10929\" src=\"https:\/\/marekkuchcinski.pl\/wp-content\/uploads\/2018\/11\/\u0141a\u0144cut-5.jpg\" alt=\"\u0141a\u0144cut 5\" width=\"720\" height=\"960\" srcset=\"https:\/\/marekkuchcinski.pl\/wp-content\/uploads\/2018\/11\/\u0141a\u0144cut-5.jpg 720w, https:\/\/marekkuchcinski.pl\/wp-content\/uploads\/2018\/11\/\u0141a\u0144cut-5-225x300.jpg 225w\" sizes=\"(max-width: 720px) 100vw, 720px\" \/><\/a> <a href=\"https:\/\/marekkuchcinski.pl\/wp-content\/uploads\/2018\/11\/\u0141a\u0144cut-4.jpg\"><img loading=\"lazy\" decoding=\"async\" class=\"alignnone size-full wp-image-10930\" src=\"https:\/\/marekkuchcinski.pl\/wp-content\/uploads\/2018\/11\/\u0141a\u0144cut-4.jpg\" alt=\"\u0141a\u0144cut 4\" width=\"960\" height=\"720\" srcset=\"https:\/\/marekkuchcinski.pl\/wp-content\/uploads\/2018\/11\/\u0141a\u0144cut-4.jpg 960w, https:\/\/marekkuchcinski.pl\/wp-content\/uploads\/2018\/11\/\u0141a\u0144cut-4-300x225.jpg 300w, https:\/\/marekkuchcinski.pl\/wp-content\/uploads\/2018\/11\/\u0141a\u0144cut-4-768x576.jpg 768w\" sizes=\"(max-width: 960px) 100vw, 960px\" \/><\/a> <a href=\"https:\/\/marekkuchcinski.pl\/wp-content\/uploads\/2018\/11\/\u0141a\u0144cut-3.jpg\"><img loading=\"lazy\" decoding=\"async\" class=\"alignnone size-full wp-image-10931\" src=\"https:\/\/marekkuchcinski.pl\/wp-content\/uploads\/2018\/11\/\u0141a\u0144cut-3.jpg\" alt=\"\u0141a\u0144cut 3\" width=\"960\" height=\"720\" srcset=\"https:\/\/marekkuchcinski.pl\/wp-content\/uploads\/2018\/11\/\u0141a\u0144cut-3.jpg 960w, https:\/\/marekkuchcinski.pl\/wp-content\/uploads\/2018\/11\/\u0141a\u0144cut-3-300x225.jpg 300w, https:\/\/marekkuchcinski.pl\/wp-content\/uploads\/2018\/11\/\u0141a\u0144cut-3-768x576.jpg 768w\" sizes=\"(max-width: 960px) 100vw, 960px\" \/><\/a> <a href=\"https:\/\/marekkuchcinski.pl\/wp-content\/uploads\/2018\/11\/\u0141a\u0144cut-2.jpg\"><img loading=\"lazy\" decoding=\"async\" class=\"alignnone size-full wp-image-10932\" src=\"https:\/\/marekkuchcinski.pl\/wp-content\/uploads\/2018\/11\/\u0141a\u0144cut-2.jpg\" alt=\"\u0141a\u0144cut 2\" width=\"960\" height=\"720\" srcset=\"https:\/\/marekkuchcinski.pl\/wp-content\/uploads\/2018\/11\/\u0141a\u0144cut-2.jpg 960w, https:\/\/marekkuchcinski.pl\/wp-content\/uploads\/2018\/11\/\u0141a\u0144cut-2-300x225.jpg 300w, https:\/\/marekkuchcinski.pl\/wp-content\/uploads\/2018\/11\/\u0141a\u0144cut-2-768x576.jpg 768w\" sizes=\"(max-width: 960px) 100vw, 960px\" \/><\/a> <a href=\"https:\/\/marekkuchcinski.pl\/wp-content\/uploads\/2018\/11\/\u0141a\u0144cut-1.jpg\"><img loading=\"lazy\" decoding=\"async\" class=\"alignnone size-full wp-image-10933\" src=\"https:\/\/marekkuchcinski.pl\/wp-content\/uploads\/2018\/11\/\u0141a\u0144cut-1.jpg\" alt=\"\u0141a\u0144cut 1\" width=\"720\" height=\"960\" srcset=\"https:\/\/marekkuchcinski.pl\/wp-content\/uploads\/2018\/11\/\u0141a\u0144cut-1.jpg 720w, https:\/\/marekkuchcinski.pl\/wp-content\/uploads\/2018\/11\/\u0141a\u0144cut-1-225x300.jpg 225w\" sizes=\"(max-width: 720px) 100vw, 720px\" \/><\/a><\/p>\n<p>Po setk\u00e1n\u00ed s obyvateli \u0141a\u0144cutu se Marek Kuchci\u0144ski na pozv\u00e1n\u00ed \u0159editele Muzea z\u00e1mku \u0141a\u0144cut Wita K. W\u00f3jtowicze z\u00fa\u010dastnil zased\u00e1n\u00ed Akademie nez\u00e1vislosti, kde obdr\u017eel album z v\u00fdstavy IPN s n\u00e1zvem \"Otcov\u00e9 nez\u00e1vislosti\". Publikace odkazuje na usnesen\u00ed Sejmu, v n\u011bm\u017e je uvedeno \u0161est v\u00fdznamn\u00fdch osobnost\u00ed - Otc\u016f nez\u00e1vislosti.<\/p>\n<p><a href=\"https:\/\/marekkuchcinski.pl\/wp-content\/uploads\/2018\/11\/Akademia-Niepodleg\u0142o\u015bci-2.jpg\"><img loading=\"lazy\" decoding=\"async\" class=\"alignnone size-full wp-image-10934\" src=\"https:\/\/marekkuchcinski.pl\/wp-content\/uploads\/2018\/11\/Akademia-Niepodleg\u0142o\u015bci-2.jpg\" alt=\"Akademia Niepodleg\u0142o\u015bci 2\" width=\"960\" height=\"720\" srcset=\"https:\/\/marekkuchcinski.pl\/wp-content\/uploads\/2018\/11\/Akademia-Niepodleg\u0142o\u015bci-2.jpg 960w, https:\/\/marekkuchcinski.pl\/wp-content\/uploads\/2018\/11\/Akademia-Niepodleg\u0142o\u015bci-2-300x225.jpg 300w, https:\/\/marekkuchcinski.pl\/wp-content\/uploads\/2018\/11\/Akademia-Niepodleg\u0142o\u015bci-2-768x576.jpg 768w\" sizes=\"(max-width: 960px) 100vw, 960px\" \/><\/a> <a href=\"https:\/\/marekkuchcinski.pl\/wp-content\/uploads\/2018\/11\/Akademia-Niepodleg\u0142o\u015bci-1.jpg\"><img loading=\"lazy\" decoding=\"async\" class=\"alignnone size-full wp-image-10935\" src=\"https:\/\/marekkuchcinski.pl\/wp-content\/uploads\/2018\/11\/Akademia-Niepodleg\u0142o\u015bci-1.jpg\" alt=\"Akademia Niepodleg\u0142o\u015bci 1\" width=\"960\" height=\"720\" srcset=\"https:\/\/marekkuchcinski.pl\/wp-content\/uploads\/2018\/11\/Akademia-Niepodleg\u0142o\u015bci-1.jpg 960w, https:\/\/marekkuchcinski.pl\/wp-content\/uploads\/2018\/11\/Akademia-Niepodleg\u0142o\u015bci-1-300x225.jpg 300w, https:\/\/marekkuchcinski.pl\/wp-content\/uploads\/2018\/11\/Akademia-Niepodleg\u0142o\u015bci-1-768x576.jpg 768w\" sizes=\"(max-width: 960px) 100vw, 960px\" \/><\/a><\/p>\n<p><strong>Setk\u00e1n\u00ed s obyvateli Niska<\/strong><\/p>\n<p>- \u017d\u00e1d\u00e1me v\u00e1s o \u00fa\u010dast ve druh\u00e9m kole voleb. Je pro n\u00e1s obzvl\u00e1\u0161t\u011b d\u016fle\u017eit\u00e1, proto\u017ee posledn\u00ed t\u0159i roky realizujeme program, kter\u00fd zahrnuje mnoho v\u00fdzev vy\u017eaduj\u00edc\u00edch v\u00edce \u010dasu ne\u017e jedno volebn\u00ed obdob\u00ed, nap\u0159. ot\u00e1zky slu\u017eeb a zdravotn\u00ed p\u00e9\u010de, reprivatizace, reforma \u0161kolstv\u00ed.<\/p>\n<p><a href=\"https:\/\/marekkuchcinski.pl\/wp-content\/uploads\/2018\/11\/Nisko-5.jpg\"><img loading=\"lazy\" decoding=\"async\" class=\"alignnone size-full wp-image-10938\" src=\"https:\/\/marekkuchcinski.pl\/wp-content\/uploads\/2018\/11\/Nisko-5.jpg\" alt=\"Nisko 5\" width=\"960\" height=\"720\" srcset=\"https:\/\/marekkuchcinski.pl\/wp-content\/uploads\/2018\/11\/Nisko-5.jpg 960w, https:\/\/marekkuchcinski.pl\/wp-content\/uploads\/2018\/11\/Nisko-5-300x225.jpg 300w, https:\/\/marekkuchcinski.pl\/wp-content\/uploads\/2018\/11\/Nisko-5-768x576.jpg 768w\" sizes=\"(max-width: 960px) 100vw, 960px\" \/><\/a> <a href=\"https:\/\/marekkuchcinski.pl\/wp-content\/uploads\/2018\/11\/Nisko-4.jpg\"><img loading=\"lazy\" decoding=\"async\" class=\"alignnone size-full wp-image-10939\" src=\"https:\/\/marekkuchcinski.pl\/wp-content\/uploads\/2018\/11\/Nisko-4.jpg\" alt=\"Nisko 4\" width=\"960\" height=\"720\" srcset=\"https:\/\/marekkuchcinski.pl\/wp-content\/uploads\/2018\/11\/Nisko-4.jpg 960w, https:\/\/marekkuchcinski.pl\/wp-content\/uploads\/2018\/11\/Nisko-4-300x225.jpg 300w, https:\/\/marekkuchcinski.pl\/wp-content\/uploads\/2018\/11\/Nisko-4-768x576.jpg 768w\" sizes=\"(max-width: 960px) 100vw, 960px\" \/><\/a> <a href=\"https:\/\/marekkuchcinski.pl\/wp-content\/uploads\/2018\/11\/Nisko-3.jpg\"><img loading=\"lazy\" decoding=\"async\" class=\"alignnone size-full wp-image-10940\" src=\"https:\/\/marekkuchcinski.pl\/wp-content\/uploads\/2018\/11\/Nisko-3.jpg\" alt=\"Nisko 3\" width=\"960\" height=\"720\" srcset=\"https:\/\/marekkuchcinski.pl\/wp-content\/uploads\/2018\/11\/Nisko-3.jpg 960w, https:\/\/marekkuchcinski.pl\/wp-content\/uploads\/2018\/11\/Nisko-3-300x225.jpg 300w, https:\/\/marekkuchcinski.pl\/wp-content\/uploads\/2018\/11\/Nisko-3-768x576.jpg 768w\" sizes=\"(max-width: 960px) 100vw, 960px\" \/><\/a><\/p>\n<p><strong>27. \u0159\u00edjna<\/strong><\/p>\n<p><strong>Volebn\u00ed sjezd PiS v Sanoku<\/strong><\/p>\n<p><a href=\"https:\/\/marekkuchcinski.pl\/wp-content\/uploads\/2018\/11\/Sanok-1.jpg\"><img loading=\"lazy\" decoding=\"async\" class=\"alignnone size-full wp-image-10944\" src=\"https:\/\/marekkuchcinski.pl\/wp-content\/uploads\/2018\/11\/Sanok-1.jpg\" alt=\"Sanok 1\" width=\"960\" height=\"720\" srcset=\"https:\/\/marekkuchcinski.pl\/wp-content\/uploads\/2018\/11\/Sanok-1.jpg 960w, https:\/\/marekkuchcinski.pl\/wp-content\/uploads\/2018\/11\/Sanok-1-300x225.jpg 300w, https:\/\/marekkuchcinski.pl\/wp-content\/uploads\/2018\/11\/Sanok-1-768x576.jpg 768w\" sizes=\"(max-width: 960px) 100vw, 960px\" \/><\/a><\/p>\n<p><strong>Volebn\u00ed sjezd PiS v Przemy\u015blu<\/strong><\/p>\n<p><a href=\"https:\/\/marekkuchcinski.pl\/wp-content\/uploads\/2018\/11\/Przemy\u015bl-1.jpg\"><img loading=\"lazy\" decoding=\"async\" class=\"alignnone size-full wp-image-10952\" src=\"https:\/\/marekkuchcinski.pl\/wp-content\/uploads\/2018\/11\/Przemy\u015bl-1.jpg\" alt=\"Przemy\u015bl 1\" width=\"960\" height=\"720\" srcset=\"https:\/\/marekkuchcinski.pl\/wp-content\/uploads\/2018\/11\/Przemy\u015bl-1.jpg 960w, https:\/\/marekkuchcinski.pl\/wp-content\/uploads\/2018\/11\/Przemy\u015bl-1-300x225.jpg 300w, https:\/\/marekkuchcinski.pl\/wp-content\/uploads\/2018\/11\/Przemy\u015bl-1-768x576.jpg 768w\" sizes=\"(max-width: 960px) 100vw, 960px\" \/><\/a> <a href=\"https:\/\/marekkuchcinski.pl\/wp-content\/uploads\/2018\/11\/Przemy\u015bl-3.jpg\"><img loading=\"lazy\" decoding=\"async\" class=\"alignnone size-full wp-image-10954\" src=\"https:\/\/marekkuchcinski.pl\/wp-content\/uploads\/2018\/11\/Przemy\u015bl-3.jpg\" alt=\"Przemy\u015bl 3\" width=\"960\" height=\"720\" srcset=\"https:\/\/marekkuchcinski.pl\/wp-content\/uploads\/2018\/11\/Przemy\u015bl-3.jpg 960w, https:\/\/marekkuchcinski.pl\/wp-content\/uploads\/2018\/11\/Przemy\u015bl-3-300x225.jpg 300w, https:\/\/marekkuchcinski.pl\/wp-content\/uploads\/2018\/11\/Przemy\u015bl-3-768x576.jpg 768w\" sizes=\"(max-width: 960px) 100vw, 960px\" \/><\/a> <a href=\"https:\/\/marekkuchcinski.pl\/wp-content\/uploads\/2018\/11\/Przemy\u015bl-6.jpg\"><img loading=\"lazy\" decoding=\"async\" class=\"alignnone size-full wp-image-10957\" src=\"https:\/\/marekkuchcinski.pl\/wp-content\/uploads\/2018\/11\/Przemy\u015bl-6.jpg\" alt=\"Przemy\u015bl 6\" width=\"960\" height=\"720\" srcset=\"https:\/\/marekkuchcinski.pl\/wp-content\/uploads\/2018\/11\/Przemy\u015bl-6.jpg 960w, https:\/\/marekkuchcinski.pl\/wp-content\/uploads\/2018\/11\/Przemy\u015bl-6-300x225.jpg 300w, https:\/\/marekkuchcinski.pl\/wp-content\/uploads\/2018\/11\/Przemy\u015bl-6-768x576.jpg 768w\" sizes=\"(max-width: 960px) 100vw, 960px\" \/><\/a><\/p>\n<p><strong>28. \u0159\u00edjna<\/strong><\/p>\n<p><strong>Setk\u00e1n\u00ed s obyvateli Baligrodu<\/strong><\/p>\n<p>- Chceme prosazovat politiku udr\u017eiteln\u00e9ho rozvoje pro celou zemi. Politika lokomotiv rozvoje jen zv\u011bt\u0161uje rozd\u00edly mezi okresy, obcemi, v\u010detn\u011b Bieszczad a Przemyslu - \u0159ekl p\u0159edseda Sejmu.<\/p>\n<p><a href=\"https:\/\/marekkuchcinski.pl\/wp-content\/uploads\/2018\/11\/Baligr\u00f3d-2.jpg\"><img loading=\"lazy\" decoding=\"async\" class=\"alignnone size-full wp-image-10975\" src=\"https:\/\/marekkuchcinski.pl\/wp-content\/uploads\/2018\/11\/Baligr\u00f3d-2.jpg\" alt=\"Baligr\u00f3d 2\" width=\"960\" height=\"720\" srcset=\"https:\/\/marekkuchcinski.pl\/wp-content\/uploads\/2018\/11\/Baligr\u00f3d-2.jpg 960w, https:\/\/marekkuchcinski.pl\/wp-content\/uploads\/2018\/11\/Baligr\u00f3d-2-300x225.jpg 300w, https:\/\/marekkuchcinski.pl\/wp-content\/uploads\/2018\/11\/Baligr\u00f3d-2-768x576.jpg 768w\" sizes=\"(max-width: 960px) 100vw, 960px\" \/><\/a> <a href=\"https:\/\/marekkuchcinski.pl\/wp-content\/uploads\/2018\/11\/Baligr\u00f3d-3.jpg\"><img loading=\"lazy\" decoding=\"async\" class=\"alignnone size-full wp-image-10976\" src=\"https:\/\/marekkuchcinski.pl\/wp-content\/uploads\/2018\/11\/Baligr\u00f3d-3.jpg\" alt=\"Baligr\u00f3d 3\" width=\"960\" height=\"720\" srcset=\"https:\/\/marekkuchcinski.pl\/wp-content\/uploads\/2018\/11\/Baligr\u00f3d-3.jpg 960w, https:\/\/marekkuchcinski.pl\/wp-content\/uploads\/2018\/11\/Baligr\u00f3d-3-300x225.jpg 300w, https:\/\/marekkuchcinski.pl\/wp-content\/uploads\/2018\/11\/Baligr\u00f3d-3-768x576.jpg 768w\" sizes=\"(max-width: 960px) 100vw, 960px\" \/><\/a><\/p>\n<p><strong>Setk\u00e1n\u00ed s obyvateli Pola\u0144czyku<\/strong><\/p>\n<p>- Prodlou\u017een\u00ed funk\u010dn\u00edho obdob\u00ed na 5 let \u010din\u00ed na\u0161i \u00fa\u010dast ve volb\u00e1ch obzvl\u00e1\u0161t\u011b d\u016fle\u017eitou. Vyberme kandid\u00e1ty, kte\u0159\u00ed umo\u017en\u00ed vl\u00e1d\u011b a samospr\u00e1v\u011b spolupracovat na r\u016fzn\u00fdch \u00farovn\u00edch - \u0159ekl Marek Kuchci\u0144ski.<\/p>\n<p><a href=\"https:\/\/marekkuchcinski.pl\/wp-content\/uploads\/2018\/11\/Pola\u0144czyk-1.jpg\"><img loading=\"lazy\" decoding=\"async\" class=\"alignnone size-full wp-image-10978\" src=\"https:\/\/marekkuchcinski.pl\/wp-content\/uploads\/2018\/11\/Pola\u0144czyk-1.jpg\" alt=\"Pola\u0144czyk 1\" width=\"960\" height=\"720\" srcset=\"https:\/\/marekkuchcinski.pl\/wp-content\/uploads\/2018\/11\/Pola\u0144czyk-1.jpg 960w, https:\/\/marekkuchcinski.pl\/wp-content\/uploads\/2018\/11\/Pola\u0144czyk-1-300x225.jpg 300w, https:\/\/marekkuchcinski.pl\/wp-content\/uploads\/2018\/11\/Pola\u0144czyk-1-768x576.jpg 768w\" sizes=\"(max-width: 960px) 100vw, 960px\" \/><\/a> <a href=\"https:\/\/marekkuchcinski.pl\/wp-content\/uploads\/2018\/11\/Pola\u0144czyk-3.jpg\"><img loading=\"lazy\" decoding=\"async\" class=\"alignnone size-full wp-image-10980\" src=\"https:\/\/marekkuchcinski.pl\/wp-content\/uploads\/2018\/11\/Pola\u0144czyk-3.jpg\" alt=\"Pola\u0144czyk 3\" width=\"960\" height=\"720\" srcset=\"https:\/\/marekkuchcinski.pl\/wp-content\/uploads\/2018\/11\/Pola\u0144czyk-3.jpg 960w, https:\/\/marekkuchcinski.pl\/wp-content\/uploads\/2018\/11\/Pola\u0144czyk-3-300x225.jpg 300w, https:\/\/marekkuchcinski.pl\/wp-content\/uploads\/2018\/11\/Pola\u0144czyk-3-768x576.jpg 768w\" sizes=\"(max-width: 960px) 100vw, 960px\" \/><\/a><\/p>\n<p><strong>Setk\u00e1n\u00ed s obyvateli Nowosielce<\/strong><\/p>\n<p>- D\u016fv\u011bra v PiS se p\u0159esouv\u00e1 do m\u00edstn\u00edch samospr\u00e1v, kde p\u0159eb\u00edr\u00e1me moc a realizujeme n\u00e1\u0161 program. P\u0159ed t\u0159emi lety jsme zah\u00e1jili velk\u00fd program oprav st\u00e1tu. Abychom mohli pokra\u010dovat v jeho realizaci, pot\u0159ebujeme dobr\u00e9 partnery v m\u00edstn\u00edch samospr\u00e1v\u00e1ch,\" uvedl p\u0159edseda Sejmu.<\/p>\n<p><a href=\"https:\/\/marekkuchcinski.pl\/wp-content\/uploads\/2018\/11\/Nowosielce-1.jpg\"><img loading=\"lazy\" decoding=\"async\" class=\"alignnone size-full wp-image-10982\" src=\"https:\/\/marekkuchcinski.pl\/wp-content\/uploads\/2018\/11\/Nowosielce-1.jpg\" alt=\"Nowosielce 1\" width=\"960\" height=\"720\" srcset=\"https:\/\/marekkuchcinski.pl\/wp-content\/uploads\/2018\/11\/Nowosielce-1.jpg 960w, https:\/\/marekkuchcinski.pl\/wp-content\/uploads\/2018\/11\/Nowosielce-1-300x225.jpg 300w, https:\/\/marekkuchcinski.pl\/wp-content\/uploads\/2018\/11\/Nowosielce-1-768x576.jpg 768w\" sizes=\"(max-width: 960px) 100vw, 960px\" \/><\/a> <a href=\"https:\/\/marekkuchcinski.pl\/wp-content\/uploads\/2018\/11\/Nowosielce-2.jpg\"><img loading=\"lazy\" decoding=\"async\" class=\"alignnone size-full wp-image-10983\" src=\"https:\/\/marekkuchcinski.pl\/wp-content\/uploads\/2018\/11\/Nowosielce-2.jpg\" alt=\"Nowosielce 2\" width=\"960\" height=\"720\" srcset=\"https:\/\/marekkuchcinski.pl\/wp-content\/uploads\/2018\/11\/Nowosielce-2.jpg 960w, https:\/\/marekkuchcinski.pl\/wp-content\/uploads\/2018\/11\/Nowosielce-2-300x225.jpg 300w, https:\/\/marekkuchcinski.pl\/wp-content\/uploads\/2018\/11\/Nowosielce-2-768x576.jpg 768w\" sizes=\"(max-width: 960px) 100vw, 960px\" \/><\/a><\/p>\n<p><strong>Sv\u011bcen\u00ed a odhalen\u00ed pam\u011btn\u00ed desky Marii a Lechu Kaczy\u0144sk\u00fdm na Komunitn\u00edm sv\u00e9pomocn\u00e9m centru v Krzywe.<\/strong><\/p>\n<p>Mar\u0161\u00e1l se vydal do Krzywe na pozv\u00e1n\u00ed starosty obce Dydnia Jerzyho Adamsk\u00e9ho. P. Jan D\u0105bal, far\u00e1\u0159 z Dydn\u011b, posv\u011btil a odhalil pam\u011btn\u00ed desku Marii a Lechu Kaczy\u0144sk\u00fdm. Komunitn\u00ed sv\u00e9pomocn\u00e9 centrum ponese jm\u00e9no prezidentsk\u00e9ho p\u00e1ru. Pot\u00e9 far\u00e1\u0159 posv\u011btil auto, kter\u00e9 bude slou\u017eit k p\u0159eprav\u011b \u00fa\u010dastn\u00edk\u016f Komunitn\u00edho sv\u00e9pomocn\u00e9ho centra v Krzywe a kter\u00e9 v\u011bnovala obec.<\/p>\n<p>Marek Kuchci\u0144ski upozornil, \u017ee ve ve\u0159ejn\u00e9m \u017eivot\u011b se \u0159\u00edd\u00edme spole\u010dn\u00fdm dobrem. Jsme si v\u011bdomi toho, \u017ee jedn\u00e1me ve ve\u0159ejn\u00e9 sf\u00e9\u0159e pro ostatn\u00ed lidi. Byl to prezident Lech Kaczy\u0144ski, kdo se na ve\u0159ejn\u00e9 z\u00e1le\u017eitosti d\u00edval z pohledu ob\u010dan\u016f. Solidarita pro n\u011bj znamenala pod\u011blit se o svou moc a bohatstv\u00ed s t\u011bmi, kte\u0159\u00ed to pot\u0159ebuj\u00ed.<\/p>\n<p><a href=\"https:\/\/marekkuchcinski.pl\/wp-content\/uploads\/2018\/11\/Krzywe-2.jpg\"><img loading=\"lazy\" decoding=\"async\" class=\"alignnone size-full wp-image-10986\" src=\"https:\/\/marekkuchcinski.pl\/wp-content\/uploads\/2018\/11\/Krzywe-2.jpg\" alt=\"Krzywe 2\" width=\"960\" height=\"720\" srcset=\"https:\/\/marekkuchcinski.pl\/wp-content\/uploads\/2018\/11\/Krzywe-2.jpg 960w, https:\/\/marekkuchcinski.pl\/wp-content\/uploads\/2018\/11\/Krzywe-2-300x225.jpg 300w, https:\/\/marekkuchcinski.pl\/wp-content\/uploads\/2018\/11\/Krzywe-2-768x576.jpg 768w\" sizes=\"(max-width: 960px) 100vw, 960px\" \/><\/a> <a href=\"https:\/\/marekkuchcinski.pl\/wp-content\/uploads\/2018\/11\/Krzywe-6.jpg\"><img loading=\"lazy\" decoding=\"async\" class=\"alignnone size-full wp-image-10990\" src=\"https:\/\/marekkuchcinski.pl\/wp-content\/uploads\/2018\/11\/Krzywe-6.jpg\" alt=\"Krzywe 6\" width=\"960\" height=\"720\" srcset=\"https:\/\/marekkuchcinski.pl\/wp-content\/uploads\/2018\/11\/Krzywe-6.jpg 960w, https:\/\/marekkuchcinski.pl\/wp-content\/uploads\/2018\/11\/Krzywe-6-300x225.jpg 300w, https:\/\/marekkuchcinski.pl\/wp-content\/uploads\/2018\/11\/Krzywe-6-768x576.jpg 768w\" sizes=\"(max-width: 960px) 100vw, 960px\" \/><\/a> <a href=\"https:\/\/marekkuchcinski.pl\/wp-content\/uploads\/2018\/11\/Krzywe-9.jpg\"><img loading=\"lazy\" decoding=\"async\" class=\"alignnone size-full wp-image-10993\" src=\"https:\/\/marekkuchcinski.pl\/wp-content\/uploads\/2018\/11\/Krzywe-9.jpg\" alt=\"Krzywe 9\" width=\"960\" height=\"720\" srcset=\"https:\/\/marekkuchcinski.pl\/wp-content\/uploads\/2018\/11\/Krzywe-9.jpg 960w, https:\/\/marekkuchcinski.pl\/wp-content\/uploads\/2018\/11\/Krzywe-9-300x225.jpg 300w, https:\/\/marekkuchcinski.pl\/wp-content\/uploads\/2018\/11\/Krzywe-9-768x576.jpg 768w\" sizes=\"(max-width: 960px) 100vw, 960px\" \/><\/a><\/p>\n<p><strong>30. \u0159\u00edjna<\/strong><\/p>\n<p><strong>Setk\u00e1n\u00ed se zam\u011bstnanci m\u00edstn\u00ed kancel\u00e1\u0159e KRUS v Przemy\u015blu<\/strong><\/p>\n<p><a href=\"https:\/\/marekkuchcinski.pl\/wp-content\/uploads\/2018\/11\/KRUS-Przemy\u015bl-3.jpg\"><img loading=\"lazy\" decoding=\"async\" class=\"alignnone size-full wp-image-11066\" src=\"https:\/\/marekkuchcinski.pl\/wp-content\/uploads\/2018\/11\/KRUS-Przemy\u015bl-3.jpg\" alt=\"KRUS Przemy\u015bl 3\" width=\"960\" height=\"720\" srcset=\"https:\/\/marekkuchcinski.pl\/wp-content\/uploads\/2018\/11\/KRUS-Przemy\u015bl-3.jpg 960w, https:\/\/marekkuchcinski.pl\/wp-content\/uploads\/2018\/11\/KRUS-Przemy\u015bl-3-300x225.jpg 300w, https:\/\/marekkuchcinski.pl\/wp-content\/uploads\/2018\/11\/KRUS-Przemy\u015bl-3-768x576.jpg 768w\" sizes=\"(max-width: 960px) 100vw, 960px\" \/><\/a> <a href=\"https:\/\/marekkuchcinski.pl\/wp-content\/uploads\/2018\/11\/KRUS-Przemy\u015bl-1.jpg\"><img loading=\"lazy\" decoding=\"async\" class=\"alignnone size-full wp-image-11068\" src=\"https:\/\/marekkuchcinski.pl\/wp-content\/uploads\/2018\/11\/KRUS-Przemy\u015bl-1.jpg\" alt=\"KRUS Przemy\u015bl 1\" width=\"960\" height=\"720\" srcset=\"https:\/\/marekkuchcinski.pl\/wp-content\/uploads\/2018\/11\/KRUS-Przemy\u015bl-1.jpg 960w, https:\/\/marekkuchcinski.pl\/wp-content\/uploads\/2018\/11\/KRUS-Przemy\u015bl-1-300x225.jpg 300w, https:\/\/marekkuchcinski.pl\/wp-content\/uploads\/2018\/11\/KRUS-Przemy\u015bl-1-768x576.jpg 768w\" sizes=\"(max-width: 960px) 100vw, 960px\" \/><\/a><\/p>\n<p><strong>Setk\u00e1n\u00ed se zam\u011bstnanci okresn\u00ed kancel\u00e1\u0159e ARMA v Przemy\u015blu<\/strong><\/p>\n<p><a href=\"https:\/\/marekkuchcinski.pl\/wp-content\/uploads\/2018\/11\/ARiMR-Przemy\u015bl-2.jpg\"><img loading=\"lazy\" decoding=\"async\" class=\"alignnone size-full wp-image-11069\" src=\"https:\/\/marekkuchcinski.pl\/wp-content\/uploads\/2018\/11\/ARiMR-Przemy\u015bl-2.jpg\" alt=\"ARiMR Przemy\u015bl 2\" width=\"960\" height=\"720\" srcset=\"https:\/\/marekkuchcinski.pl\/wp-content\/uploads\/2018\/11\/ARiMR-Przemy\u015bl-2.jpg 960w, https:\/\/marekkuchcinski.pl\/wp-content\/uploads\/2018\/11\/ARiMR-Przemy\u015bl-2-300x225.jpg 300w, https:\/\/marekkuchcinski.pl\/wp-content\/uploads\/2018\/11\/ARiMR-Przemy\u015bl-2-768x576.jpg 768w\" sizes=\"(max-width: 960px) 100vw, 960px\" \/><\/a> <a href=\"https:\/\/marekkuchcinski.pl\/wp-content\/uploads\/2018\/11\/ARiMR-Przemy\u015bl-1.jpg\"><img loading=\"lazy\" decoding=\"async\" class=\"alignnone size-full wp-image-11070\" src=\"https:\/\/marekkuchcinski.pl\/wp-content\/uploads\/2018\/11\/ARiMR-Przemy\u015bl-1.jpg\" alt=\"ARiMR Przemy\u015bl 1\" width=\"960\" height=\"720\" srcset=\"https:\/\/marekkuchcinski.pl\/wp-content\/uploads\/2018\/11\/ARiMR-Przemy\u015bl-1.jpg 960w, https:\/\/marekkuchcinski.pl\/wp-content\/uploads\/2018\/11\/ARiMR-Przemy\u015bl-1-300x225.jpg 300w, https:\/\/marekkuchcinski.pl\/wp-content\/uploads\/2018\/11\/ARiMR-Przemy\u015bl-1-768x576.jpg 768w\" sizes=\"(max-width: 960px) 100vw, 960px\" \/><\/a><\/p>\n<p><strong>Setk\u00e1n\u00ed se zam\u011bstnanci nov\u011b vznikl\u00e9 Oblastn\u00ed z\u00e1chrann\u00e9 stanice v Przemy\u015blu<\/strong><\/p>\n<p><a href=\"https:\/\/marekkuchcinski.pl\/wp-content\/uploads\/2018\/11\/46469253_393786811161511_3321508822308093952_n.jpg\"><img loading=\"lazy\" decoding=\"async\" class=\"alignnone size-full wp-image-11077\" src=\"https:\/\/marekkuchcinski.pl\/wp-content\/uploads\/2018\/11\/46469253_393786811161511_3321508822308093952_n.jpg\" alt=\"46469253_393786811161511_3321508822308093952_n\" width=\"1560\" height=\"1170\" srcset=\"https:\/\/marekkuchcinski.pl\/wp-content\/uploads\/2018\/11\/46469253_393786811161511_3321508822308093952_n.jpg 1560w, https:\/\/marekkuchcinski.pl\/wp-content\/uploads\/2018\/11\/46469253_393786811161511_3321508822308093952_n-300x225.jpg 300w, https:\/\/marekkuchcinski.pl\/wp-content\/uploads\/2018\/11\/46469253_393786811161511_3321508822308093952_n-768x576.jpg 768w, https:\/\/marekkuchcinski.pl\/wp-content\/uploads\/2018\/11\/46469253_393786811161511_3321508822308093952_n-1024x768.jpg 1024w\" sizes=\"(max-width: 1560px) 100vw, 1560px\" \/><\/a><\/p>\n<p><strong>Setk\u00e1n\u00ed s \u0159editeli p\u0159emyslovsk\u00fdch \u0161kol (s pod\u011bkov\u00e1n\u00edm za spolupr\u00e1ci s odstupuj\u00edc\u00edm starostou m\u011bsta Przemy\u0161l Robertem Chomou).<\/strong><\/p>\n<p><a href=\"https:\/\/marekkuchcinski.pl\/wp-content\/uploads\/2018\/11\/nauczyciele-Przemy\u015bl-4.jpg\"><img loading=\"lazy\" decoding=\"async\" class=\"alignnone size-full wp-image-11072\" src=\"https:\/\/marekkuchcinski.pl\/wp-content\/uploads\/2018\/11\/nauczyciele-Przemy\u015bl-4.jpg\" alt=\"nauczyciele Przemy\u015bl 4\" width=\"960\" height=\"720\" srcset=\"https:\/\/marekkuchcinski.pl\/wp-content\/uploads\/2018\/11\/nauczyciele-Przemy\u015bl-4.jpg 960w, https:\/\/marekkuchcinski.pl\/wp-content\/uploads\/2018\/11\/nauczyciele-Przemy\u015bl-4-300x225.jpg 300w, https:\/\/marekkuchcinski.pl\/wp-content\/uploads\/2018\/11\/nauczyciele-Przemy\u015bl-4-768x576.jpg 768w\" sizes=\"(max-width: 960px) 100vw, 960px\" \/><\/a> <a href=\"https:\/\/marekkuchcinski.pl\/wp-content\/uploads\/2018\/11\/nauczyciele-Przemy\u015bl-3.jpg\"><img loading=\"lazy\" decoding=\"async\" class=\"alignnone size-full wp-image-11073\" src=\"https:\/\/marekkuchcinski.pl\/wp-content\/uploads\/2018\/11\/nauczyciele-Przemy\u015bl-3.jpg\" alt=\"nauczyciele Przemy\u015bl 3\" width=\"960\" height=\"720\" srcset=\"https:\/\/marekkuchcinski.pl\/wp-content\/uploads\/2018\/11\/nauczyciele-Przemy\u015bl-3.jpg 960w, https:\/\/marekkuchcinski.pl\/wp-content\/uploads\/2018\/11\/nauczyciele-Przemy\u015bl-3-300x225.jpg 300w, https:\/\/marekkuchcinski.pl\/wp-content\/uploads\/2018\/11\/nauczyciele-Przemy\u015bl-3-768x576.jpg 768w\" sizes=\"(max-width: 960px) 100vw, 960px\" \/><\/a> <a href=\"https:\/\/marekkuchcinski.pl\/wp-content\/uploads\/2018\/11\/nauczyciele-Przemy\u015bl-2.jpg\"><img loading=\"lazy\" decoding=\"async\" class=\"alignnone size-full wp-image-11074\" src=\"https:\/\/marekkuchcinski.pl\/wp-content\/uploads\/2018\/11\/nauczyciele-Przemy\u015bl-2.jpg\" alt=\"nauczyciele Przemy\u015bl 2\" width=\"960\" height=\"720\" srcset=\"https:\/\/marekkuchcinski.pl\/wp-content\/uploads\/2018\/11\/nauczyciele-Przemy\u015bl-2.jpg 960w, https:\/\/marekkuchcinski.pl\/wp-content\/uploads\/2018\/11\/nauczyciele-Przemy\u015bl-2-300x225.jpg 300w, https:\/\/marekkuchcinski.pl\/wp-content\/uploads\/2018\/11\/nauczyciele-Przemy\u015bl-2-768x576.jpg 768w\" sizes=\"(max-width: 960px) 100vw, 960px\" \/><\/a> <a href=\"https:\/\/marekkuchcinski.pl\/wp-content\/uploads\/2018\/11\/nauczyciele-Przemy\u015bl-1.jpg\"><img loading=\"lazy\" decoding=\"async\" class=\"alignnone size-full wp-image-11075\" src=\"https:\/\/marekkuchcinski.pl\/wp-content\/uploads\/2018\/11\/nauczyciele-Przemy\u015bl-1.jpg\" alt=\"nauczyciele Przemy\u015bl 1\" width=\"960\" height=\"720\" srcset=\"https:\/\/marekkuchcinski.pl\/wp-content\/uploads\/2018\/11\/nauczyciele-Przemy\u015bl-1.jpg 960w, https:\/\/marekkuchcinski.pl\/wp-content\/uploads\/2018\/11\/nauczyciele-Przemy\u015bl-1-300x225.jpg 300w, https:\/\/marekkuchcinski.pl\/wp-content\/uploads\/2018\/11\/nauczyciele-Przemy\u015bl-1-768x576.jpg 768w\" sizes=\"(max-width: 960px) 100vw, 960px\" \/><\/a><\/p>\n<p><strong>Setk\u00e1n\u00ed s n\u00e1zorov\u00fdmi v\u016fdci v Zurawici<\/strong><\/p>\n<p><a href=\"https:\/\/marekkuchcinski.pl\/wp-content\/uploads\/2018\/11\/\u017burawica-4.jpg\"><img loading=\"lazy\" decoding=\"async\" class=\"alignnone size-full wp-image-11080\" src=\"https:\/\/marekkuchcinski.pl\/wp-content\/uploads\/2018\/11\/\u017burawica-4.jpg\" alt=\"\u017burawica 4\" width=\"720\" height=\"960\" srcset=\"https:\/\/marekkuchcinski.pl\/wp-content\/uploads\/2018\/11\/\u017burawica-4.jpg 720w, https:\/\/marekkuchcinski.pl\/wp-content\/uploads\/2018\/11\/\u017burawica-4-225x300.jpg 225w\" sizes=\"(max-width: 720px) 100vw, 720px\" \/><\/a> <a href=\"https:\/\/marekkuchcinski.pl\/wp-content\/uploads\/2018\/11\/\u017burawica-3.jpg\"><img loading=\"lazy\" decoding=\"async\" class=\"alignnone size-full wp-image-11081\" src=\"https:\/\/marekkuchcinski.pl\/wp-content\/uploads\/2018\/11\/\u017burawica-3.jpg\" alt=\"\u017burawica 3\" width=\"960\" height=\"720\" srcset=\"https:\/\/marekkuchcinski.pl\/wp-content\/uploads\/2018\/11\/\u017burawica-3.jpg 960w, https:\/\/marekkuchcinski.pl\/wp-content\/uploads\/2018\/11\/\u017burawica-3-300x225.jpg 300w, https:\/\/marekkuchcinski.pl\/wp-content\/uploads\/2018\/11\/\u017burawica-3-768x576.jpg 768w\" sizes=\"(max-width: 960px) 100vw, 960px\" \/><\/a> <a href=\"https:\/\/marekkuchcinski.pl\/wp-content\/uploads\/2018\/11\/\u017burawica-2.jpg\"><img loading=\"lazy\" decoding=\"async\" class=\"alignnone size-full wp-image-11082\" src=\"https:\/\/marekkuchcinski.pl\/wp-content\/uploads\/2018\/11\/\u017burawica-2.jpg\" alt=\"\u017burawica 2\" width=\"960\" height=\"720\" srcset=\"https:\/\/marekkuchcinski.pl\/wp-content\/uploads\/2018\/11\/\u017burawica-2.jpg 960w, https:\/\/marekkuchcinski.pl\/wp-content\/uploads\/2018\/11\/\u017burawica-2-300x225.jpg 300w, https:\/\/marekkuchcinski.pl\/wp-content\/uploads\/2018\/11\/\u017burawica-2-768x576.jpg 768w\" sizes=\"(max-width: 960px) 100vw, 960px\" \/><\/a><\/p>\n<p><strong>31. \u0159\u00edjna<\/strong><\/p>\n<p><strong>Setk\u00e1n\u00ed se zam\u011bstnanci a p\u0159\u00edslu\u0161n\u00edky M\u011bstsk\u00e9ho hasi\u010dsk\u00e9ho sboru v Przemy\u015blu<\/strong><\/p>\n<p><a href=\"https:\/\/marekkuchcinski.pl\/wp-content\/uploads\/2018\/11\/Stra\u017cacy-Przemy\u015bl-9.jpg\"><img loading=\"lazy\" decoding=\"async\" class=\"alignnone size-full wp-image-11085\" src=\"https:\/\/marekkuchcinski.pl\/wp-content\/uploads\/2018\/11\/Stra\u017cacy-Przemy\u015bl-9.jpg\" alt=\"Stra\u017cacy Przemy\u015bl 9\" width=\"720\" height=\"960\" srcset=\"https:\/\/marekkuchcinski.pl\/wp-content\/uploads\/2018\/11\/Stra\u017cacy-Przemy\u015bl-9.jpg 720w, https:\/\/marekkuchcinski.pl\/wp-content\/uploads\/2018\/11\/Stra\u017cacy-Przemy\u015bl-9-225x300.jpg 225w\" sizes=\"(max-width: 720px) 100vw, 720px\" \/><\/a> <a href=\"https:\/\/marekkuchcinski.pl\/wp-content\/uploads\/2018\/11\/Stra\u017cacy-Przemy\u015bl-8.jpg\"><img loading=\"lazy\" decoding=\"async\" class=\"alignnone size-full wp-image-11086\" src=\"https:\/\/marekkuchcinski.pl\/wp-content\/uploads\/2018\/11\/Stra\u017cacy-Przemy\u015bl-8.jpg\" alt=\"Stra\u017cacy Przemy\u015bl 8\" width=\"960\" height=\"720\" srcset=\"https:\/\/marekkuchcinski.pl\/wp-content\/uploads\/2018\/11\/Stra\u017cacy-Przemy\u015bl-8.jpg 960w, https:\/\/marekkuchcinski.pl\/wp-content\/uploads\/2018\/11\/Stra\u017cacy-Przemy\u015bl-8-300x225.jpg 300w, https:\/\/marekkuchcinski.pl\/wp-content\/uploads\/2018\/11\/Stra\u017cacy-Przemy\u015bl-8-768x576.jpg 768w\" sizes=\"(max-width: 960px) 100vw, 960px\" \/><\/a> <a href=\"https:\/\/marekkuchcinski.pl\/wp-content\/uploads\/2018\/11\/Stra\u017cacy-Przemy\u015bl-7.jpg\"><img loading=\"lazy\" decoding=\"async\" class=\"alignnone size-full wp-image-11087\" src=\"https:\/\/marekkuchcinski.pl\/wp-content\/uploads\/2018\/11\/Stra\u017cacy-Przemy\u015bl-7.jpg\" alt=\"Stra\u017cacy Przemy\u015bl 7\" width=\"720\" height=\"960\" srcset=\"https:\/\/marekkuchcinski.pl\/wp-content\/uploads\/2018\/11\/Stra\u017cacy-Przemy\u015bl-7.jpg 720w, https:\/\/marekkuchcinski.pl\/wp-content\/uploads\/2018\/11\/Stra\u017cacy-Przemy\u015bl-7-225x300.jpg 225w\" sizes=\"(max-width: 720px) 100vw, 720px\" \/><\/a> <a href=\"https:\/\/marekkuchcinski.pl\/wp-content\/uploads\/2018\/11\/Stra\u017cacy-Przemy\u015bl-6.jpg\"><img loading=\"lazy\" decoding=\"async\" class=\"alignnone size-full wp-image-11088\" src=\"https:\/\/marekkuchcinski.pl\/wp-content\/uploads\/2018\/11\/Stra\u017cacy-Przemy\u015bl-6.jpg\" alt=\"Stra\u017cacy Przemy\u015bl 6\" width=\"720\" height=\"960\" srcset=\"https:\/\/marekkuchcinski.pl\/wp-content\/uploads\/2018\/11\/Stra\u017cacy-Przemy\u015bl-6.jpg 720w, https:\/\/marekkuchcinski.pl\/wp-content\/uploads\/2018\/11\/Stra\u017cacy-Przemy\u015bl-6-225x300.jpg 225w\" sizes=\"(max-width: 720px) 100vw, 720px\" \/><\/a> <a href=\"https:\/\/marekkuchcinski.pl\/wp-content\/uploads\/2018\/11\/Stra\u017cacy-Przemy\u015bl-5.jpg\"><img loading=\"lazy\" decoding=\"async\" class=\"alignnone size-full wp-image-11089\" src=\"https:\/\/marekkuchcinski.pl\/wp-content\/uploads\/2018\/11\/Stra\u017cacy-Przemy\u015bl-5.jpg\" alt=\"Stra\u017cacy Przemy\u015bl 5\" width=\"720\" height=\"960\" srcset=\"https:\/\/marekkuchcinski.pl\/wp-content\/uploads\/2018\/11\/Stra\u017cacy-Przemy\u015bl-5.jpg 720w, https:\/\/marekkuchcinski.pl\/wp-content\/uploads\/2018\/11\/Stra\u017cacy-Przemy\u015bl-5-225x300.jpg 225w\" sizes=\"(max-width: 720px) 100vw, 720px\" \/><\/a> <a href=\"https:\/\/marekkuchcinski.pl\/wp-content\/uploads\/2018\/11\/Stra\u017cacy-Przemy\u015bl-3.jpg\"><img loading=\"lazy\" decoding=\"async\" class=\"alignnone size-full wp-image-11091\" src=\"https:\/\/marekkuchcinski.pl\/wp-content\/uploads\/2018\/11\/Stra\u017cacy-Przemy\u015bl-3.jpg\" alt=\"Stra\u017cacy Przemy\u015bl 3\" width=\"960\" height=\"720\" srcset=\"https:\/\/marekkuchcinski.pl\/wp-content\/uploads\/2018\/11\/Stra\u017cacy-Przemy\u015bl-3.jpg 960w, https:\/\/marekkuchcinski.pl\/wp-content\/uploads\/2018\/11\/Stra\u017cacy-Przemy\u015bl-3-300x225.jpg 300w, https:\/\/marekkuchcinski.pl\/wp-content\/uploads\/2018\/11\/Stra\u017cacy-Przemy\u015bl-3-768x576.jpg 768w\" sizes=\"(max-width: 960px) 100vw, 960px\" \/><\/a> <a href=\"https:\/\/marekkuchcinski.pl\/wp-content\/uploads\/2018\/11\/Stra\u017cacy-Przemy\u015bl-2.jpg\"><img loading=\"lazy\" decoding=\"async\" class=\"alignnone size-full wp-image-11092\" src=\"https:\/\/marekkuchcinski.pl\/wp-content\/uploads\/2018\/11\/Stra\u017cacy-Przemy\u015bl-2.jpg\" alt=\"Stra\u017cacy Przemy\u015bl 2\" width=\"960\" height=\"720\" srcset=\"https:\/\/marekkuchcinski.pl\/wp-content\/uploads\/2018\/11\/Stra\u017cacy-Przemy\u015bl-2.jpg 960w, https:\/\/marekkuchcinski.pl\/wp-content\/uploads\/2018\/11\/Stra\u017cacy-Przemy\u015bl-2-300x225.jpg 300w, https:\/\/marekkuchcinski.pl\/wp-content\/uploads\/2018\/11\/Stra\u017cacy-Przemy\u015bl-2-768x576.jpg 768w\" sizes=\"(max-width: 960px) 100vw, 960px\" \/><\/a> <a href=\"https:\/\/marekkuchcinski.pl\/wp-content\/uploads\/2018\/11\/Stra\u017cacy-Przemy\u015bl-1.jpg\"><img loading=\"lazy\" decoding=\"async\" class=\"alignnone size-full wp-image-11093\" src=\"https:\/\/marekkuchcinski.pl\/wp-content\/uploads\/2018\/11\/Stra\u017cacy-Przemy\u015bl-1.jpg\" alt=\"Stra\u017cacy Przemy\u015bl 1\" width=\"720\" height=\"960\" srcset=\"https:\/\/marekkuchcinski.pl\/wp-content\/uploads\/2018\/11\/Stra\u017cacy-Przemy\u015bl-1.jpg 720w, https:\/\/marekkuchcinski.pl\/wp-content\/uploads\/2018\/11\/Stra\u017cacy-Przemy\u015bl-1-225x300.jpg 225w\" sizes=\"(max-width: 720px) 100vw, 720px\" \/><\/a><\/p>","protected":false},"excerpt":{"rendered":"<p>1 pa\u017adziernika W\u00a0Pola\u0144czyku Marsza\u0142ek Sejmu\u00a0otworzy\u0142 konferencj\u0119 &#8222;Program dla Bieszczad&#8221; Ministerstwa Infrastruktury i Rozwoju. Marek Kuchci\u0144ski powiedzia\u0142, \u017ce konferencj\u0119 otwiera z du\u017cymi nadziejami,\u00a0poniewa\u017c dzi\u0119ki \u201eProgramowi dla Bieszczad\u201d buduje si\u0119 mark\u0119 maj\u0105c\u0105 charakteryzowa\u0107 nasz\u0105 cz\u0119\u015b\u0107 Karpat. \u201eProgram dla Bieszczad\u201d to kolejny etap w polityce rozwoju ca\u0142ych Karpat, a dzi\u015b w Pola\u0144czyku realizuj\u0105 si\u0119 wcze\u015bniejsze ministerialne zapowiedzi. Minister [&hellip;]<\/p>","protected":false},"author":6,"featured_media":10804,"comment_status":"open","ping_status":"open","sticky":false,"template":"","format":"standard","meta":{"ngg_post_thumbnail":0,"footnotes":""},"categories":[49,127,82],"tags":[],"class_list":["post-10784","post","type-post","status-publish","format-standard","has-post-thumbnail","hentry","category-podkarpacie","category-podsumowaniemiesiaca","category-prawo-i-sprawiedliwosc"],"yoast_head":"<!-- This site is optimized with the Yoast SEO plugin v24.7 - https:\/\/yoast.com\/wordpress\/plugins\/seo\/ -->\n<title>Spotkania z mieszka\u0144cami Podkarpacia: 1-31 pa\u017adziernika &#8211; Marek Kuchci\u0144ski<\/title>\n<meta name=\"robots\" content=\"index, follow, max-snippet:-1, max-image-preview:large, max-video-preview:-1\" \/>\n<link rel=\"canonical\" href=\"https:\/\/marekkuchcinski.pl\/cs\/prawo-i-sprawiedliwosc\/spotkania-mieszkancami-podkarpacia-wybory-samorzadowe-2018\/\" \/>\n<meta property=\"og:locale\" content=\"cs_CZ\" \/>\n<meta property=\"og:type\" content=\"article\" \/>\n<meta property=\"og:title\" content=\"Spotkania z mieszka\u0144cami Podkarpacia: 1-31 pa\u017adziernika &#8211; Marek Kuchci\u0144ski\" \/>\n<meta property=\"og:description\" content=\"1 pa\u017adziernika W\u00a0Pola\u0144czyku Marsza\u0142ek Sejmu\u00a0otworzy\u0142 konferencj\u0119 &#8222;Program dla Bieszczad&#8221; Ministerstwa Infrastruktury i Rozwoju. Marek Kuchci\u0144ski powiedzia\u0142, \u017ce konferencj\u0119 otwiera z du\u017cymi nadziejami,\u00a0poniewa\u017c dzi\u0119ki \u201eProgramowi dla Bieszczad\u201d buduje si\u0119 mark\u0119 maj\u0105c\u0105 charakteryzowa\u0107 nasz\u0105 cz\u0119\u015b\u0107 Karpat. \u201eProgram dla Bieszczad\u201d to kolejny etap w polityce rozwoju ca\u0142ych Karpat, a dzi\u015b w Pola\u0144czyku realizuj\u0105 si\u0119 wcze\u015bniejsze ministerialne zapowiedzi. Minister [&hellip;]\" \/>\n<meta property=\"og:url\" content=\"https:\/\/marekkuchcinski.pl\/cs\/prawo-i-sprawiedliwosc\/spotkania-mieszkancami-podkarpacia-wybory-samorzadowe-2018\/\" \/>\n<meta property=\"og:site_name\" content=\"Marek Kuchci\u0144ski\" \/>\n<meta property=\"article:published_time\" content=\"2018-11-21T12:00:43+00:00\" \/>\n<meta property=\"article:modified_time\" content=\"2018-11-27T09:48:46+00:00\" \/>\n<meta property=\"og:image\" content=\"https:\/\/marekkuchcinski.pl\/wp-content\/uploads\/2018\/11\/Jasionka-7.jpg\" \/>\n\t<meta property=\"og:image:width\" content=\"960\" \/>\n\t<meta property=\"og:image:height\" content=\"720\" \/>\n\t<meta property=\"og:image:type\" content=\"image\/jpeg\" \/>\n<meta name=\"author\" content=\"admin\" \/>\n<meta name=\"twitter:card\" content=\"summary_large_image\" \/>\n<meta name=\"twitter:label1\" content=\"Napsal(a)\" \/>\n\t<meta name=\"twitter:data1\" content=\"admin\" \/>\n\t<meta name=\"twitter:label2\" content=\"Odhadovan\u00e1 doba \u010dten\u00ed\" \/>\n\t<meta name=\"twitter:data2\" content=\"13 minut\" \/>\n<script type=\"application\/ld+json\" class=\"yoast-schema-graph\">{\"@context\":\"https:\/\/schema.org\",\"@graph\":[{\"@type\":\"Article\",\"@id\":\"https:\/\/marekkuchcinski.pl\/en\/prawo-i-sprawiedliwosc\/spotkania-mieszkancami-podkarpacia-wybory-samorzadowe-2018\/#article\",\"isPartOf\":{\"@id\":\"https:\/\/marekkuchcinski.pl\/en\/prawo-i-sprawiedliwosc\/spotkania-mieszkancami-podkarpacia-wybory-samorzadowe-2018\/\"},\"author\":{\"name\":\"admin\",\"@id\":\"https:\/\/marekkuchcinski.pl\/#\/schema\/person\/6f62700996b4d950b6ea2d1183b6c6be\"},\"headline\":\"Spotkania z mieszka\u0144cami Podkarpacia: 1-31 pa\u017adziernika\",\"datePublished\":\"2018-11-21T12:00:43+00:00\",\"dateModified\":\"2018-11-27T09:48:46+00:00\",\"mainEntityOfPage\":{\"@id\":\"https:\/\/marekkuchcinski.pl\/en\/prawo-i-sprawiedliwosc\/spotkania-mieszkancami-podkarpacia-wybory-samorzadowe-2018\/\"},\"wordCount\":2611,\"commentCount\":0,\"publisher\":{\"@id\":\"https:\/\/marekkuchcinski.pl\/#organization\"},\"image\":{\"@id\":\"https:\/\/marekkuchcinski.pl\/en\/prawo-i-sprawiedliwosc\/spotkania-mieszkancami-podkarpacia-wybory-samorzadowe-2018\/#primaryimage\"},\"thumbnailUrl\":\"https:\/\/marekkuchcinski.pl\/wp-content\/uploads\/2018\/11\/Jasionka-7.jpg\",\"articleSection\":[\"Podkarpacie\",\"Podsumowanie miesi\u0105ca\",\"Prawo i Sprawiedliwo\u015b\u0107\"],\"inLanguage\":\"cs\",\"potentialAction\":[{\"@type\":\"CommentAction\",\"name\":\"Comment\",\"target\":[\"https:\/\/marekkuchcinski.pl\/en\/prawo-i-sprawiedliwosc\/spotkania-mieszkancami-podkarpacia-wybory-samorzadowe-2018\/#respond\"]}]},{\"@type\":\"WebPage\",\"@id\":\"https:\/\/marekkuchcinski.pl\/en\/prawo-i-sprawiedliwosc\/spotkania-mieszkancami-podkarpacia-wybory-samorzadowe-2018\/\",\"url\":\"https:\/\/marekkuchcinski.pl\/en\/prawo-i-sprawiedliwosc\/spotkania-mieszkancami-podkarpacia-wybory-samorzadowe-2018\/\",\"name\":\"Spotkania z mieszka\u0144cami Podkarpacia: 1-31 pa\u017adziernika &#8211; Marek Kuchci\u0144ski\",\"isPartOf\":{\"@id\":\"https:\/\/marekkuchcinski.pl\/#website\"},\"primaryImageOfPage\":{\"@id\":\"https:\/\/marekkuchcinski.pl\/en\/prawo-i-sprawiedliwosc\/spotkania-mieszkancami-podkarpacia-wybory-samorzadowe-2018\/#primaryimage\"},\"image\":{\"@id\":\"https:\/\/marekkuchcinski.pl\/en\/prawo-i-sprawiedliwosc\/spotkania-mieszkancami-podkarpacia-wybory-samorzadowe-2018\/#primaryimage\"},\"thumbnailUrl\":\"https:\/\/marekkuchcinski.pl\/wp-content\/uploads\/2018\/11\/Jasionka-7.jpg\",\"datePublished\":\"2018-11-21T12:00:43+00:00\",\"dateModified\":\"2018-11-27T09:48:46+00:00\",\"breadcrumb\":{\"@id\":\"https:\/\/marekkuchcinski.pl\/en\/prawo-i-sprawiedliwosc\/spotkania-mieszkancami-podkarpacia-wybory-samorzadowe-2018\/#breadcrumb\"},\"inLanguage\":\"cs\",\"potentialAction\":[{\"@type\":\"ReadAction\",\"target\":[\"https:\/\/marekkuchcinski.pl\/en\/prawo-i-sprawiedliwosc\/spotkania-mieszkancami-podkarpacia-wybory-samorzadowe-2018\/\"]}]},{\"@type\":\"ImageObject\",\"inLanguage\":\"cs\",\"@id\":\"https:\/\/marekkuchcinski.pl\/en\/prawo-i-sprawiedliwosc\/spotkania-mieszkancami-podkarpacia-wybory-samorzadowe-2018\/#primaryimage\",\"url\":\"https:\/\/marekkuchcinski.pl\/wp-content\/uploads\/2018\/11\/Jasionka-7.jpg\",\"contentUrl\":\"https:\/\/marekkuchcinski.pl\/wp-content\/uploads\/2018\/11\/Jasionka-7.jpg\",\"width\":960,\"height\":720},{\"@type\":\"BreadcrumbList\",\"@id\":\"https:\/\/marekkuchcinski.pl\/en\/prawo-i-sprawiedliwosc\/spotkania-mieszkancami-podkarpacia-wybory-samorzadowe-2018\/#breadcrumb\",\"itemListElement\":[{\"@type\":\"ListItem\",\"position\":1,\"name\":\"Strona g\u0142\u00f3wna\",\"item\":\"https:\/\/marekkuchcinski.pl\/\"},{\"@type\":\"ListItem\",\"position\":2,\"name\":\"Spotkania z mieszka\u0144cami Podkarpacia: 1-31 pa\u017adziernika\"}]},{\"@type\":\"WebSite\",\"@id\":\"https:\/\/marekkuchcinski.pl\/#website\",\"url\":\"https:\/\/marekkuchcinski.pl\/\",\"name\":\"Marek Kuchci\u0144ski\",\"description\":\"Pose\u0142 na sejm RP &ndash; okr\u0119g nr 22\",\"publisher\":{\"@id\":\"https:\/\/marekkuchcinski.pl\/#organization\"},\"potentialAction\":[{\"@type\":\"SearchAction\",\"target\":{\"@type\":\"EntryPoint\",\"urlTemplate\":\"https:\/\/marekkuchcinski.pl\/?s={search_term_string}\"},\"query-input\":{\"@type\":\"PropertyValueSpecification\",\"valueRequired\":true,\"valueName\":\"search_term_string\"}}],\"inLanguage\":\"cs\"},{\"@type\":\"Organization\",\"@id\":\"https:\/\/marekkuchcinski.pl\/#organization\",\"name\":\"Marek Kuchci\u0144ski\",\"url\":\"https:\/\/marekkuchcinski.pl\/\",\"logo\":{\"@type\":\"ImageObject\",\"inLanguage\":\"cs\",\"@id\":\"https:\/\/marekkuchcinski.pl\/#\/schema\/logo\/image\/\",\"url\":\"https:\/\/marekkuchcinski.pl\/wp-content\/uploads\/2022\/09\/Marek.jpg\",\"contentUrl\":\"https:\/\/marekkuchcinski.pl\/wp-content\/uploads\/2022\/09\/Marek.jpg\",\"width\":1600,\"height\":971,\"caption\":\"Marek Kuchci\u0144ski\"},\"image\":{\"@id\":\"https:\/\/marekkuchcinski.pl\/#\/schema\/logo\/image\/\"}},{\"@type\":\"Person\",\"@id\":\"https:\/\/marekkuchcinski.pl\/#\/schema\/person\/6f62700996b4d950b6ea2d1183b6c6be\",\"name\":\"admin\",\"image\":{\"@type\":\"ImageObject\",\"inLanguage\":\"cs\",\"@id\":\"https:\/\/marekkuchcinski.pl\/#\/schema\/person\/image\/\",\"url\":\"https:\/\/secure.gravatar.com\/avatar\/4bab693b9d55c3d6b52c0296a8765085?s=96&d=mm&r=g\",\"contentUrl\":\"https:\/\/secure.gravatar.com\/avatar\/4bab693b9d55c3d6b52c0296a8765085?s=96&d=mm&r=g\",\"caption\":\"admin\"},\"url\":\"https:\/\/marekkuchcinski.pl\/cs\/author\/marta-olejnik\/\"}]}<\/script>\n<!-- \/ Yoast SEO plugin. -->","yoast_head_json":{"title":"Spotkania z mieszka\u0144cami Podkarpacia: 1-31 pa\u017adziernika &#8211; Marek Kuchci\u0144ski","robots":{"index":"index","follow":"follow","max-snippet":"max-snippet:-1","max-image-preview":"max-image-preview:large","max-video-preview":"max-video-preview:-1"},"canonical":"https:\/\/marekkuchcinski.pl\/cs\/prawo-i-sprawiedliwosc\/spotkania-mieszkancami-podkarpacia-wybory-samorzadowe-2018\/","og_locale":"cs_CZ","og_type":"article","og_title":"Spotkania z mieszka\u0144cami Podkarpacia: 1-31 pa\u017adziernika &#8211; Marek Kuchci\u0144ski","og_description":"1 pa\u017adziernika W\u00a0Pola\u0144czyku Marsza\u0142ek Sejmu\u00a0otworzy\u0142 konferencj\u0119 &#8222;Program dla Bieszczad&#8221; Ministerstwa Infrastruktury i Rozwoju. Marek Kuchci\u0144ski powiedzia\u0142, \u017ce konferencj\u0119 otwiera z du\u017cymi nadziejami,\u00a0poniewa\u017c dzi\u0119ki \u201eProgramowi dla Bieszczad\u201d buduje si\u0119 mark\u0119 maj\u0105c\u0105 charakteryzowa\u0107 nasz\u0105 cz\u0119\u015b\u0107 Karpat. \u201eProgram dla Bieszczad\u201d to kolejny etap w polityce rozwoju ca\u0142ych Karpat, a dzi\u015b w Pola\u0144czyku realizuj\u0105 si\u0119 wcze\u015bniejsze ministerialne zapowiedzi. Minister [&hellip;]","og_url":"https:\/\/marekkuchcinski.pl\/cs\/prawo-i-sprawiedliwosc\/spotkania-mieszkancami-podkarpacia-wybory-samorzadowe-2018\/","og_site_name":"Marek Kuchci\u0144ski","article_published_time":"2018-11-21T12:00:43+00:00","article_modified_time":"2018-11-27T09:48:46+00:00","og_image":[{"width":960,"height":720,"url":"https:\/\/marekkuchcinski.pl\/wp-content\/uploads\/2018\/11\/Jasionka-7.jpg","type":"image\/jpeg"}],"author":"admin","twitter_card":"summary_large_image","twitter_misc":{"Napsal(a)":"admin","Odhadovan\u00e1 doba \u010dten\u00ed":"13 minut"},"schema":{"@context":"https:\/\/schema.org","@graph":[{"@type":"Article","@id":"https:\/\/marekkuchcinski.pl\/en\/prawo-i-sprawiedliwosc\/spotkania-mieszkancami-podkarpacia-wybory-samorzadowe-2018\/#article","isPartOf":{"@id":"https:\/\/marekkuchcinski.pl\/en\/prawo-i-sprawiedliwosc\/spotkania-mieszkancami-podkarpacia-wybory-samorzadowe-2018\/"},"author":{"name":"admin","@id":"https:\/\/marekkuchcinski.pl\/#\/schema\/person\/6f62700996b4d950b6ea2d1183b6c6be"},"headline":"Spotkania z mieszka\u0144cami Podkarpacia: 1-31 pa\u017adziernika","datePublished":"2018-11-21T12:00:43+00:00","dateModified":"2018-11-27T09:48:46+00:00","mainEntityOfPage":{"@id":"https:\/\/marekkuchcinski.pl\/en\/prawo-i-sprawiedliwosc\/spotkania-mieszkancami-podkarpacia-wybory-samorzadowe-2018\/"},"wordCount":2611,"commentCount":0,"publisher":{"@id":"https:\/\/marekkuchcinski.pl\/#organization"},"image":{"@id":"https:\/\/marekkuchcinski.pl\/en\/prawo-i-sprawiedliwosc\/spotkania-mieszkancami-podkarpacia-wybory-samorzadowe-2018\/#primaryimage"},"thumbnailUrl":"https:\/\/marekkuchcinski.pl\/wp-content\/uploads\/2018\/11\/Jasionka-7.jpg","articleSection":["Podkarpacie","Podsumowanie miesi\u0105ca","Prawo i Sprawiedliwo\u015b\u0107"],"inLanguage":"cs","potentialAction":[{"@type":"CommentAction","name":"Comment","target":["https:\/\/marekkuchcinski.pl\/en\/prawo-i-sprawiedliwosc\/spotkania-mieszkancami-podkarpacia-wybory-samorzadowe-2018\/#respond"]}]},{"@type":"WebPage","@id":"https:\/\/marekkuchcinski.pl\/en\/prawo-i-sprawiedliwosc\/spotkania-mieszkancami-podkarpacia-wybory-samorzadowe-2018\/","url":"https:\/\/marekkuchcinski.pl\/en\/prawo-i-sprawiedliwosc\/spotkania-mieszkancami-podkarpacia-wybory-samorzadowe-2018\/","name":"Spotkania z mieszka\u0144cami Podkarpacia: 1-31 pa\u017adziernika &#8211; Marek Kuchci\u0144ski","isPartOf":{"@id":"https:\/\/marekkuchcinski.pl\/#website"},"primaryImageOfPage":{"@id":"https:\/\/marekkuchcinski.pl\/en\/prawo-i-sprawiedliwosc\/spotkania-mieszkancami-podkarpacia-wybory-samorzadowe-2018\/#primaryimage"},"image":{"@id":"https:\/\/marekkuchcinski.pl\/en\/prawo-i-sprawiedliwosc\/spotkania-mieszkancami-podkarpacia-wybory-samorzadowe-2018\/#primaryimage"},"thumbnailUrl":"https:\/\/marekkuchcinski.pl\/wp-content\/uploads\/2018\/11\/Jasionka-7.jpg","datePublished":"2018-11-21T12:00:43+00:00","dateModified":"2018-11-27T09:48:46+00:00","breadcrumb":{"@id":"https:\/\/marekkuchcinski.pl\/en\/prawo-i-sprawiedliwosc\/spotkania-mieszkancami-podkarpacia-wybory-samorzadowe-2018\/#breadcrumb"},"inLanguage":"cs","potentialAction":[{"@type":"ReadAction","target":["https:\/\/marekkuchcinski.pl\/en\/prawo-i-sprawiedliwosc\/spotkania-mieszkancami-podkarpacia-wybory-samorzadowe-2018\/"]}]},{"@type":"ImageObject","inLanguage":"cs","@id":"https:\/\/marekkuchcinski.pl\/en\/prawo-i-sprawiedliwosc\/spotkania-mieszkancami-podkarpacia-wybory-samorzadowe-2018\/#primaryimage","url":"https:\/\/marekkuchcinski.pl\/wp-content\/uploads\/2018\/11\/Jasionka-7.jpg","contentUrl":"https:\/\/marekkuchcinski.pl\/wp-content\/uploads\/2018\/11\/Jasionka-7.jpg","width":960,"height":720},{"@type":"BreadcrumbList","@id":"https:\/\/marekkuchcinski.pl\/en\/prawo-i-sprawiedliwosc\/spotkania-mieszkancami-podkarpacia-wybory-samorzadowe-2018\/#breadcrumb","itemListElement":[{"@type":"ListItem","position":1,"name":"Strona g\u0142\u00f3wna","item":"https:\/\/marekkuchcinski.pl\/"},{"@type":"ListItem","position":2,"name":"Spotkania z mieszka\u0144cami Podkarpacia: 1-31 pa\u017adziernika"}]},{"@type":"WebSite","@id":"https:\/\/marekkuchcinski.pl\/#website","url":"https:\/\/marekkuchcinski.pl\/","name":"Marek Kuchci\u0144ski","description":"Pose\u0142 na sejm RP &ndash; okr\u0119g nr 22","publisher":{"@id":"https:\/\/marekkuchcinski.pl\/#organization"},"potentialAction":[{"@type":"SearchAction","target":{"@type":"EntryPoint","urlTemplate":"https:\/\/marekkuchcinski.pl\/?s={search_term_string}"},"query-input":{"@type":"PropertyValueSpecification","valueRequired":true,"valueName":"search_term_string"}}],"inLanguage":"cs"},{"@type":"Organization","@id":"https:\/\/marekkuchcinski.pl\/#organization","name":"Marek Kuchci\u0144ski","url":"https:\/\/marekkuchcinski.pl\/","logo":{"@type":"ImageObject","inLanguage":"cs","@id":"https:\/\/marekkuchcinski.pl\/#\/schema\/logo\/image\/","url":"https:\/\/marekkuchcinski.pl\/wp-content\/uploads\/2022\/09\/Marek.jpg","contentUrl":"https:\/\/marekkuchcinski.pl\/wp-content\/uploads\/2022\/09\/Marek.jpg","width":1600,"height":971,"caption":"Marek Kuchci\u0144ski"},"image":{"@id":"https:\/\/marekkuchcinski.pl\/#\/schema\/logo\/image\/"}},{"@type":"Person","@id":"https:\/\/marekkuchcinski.pl\/#\/schema\/person\/6f62700996b4d950b6ea2d1183b6c6be","name":"admin","image":{"@type":"ImageObject","inLanguage":"cs","@id":"https:\/\/marekkuchcinski.pl\/#\/schema\/person\/image\/","url":"https:\/\/secure.gravatar.com\/avatar\/4bab693b9d55c3d6b52c0296a8765085?s=96&d=mm&r=g","contentUrl":"https:\/\/secure.gravatar.com\/avatar\/4bab693b9d55c3d6b52c0296a8765085?s=96&d=mm&r=g","caption":"admin"},"url":"https:\/\/marekkuchcinski.pl\/cs\/author\/marta-olejnik\/"}]}},"_links":{"self":[{"href":"https:\/\/marekkuchcinski.pl\/cs\/wp-json\/wp\/v2\/posts\/10784","targetHints":{"allow":["GET"]}}],"collection":[{"href":"https:\/\/marekkuchcinski.pl\/cs\/wp-json\/wp\/v2\/posts"}],"about":[{"href":"https:\/\/marekkuchcinski.pl\/cs\/wp-json\/wp\/v2\/types\/post"}],"author":[{"embeddable":true,"href":"https:\/\/marekkuchcinski.pl\/cs\/wp-json\/wp\/v2\/users\/6"}],"replies":[{"embeddable":true,"href":"https:\/\/marekkuchcinski.pl\/cs\/wp-json\/wp\/v2\/comments?post=10784"}],"version-history":[{"count":88,"href":"https:\/\/marekkuchcinski.pl\/cs\/wp-json\/wp\/v2\/posts\/10784\/revisions"}],"predecessor-version":[{"id":11318,"href":"https:\/\/marekkuchcinski.pl\/cs\/wp-json\/wp\/v2\/posts\/10784\/revisions\/11318"}],"wp:featuredmedia":[{"embeddable":true,"href":"https:\/\/marekkuchcinski.pl\/cs\/wp-json\/wp\/v2\/media\/10804"}],"wp:attachment":[{"href":"https:\/\/marekkuchcinski.pl\/cs\/wp-json\/wp\/v2\/media?parent=10784"}],"wp:term":[{"taxonomy":"category","embeddable":true,"href":"https:\/\/marekkuchcinski.pl\/cs\/wp-json\/wp\/v2\/categories?post=10784"},{"taxonomy":"post_tag","embeddable":true,"href":"https:\/\/marekkuchcinski.pl\/cs\/wp-json\/wp\/v2\/tags?post=10784"}],"curies":[{"name":"wp","href":"https:\/\/api.w.org\/{rel}","templated":true}]}}