{"id":10774,"date":"2018-11-16T13:58:15","date_gmt":"2018-11-16T12:58:15","guid":{"rendered":"https:\/\/marekkuchcinski.pl\/?p=10774"},"modified":"2018-11-16T14:29:43","modified_gmt":"2018-11-16T13:29:43","slug":"pazdziernikowe-darmowe-porady-prawne-biurze-poselskim-marka-kuchcinskiego","status":"publish","type":"post","link":"https:\/\/marekkuchcinski.pl\/cs\/wydarzenia\/pazdziernikowe-darmowe-porady-prawne-biurze-poselskim-marka-kuchcinskiego\/","title":{"rendered":"Bezplatn\u00e9 pr\u00e1vn\u00ed poradenstv\u00ed v \u0159\u00edjnu v parlamentn\u00ed kancel\u00e1\u0159i Marka Kuchci\u0144sk\u00e9ho"},"content":{"rendered":"<p><strong>Pr\u00e1vn\u00ed interven\u010dn\u00ed a poradensk\u00e1 kancel\u00e1\u0159 PiS v Przemy\u015blu je parlamentn\u00ed pracovn\u00ed z\u00f3nou poslance Marka Kuchci\u0144sk\u00e9ho. Pod\u00edl\u00ed se na \u0159e\u0161en\u00ed probl\u00e9m\u016f Podkarpatsk\u00e9ho vojvodstv\u00ed a region\u00e1ln\u00ed politiky.<\/strong><\/p>\n<p><strong>\u00da\u0159ad poskytuje pomoc v\u0161em, kte\u0159\u00ed jsou posti\u017eeni nespravedlnost\u00ed, nekompetentnost\u00ed nebo aroganc\u00ed \u00fa\u0159ad\u016f a instituc\u00ed a kte\u0159\u00ed pot\u0159ebuj\u00ed poradit p\u0159i uplat\u0148ov\u00e1n\u00ed sv\u00fdch pr\u00e1v. Bez ohledu na n\u00e1rodnost, politick\u00e9 n\u00e1zory nebo soci\u00e1ln\u00ed postaven\u00ed.<\/strong><\/p>\n<p><strong>Tato pomoc spo\u010d\u00edv\u00e1 v poskytov\u00e1n\u00ed bezplatn\u00e9ho pr\u00e1vn\u00edho poradenstv\u00ed, p\u0159\u00edprav\u011b pod\u00e1n\u00ed a spr\u00e1vn\u00edch dokument\u016f a v p\u0159\u00edpadech, kter\u00e9 to vy\u017eaduj\u00ed, v p\u0159\u00edpadn\u00e9 intervenci.<\/strong><\/p>\n<p>V \u0159\u00edjnu se uskute\u010dnilo 41 sch\u016fzek. Mnoho p\u0159\u00edpad\u016f se t\u00fdkalo spot\u0159ebitelsk\u00fdch \u00fapadkov\u00fdch \u0159\u00edzen\u00ed. St\u00e1le v\u00edce lid\u00ed \u017e\u00e1d\u00e1 o pomoc p\u0159i oddlu\u017een\u00ed, ani\u017e by si uv\u011bdomovali, co spot\u0159ebitelsk\u00fd bankrot vlastn\u011b obn\u00e1\u0161\u00ed. N\u00e1vrh na vyhl\u00e1\u0161en\u00ed \u00fapadku se pod\u00e1v\u00e1 k soudu a oddlu\u017een\u00ed nebo spl\u00e1tky jsou mo\u017en\u00e9 pouze v p\u0159\u00edpad\u011b nedobrovoln\u00e9ho \u00fapadku, nap\u0159. v p\u0159\u00edpad\u011b zd\u011bd\u011bn\u00fdch dluh\u016f, n\u00e1hl\u00e9ho onemocn\u011bn\u00ed nebo ztr\u00e1ty zam\u011bstn\u00e1n\u00ed. Mnoh\u00e1 z t\u011bchto setk\u00e1n\u00ed jsou proto informativn\u00ed, proto\u017ee ne ka\u017ed\u00e1 osoba spl\u0148uje podm\u00ednky pro vyhl\u00e1\u0161en\u00ed \u00fapadku. Projedn\u00e1van\u00e9 ot\u00e1zky se tak\u00e9 z velk\u00e9 \u010d\u00e1sti t\u00fdkaly rodinn\u00fdch z\u00e1le\u017eitost\u00ed, tj. rozvodu nebo v\u00fd\u017eivn\u00e9ho na nezletil\u00e9 d\u011bti.<\/p>\n<p><strong>\u00a0<\/strong>Interven\u010dn\u00ed a poradensk\u00e1 kancel\u00e1\u0159 PIS v Przemy\u015blu p\u0159i parlamentn\u00ed kancel\u00e1\u0159i p\u0159edsedy Sejmu Marka Kuchci\u0144sk\u00e9ho v Przemy\u015blu v obdob\u00ed od 1. 10. 2018 do 31. 10. 2018 poskytovala pr\u00e1vn\u00ed poradenstv\u00ed tak\u00e9 v z\u00e1le\u017eitostech t\u00fdkaj\u00edc\u00edch se n\u00e1sleduj\u00edc\u00edch t\u00e9mat:<\/p>\n<ol>\n<li>trestn\u00ed a p\u0159estupkov\u00e9 pr\u00e1vo;<\/li>\n<li>obecnou p\u016fsobnost ob\u010dansk\u00e9ho pr\u00e1va;<\/li>\n<li>rodinn\u00e9 pr\u00e1vo;<\/li>\n<li>spr\u00e1vn\u00ed pr\u00e1vo;<\/li>\n<li>pracovn\u00ed pr\u00e1vo a pr\u00e1vo soci\u00e1ln\u00edho zabezpe\u010den\u00ed;<\/li>\n<\/ol>\n<p>&nbsp;<\/p>\n<p>S ohledem na v\u00fd\u0161e uveden\u00e9 body jsou p\u0159\u00edslu\u0161n\u00e9 rady n\u00e1sleduj\u00edc\u00ed:<\/p>\n<p>&nbsp;<\/p>\n<p><strong>Ad 1. Z oblasti trestn\u00edho a p\u0159estupkov\u00e9ho pr\u00e1va:<\/strong><\/p>\n<ul>\n<li>st\u00ed\u017enosti na policii;<\/li>\n<li>obnoven\u00ed trestn\u00edho \u0159\u00edzen\u00ed;<\/li>\n<li>prominut\u00ed pen\u00e1le;<\/li>\n<li>\u017eh\u00e1\u0159stv\u00ed;<\/li>\n<\/ul>\n<p><strong>Ad 2. Z obecn\u00e9ho ob\u010dansk\u00e9ho pr\u00e1va:<\/strong><\/p>\n<ul>\n<li>d\u011bdick\u00e9 z\u00e1le\u017eitosti;<\/li>\n<li>spot\u0159ebitelsk\u00fd bankrot;<\/li>\n<li>st\u00ed\u017enosti na \u00fakony soudce;<\/li>\n<li>zru\u0161en\u00ed daru<\/li>\n<li>ochrana majetku;<\/li>\n<li>vyst\u011bhov\u00e1n\u00ed;<\/li>\n<li>\u00fahrada nedoplatk\u016f;<\/li>\n<li>n\u00e1hradu zp\u016fsoben\u00e9 \u0161kody;<\/li>\n<li>proml\u010den\u00ed dluhu;<\/li>\n<\/ul>\n<p><strong>Ad 3. O rodinn\u00e9m pr\u00e1vu:<\/strong><\/p>\n<ul>\n<li>zv\u00fd\u0161en\u00ed v\u00fd\u017eivn\u00e9ho;<\/li>\n<li>rozvod;<\/li>\n<li>odd\u011blen\u00ed;<\/li>\n<li>zaji\u0161t\u011bn\u00ed pohled\u00e1vky v\u00fd\u017eivn\u00e9ho po dobu soudn\u00edho \u0159\u00edzen\u00ed.<\/li>\n<\/ul>\n<p><strong>Ad 4. V oblasti spr\u00e1vn\u00edho pr\u00e1va:<\/strong><\/p>\n<ul>\n<li>poskytnut\u00ed 500+;<\/li>\n<li>vyvlastn\u011bn\u00ed;<\/li>\n<li>p\u0159\u00edstup k dokument\u016fm o spolupr\u00e1ci;<\/li>\n<li>majetek b\u00fdval\u00e9ho Sov\u011btsk\u00e9ho svazu;<\/li>\n<li>nespr\u00e1vn\u00e9 parkov\u00e1n\u00ed;<\/li>\n<li>ud\u011blen\u00ed ob\u010danstv\u00ed;<\/li>\n<\/ul>\n<p><strong>Ad. 5 O pracovn\u00edm pr\u00e1vu a soci\u00e1ln\u00edm zabezpe\u010den\u00ed: <\/strong><\/p>\n<ul>\n<li>ukon\u010den\u00ed pracovn\u00ed smlouvy;<\/li>\n<li>v\u00fdjime\u010dn\u011b d\u016fchody;<\/li>\n<li>stupe\u0148 posti\u017een\u00ed<\/li>\n<\/ul>\n<p>V \u0159\u00edjnu byla poprv\u00e9 otev\u0159ena ot\u00e1zka ud\u011blen\u00ed polsk\u00e9ho ob\u010danstv\u00ed. Danou problematiku upravuje z\u00e1kon ze dne 2. dubna 2009 o polsk\u00e9m ob\u010danstv\u00ed.<\/p>\n<p>Ob\u010danstv\u00ed se zpravidla nab\u00fdv\u00e1 pokrevn\u011b, tj. d\u00edt\u011b z\u00edsk\u00e1v\u00e1 polsk\u00e9 ob\u010danstv\u00ed ze z\u00e1kona narozen\u00edm z rodi\u010d\u016f, z nich\u017e alespo\u0148 jeden je polsk\u00fdm ob\u010danem, bez ohledu na to, kde se d\u00edt\u011b narodilo v Polsku nebo v zahrani\u010d\u00ed. Z\u00e1sada zem\u011b se m\u016f\u017ee uplatnit tak\u00e9 v p\u0159\u00edpad\u011b, \u017ee se d\u00edt\u011b narod\u00ed nebo se nach\u00e1z\u00ed na \u00fazem\u00ed Polsk\u00e9 republiky a oba rodi\u010de jsou nezn\u00e1m\u00ed nebo jejich st\u00e1tn\u00ed ob\u010danstv\u00ed nen\u00ed ur\u010deno nebo nemaj\u00ed \u017e\u00e1dn\u00e9 st\u00e1tn\u00ed ob\u010danstv\u00ed. Z\u00edsk\u00e1n\u00ed ob\u010danstv\u00ed je zaru\u010deno tak\u00e9 \u00fapln\u00fdm osvojen\u00edm p\u0159ed dosa\u017een\u00edm 16 let v\u011bku d\u00edt\u011bte.<\/p>\n<p>Osoby, kter\u00e9 nespl\u0148uj\u00ed v\u00fd\u0161e uveden\u00e9 podm\u00ednky, mohou po\u017e\u00e1dat prezidenta Polsk\u00e9 republiky o ud\u011blen\u00ed st\u00e1tn\u00edho ob\u010danstv\u00ed. \u017d\u00e1dost o polsk\u00e9 ob\u010danstv\u00ed se pod\u00e1v\u00e1 prost\u0159ednictv\u00edm hejtmana nebo konzula osobn\u011b nebo po\u0161tou s \u00fa\u0159edn\u011b ov\u011b\u0159en\u00fdm podpisem. Prezident Polsk\u00e9 republiky ud\u011bluje nebo odm\u00edt\u00e1 ud\u011blit polsk\u00e9 ob\u010danstv\u00ed formou rozhodnut\u00ed. Cizinec z\u00edsk\u00e1v\u00e1 polsk\u00e9 ob\u010danstv\u00ed dnem vyd\u00e1n\u00ed rozhodnut\u00ed prezidenta Polsk\u00e9 republiky o ud\u011blen\u00ed polsk\u00e9ho ob\u010danstv\u00ed.<\/p>\n<p><a href=\"https:\/\/marekkuchcinski.pl\/wp-content\/uploads\/2018\/11\/li\u015b\u01073.jpg\"><img fetchpriority=\"high\" decoding=\"async\" class=\"alignnone size-full wp-image-10780\" src=\"https:\/\/marekkuchcinski.pl\/wp-content\/uploads\/2018\/11\/li\u015b\u01073.jpg\" alt=\"li\u015b\u01073\" width=\"2693\" height=\"1733\" srcset=\"https:\/\/marekkuchcinski.pl\/wp-content\/uploads\/2018\/11\/li\u015b\u01073.jpg 2048w, https:\/\/marekkuchcinski.pl\/wp-content\/uploads\/2018\/11\/li\u015b\u01073-300x193.jpg 300w, https:\/\/marekkuchcinski.pl\/wp-content\/uploads\/2018\/11\/li\u015b\u01073-768x494.jpg 768w, https:\/\/marekkuchcinski.pl\/wp-content\/uploads\/2018\/11\/li\u015b\u01073-1024x659.jpg 1024w\" sizes=\"(max-width: 2693px) 100vw, 2693px\" \/><\/a><\/p>\n<p><a href=\"https:\/\/marekkuchcinski.pl\/wp-content\/uploads\/2018\/11\/Li\u015b\u0107-2.jpg\"><img decoding=\"async\" class=\"alignnone size-full wp-image-10779\" src=\"https:\/\/marekkuchcinski.pl\/wp-content\/uploads\/2018\/11\/Li\u015b\u0107-2.jpg\" alt=\"Li\u015b\u0107 2\" width=\"2319\" height=\"1527\" srcset=\"https:\/\/marekkuchcinski.pl\/wp-content\/uploads\/2018\/11\/Li\u015b\u0107-2.jpg 2048w, https:\/\/marekkuchcinski.pl\/wp-content\/uploads\/2018\/11\/Li\u015b\u0107-2-300x198.jpg 300w, https:\/\/marekkuchcinski.pl\/wp-content\/uploads\/2018\/11\/Li\u015b\u0107-2-768x506.jpg 768w, https:\/\/marekkuchcinski.pl\/wp-content\/uploads\/2018\/11\/Li\u015b\u0107-2-1024x674.jpg 1024w\" sizes=\"(max-width: 2319px) 100vw, 2319px\" \/><\/a><\/p>","protected":false},"excerpt":{"rendered":"<p>Biuro Interwencji i Porad Prawnych PiS w Przemy\u015blu jest stref\u0105 parlamentarnej pracy pos\u0142a Marka Kuchci\u0144skiego. Anga\u017cuje si\u0119 ono w rozwi\u0105zywanie problem\u00f3w wojew\u00f3dztwa podkarpackiego i polityki regionalnej. Biuro s\u0142u\u017cy pomoc\u0105 ka\u017cdemu, kogo dotkn\u0119\u0142a niesprawiedliwo\u015b\u0107, niekompetencja lub arogancja urz\u0119d\u00f3w i instytucji, kto potrzebuje wskaz\u00f3wki w korzystaniu z przys\u0142uguj\u0105cych mu praw. Bez wzgl\u0119du na narodowo\u015b\u0107, pogl\u0105dy polityczne czy [&hellip;]<\/p>\n","protected":false},"author":6,"featured_media":10782,"comment_status":"open","ping_status":"open","sticky":false,"template":"","format":"standard","meta":{"ngg_post_thumbnail":0,"footnotes":""},"categories":[79,49,82,3],"tags":[],"class_list":["post-10774","post","type-post","status-publish","format-standard","has-post-thumbnail","hentry","category-biuro-interwencji-i-porad-pis","category-podkarpacie","category-prawo-i-sprawiedliwosc","category-wydarzenia"],"_links":{"self":[{"href":"https:\/\/marekkuchcinski.pl\/cs\/wp-json\/wp\/v2\/posts\/10774","targetHints":{"allow":["GET"]}}],"collection":[{"href":"https:\/\/marekkuchcinski.pl\/cs\/wp-json\/wp\/v2\/posts"}],"about":[{"href":"https:\/\/marekkuchcinski.pl\/cs\/wp-json\/wp\/v2\/types\/post"}],"author":[{"embeddable":true,"href":"https:\/\/marekkuchcinski.pl\/cs\/wp-json\/wp\/v2\/users\/6"}],"replies":[{"embeddable":true,"href":"https:\/\/marekkuchcinski.pl\/cs\/wp-json\/wp\/v2\/comments?post=10774"}],"version-history":[{"count":4,"href":"https:\/\/marekkuchcinski.pl\/cs\/wp-json\/wp\/v2\/posts\/10774\/revisions"}],"predecessor-version":[{"id":10783,"href":"https:\/\/marekkuchcinski.pl\/cs\/wp-json\/wp\/v2\/posts\/10774\/revisions\/10783"}],"wp:featuredmedia":[{"embeddable":true,"href":"https:\/\/marekkuchcinski.pl\/cs\/wp-json\/wp\/v2\/media\/10782"}],"wp:attachment":[{"href":"https:\/\/marekkuchcinski.pl\/cs\/wp-json\/wp\/v2\/media?parent=10774"}],"wp:term":[{"taxonomy":"category","embeddable":true,"href":"https:\/\/marekkuchcinski.pl\/cs\/wp-json\/wp\/v2\/categories?post=10774"},{"taxonomy":"post_tag","embeddable":true,"href":"https:\/\/marekkuchcinski.pl\/cs\/wp-json\/wp\/v2\/tags?post=10774"}],"curies":[{"name":"wp","href":"https:\/\/api.w.org\/{rel}","templated":true}]}}