{"id":10752,"date":"2018-11-16T10:33:12","date_gmt":"2018-11-16T09:33:12","guid":{"rendered":"https:\/\/marekkuchcinski.pl\/?p=10752"},"modified":"2018-11-16T10:34:39","modified_gmt":"2018-11-16T09:34:39","slug":"uwolnic-gospodarczy-potencjal-podkarpacia","status":"publish","type":"post","link":"https:\/\/marekkuchcinski.pl\/cs\/wydarzenia\/uwolnic-gospodarczy-potencjal-podkarpacia\/","title":{"rendered":"Jak uvolnit hospod\u00e1\u0159sk\u00fd potenci\u00e1l Podkarpatska. Udr\u017eiteln\u00fd rozvoj zem\u011b jednou z priorit vl\u00e1dy"},"content":{"rendered":"<p>Nejv\u011bt\u0161\u00ed hospod\u00e1\u0159sk\u00e1 ud\u00e1lost roku - kongres 590 - se konala v Jasionce u Rzeszowa. Akce se z\u00fa\u010dastnilo 4,5 tis\u00edce lid\u00ed v\u010detn\u011b prezidenta, premi\u00e9ra a ministr\u016f. Jej\u00edm c\u00edlem je podpora dom\u00e1c\u00edch zna\u010dek, podpora n\u00e1kupu m\u00edstn\u00edch v\u00fdrobk\u016f a rozvoj n\u00e1kupn\u00edho patriotismu. Leto\u0161n\u00ed, t\u0159et\u00ed ro\u010dn\u00edk kongresu 590 je v\u00fdjime\u010dn\u00fd, proto\u017ee se kon\u00e1 u p\u0159\u00edle\u017eitosti st\u00e9ho v\u00fdro\u010d\u00ed znovuz\u00edsk\u00e1n\u00ed nez\u00e1vislosti Polska. \u0158e\u010dn\u00edci se zam\u011b\u0159ili na polskou ekonomiku, jej\u00ed siln\u00e9 a slab\u00e9 str\u00e1nky. B\u011bhem 94 panelov\u00fdch debat diskutovali o tom, jak uvolnit hospod\u00e1\u0159sk\u00fd potenci\u00e1l Polska. \u0158e\u010dn\u00edci se zam\u011b\u0159ili mimo jin\u00e9 na technologie, investice, energetiku, politiku \u017eivotn\u00edho prost\u0159ed\u00ed, obchod a export. Nen\u00ed n\u00e1hodou, \u017ee se kongres kon\u00e1 v Podkarpatsk\u00e9 Rusi, kter\u00e1 se st\u00e1v\u00e1 hlavn\u00edm m\u011bstem podnik\u00e1n\u00ed a inovac\u00ed. Region je tak\u00e9 l\u00eddrem ve vyu\u017e\u00edv\u00e1n\u00ed fond\u016f EU - do konce roku 2017 zemsk\u00e1 vl\u00e1da celkem nasmlouvala 994 milion\u016f PLN z fond\u016f na obdob\u00ed 2014-2020.<\/p>\n<ul>\n<li><strong>Udr\u017eiteln\u00fd rozvoj zem\u011b je jednou z priorit vl\u00e1dy.<\/strong> Dosud se poda\u0159ilo v\u00fdrazn\u011b sn\u00ed\u017eit nezam\u011bstnanost, kter\u00e1 v Podkarpatsk\u00e9 Rusi klesla z 12,9% v XI 2015 na 8,7% v VI 2018.<\/li>\n<li>Na v\u00fdchod\u011b zem\u011b je probl\u00e9m nerovn\u00e9ho odm\u011b\u0148ov\u00e1n\u00ed obzvl\u00e1\u0161t\u011b v\u00fdznamn\u00fd. Zam\u011bstnanci maj\u00ed nyn\u00ed zaru\u010denou minim\u00e1ln\u00ed mzdu a zaru\u010den\u00e9 ro\u010dn\u00ed \u00fapravy mezd.<\/li>\n<li>Ministerstvo pro podnik\u00e1n\u00ed a technologie zav\u00e1d\u00ed bal\u00ed\u010dek v\u00edce ne\u017e 100 zm\u011bn pro podnikatele, kter\u00e9 usnadn\u00ed zakl\u00e1d\u00e1n\u00ed, veden\u00ed a \u00fa\u010dtov\u00e1n\u00ed firem. Z toho bude m\u00edt prosp\u011bch v\u00edce ne\u017e 173 000 st\u00e1vaj\u00edc\u00edch podnik\u016f v provincii. Zm\u011bny nejobt\u00ed\u017en\u011bj\u0161\u00edch p\u0159edpis\u016f, kter\u00e9 zt\u011b\u017euj\u00ed podnik\u00e1n\u00ed, za\u010daly v roce 2016. K dne\u0161n\u00edmu dni ji\u017e vstoupilo v platnost v\u00edce ne\u017e 100 zm\u011bn, v\u010detn\u011b roz\u0161\u00ed\u0159en\u00ed ochrany podnikatel\u016f v\u00fdkladem v\u0161ech nejasnost\u00ed ve prosp\u011bch podnikatele nebo jmenov\u00e1n\u00ed ombudsmana pro mal\u00e9 a st\u0159edn\u00ed podniky.<\/li>\n<\/ul>\n<p>Provin\u010dn\u00ed org\u00e1ny vytvo\u0159en\u00e9 stranou Pr\u00e1vo a spravedlnost, kter\u00e9 si uv\u011bdomuj\u00ed pot\u0159ebu rozvoje podnik\u00e1n\u00ed a pos\u00edlen\u00ed region\u00e1ln\u00ed ekonomiky, \u00fasp\u011b\u0161n\u011b p\u0159ijaly \u0159adu opat\u0159en\u00ed, v\u010detn\u011b:<\/p>\n<ul>\n<li>Podkarpacki Fundusz Rozwoju Sp. z o.o. byla zalo\u017eena - na podporu mal\u00fdch a st\u0159edn\u00edch podnik\u016f v regionu, postupn\u011b dopl\u0148ovan\u00fd pen\u011bzi z n\u00e1vratn\u00fdch n\u00e1stroj\u016f z p\u0159edchoz\u00ed perspektivy, poskytuje kapit\u00e1l pro podnik\u00e1n\u00ed.<\/li>\n<li>Bylo zalo\u017eeno Podkarpatsk\u00e9 inova\u010dn\u00ed centrum sp. z o.o. - jej\u00edm posl\u00e1n\u00edm je spojit v\u011bdu s podnik\u00e1n\u00edm, komercializovat v\u00fdzkum a zadan\u00e9 studie a probudit podnikatelskou kreativitu mlad\u00fdch lid\u00ed (budou rad\u011bji zakl\u00e1dat podniky na m\u00edst\u011b, ne\u017e aby je opou\u0161t\u011bli).<\/li>\n<li>\u010cinnosti Centra slu\u017eeb pro investory a export\u00e9ry - z\u00edsk\u00e1v\u00e1n\u00ed investor\u016f, podpora p\u0159i z\u00edsk\u00e1v\u00e1n\u00ed investic, podpora export\u00e9r\u016f, poradensk\u00e1 pomoc a \u0161kolen\u00ed pro region\u00e1ln\u00ed firmy, vyhled\u00e1v\u00e1n\u00ed obchodn\u00edch partner\u016f pro firmy.<\/li>\n<li>M\u00edstn\u00ed \u00fa\u0159ady d\u016fsledn\u011b podporuj\u00ed podnik\u00e1n\u00ed prost\u0159ednictv\u00edm aktivit instituc\u00ed podnikatelsk\u00e9ho prost\u0159ed\u00ed. RARR S.A. - poradensk\u00e1 podpora podnik\u00e1n\u00ed, transfer pokro\u010dil\u00fdch technologi\u00ed, spr\u00e1va Podkarpatsk\u00e9ho v\u011bdeckotechnick\u00e9ho parku, inkubace nov\u00fdch firem, spolupr\u00e1ce s univerzitami, realizace projekt\u016f pro za\u010d\u00ednaj\u00edc\u00ed podnikatele. P\u0159\u00edle\u017eitost\u00ed ke zv\u00fd\u0161en\u00ed profesionalizace slu\u017eeb poskytovan\u00fdch BEI z hlediska o\u010dek\u00e1v\u00e1n\u00ed trhu je realizace projektu Podkarpatsk\u00e9 platformy podpory podnik\u00e1n\u00ed.<\/li>\n<li>Kl\u00ed\u010dem k rozvoji hospod\u00e1\u0159stv\u00ed regionu je pos\u00edlen\u00ed inovativn\u00edch a konkurenceschopn\u00fdch podnik\u016f, kter\u00e9 budou schopny konkurovat na evropsk\u00fdch a sv\u011btov\u00fdch trz\u00edch. PiS identifikuje kl\u00ed\u010dov\u00e1 odv\u011btv\u00ed jako inteligentn\u00ed specializace regionu, jako je leteck\u00fd pr\u016fmysl, kvalita \u017eivota, informa\u010dn\u00ed a telekomunika\u010dn\u00ed technologie (ICT) a automobilov\u00fd pr\u016fmysl.<\/li>\n<li>V sou\u010dasn\u00e9 dob\u011b realizujeme vlastn\u00ed projekt v r\u00e1mci ROP JV 2014-2020 zam\u011b\u0159en\u00fd na inteligentn\u00ed specializace a podporujeme podniky v t\u011bchto odv\u011btv\u00edch. Krom\u011b toho prov\u00e1d\u00edme proces podnikatelsk\u00e9ho objevov\u00e1n\u00ed pro identifikaci nov\u00fdch odv\u011btv\u00ed p\u0159\u00edle\u017eitost\u00ed, kter\u00e1 by se mohla st\u00e1t dal\u0161\u00edmi specializacemi.<\/li>\n<li>D\u016fle\u017eit\u00fdm faktorem rozvoje region\u00e1ln\u00ed ekonomiky je mo\u017enost setk\u00e1vat se, prezentovat sv\u016fj potenci\u00e1l a navazovat obchodn\u00ed kontakty. V\u00fdstavn\u00ed a kongresov\u00e9 centrum Podkarpatsk\u00e9ho vojvodstv\u00ed slou\u017e\u00ed tomuto \u00fa\u010delu jako m\u00edsto kon\u00e1n\u00ed mezin\u00e1rodn\u00edch hospod\u00e1\u0159sk\u00fdch kongres\u016f, v\u00fdstav a veletrh\u016f.<\/li>\n<li>Bal\u00ed\u010dek pro st\u0159edn\u00ed m\u011bsta: jako jeden ze strategick\u00fdch projekt\u016f SOR byl vypracov\u00e1n bal\u00ed\u010dek opat\u0159en\u00ed pro st\u0159edn\u011b velk\u00e1 m\u011bsta, kter\u00e1 ztr\u00e1cej\u00ed socioekonomick\u00e9 funkce. Bal\u00ed\u010dek pro st\u0159edn\u011b velk\u00e1 m\u011bsta zahrnuje 13 center v Podkarpatsk\u00e9m vojvodstv\u00ed: Debica, Jaroslaw, Jaslo, Krosno, Lancut, Mielec, Nisko, Przemy\u015bl, Przeworsk, Ropczyce, Sanok, Stalowa Wola, Tarnobrzeg.<\/li>\n<\/ul>\n<p><strong>\u00a0CO UD\u011aL\u00c1 PR\u00c1VO A SPRAVEDLNOST PRO PODKARPATSK\u00c9 PODNIKATELE A EKONOMIKU<\/strong><\/p>\n<ul>\n<li>Bude se starat o rozvoj Podkarpatsk\u00e9ho inova\u010dn\u00edho centra a propagaci podkarpatsk\u00fdch firem a investi\u010dn\u00edch oblast\u00ed. bude stimulovat soukrom\u00e9 rozvojov\u00e9 investice pomoc\u00ed n\u00e1stroj\u016f nab\u00edzen\u00fdch st\u00e1tn\u00edmi agenturami p\u016fsob\u00edc\u00edmi v r\u00e1mci skupiny PFR, jako je nap\u0159\u00edklad ARP.<\/li>\n<li>Podpo\u0159\u00ed mal\u00e9 a st\u0159edn\u00ed podniky p\u0159i z\u00edsk\u00e1v\u00e1n\u00ed dlouhodob\u00e9ho financov\u00e1n\u00ed investi\u010dn\u00edch projekt\u016f.<\/li>\n<li>Bude rozv\u00edjet \"inteligentn\u00ed specializace\" vybran\u00e9 v Podkarpatsk\u00e9m vojvodstv\u00ed a identifikovat nov\u00e1, inovativn\u00ed a rozv\u00edjej\u00edc\u00ed se odv\u011btv\u00ed hospod\u00e1\u0159stv\u00ed.<\/li>\n<li>Bude poskytovat podporu podkarpatsk\u00fdm podnikatel\u016fm p\u0159i z\u00edsk\u00e1v\u00e1n\u00ed finan\u010dn\u00edch prost\u0159edk\u016f od st\u00e1tn\u00edch agentur.<\/li>\n<li>Budeme poskytovat komplexn\u00ed poradenskou podporu podnikatel\u016fm, kte\u0159\u00ed \u017e\u00e1daj\u00ed o \u00falevy v r\u00e1mci nov\u011b vytvo\u0159en\u00e9 celost\u00e1tn\u00ed zvl\u00e1\u0161tn\u00ed ekonomick\u00e9 z\u00f3ny.<\/li>\n<li>Ve spolupr\u00e1ci s PFR bude realizovat program Otev\u0159en\u00e9 inovace, jeho\u017e c\u00edlem je podpo\u0159it polsk\u00e9 technologick\u00e9 inovace prost\u0159ednictv\u00edm financov\u00e1n\u00ed z ve\u0159ejn\u00fdch a soukrom\u00fdch zdroj\u016f. Kone\u010dn\u00ed p\u0159\u00edjemci (inovativn\u00ed technologick\u00e9 spole\u010dnosti s v\u00fdzkumnou a v\u00fdvojovou slo\u017ekou) mohou v letech 2017 a\u017e 2023 po\u010d\u00edtat s rekapitalizac\u00ed ve v\u00fd\u0161i od 5 milion\u016f PLN do p\u0159ibli\u017en\u011b 20-30 milion\u016f PLN (maxim\u00e1ln\u011b 60 milion\u016f PLN).<\/li>\n<li>Budeme budovat pr\u016fmyslov\u00e9 haly k pron\u00e1jmu za \u00fa\u010dasti BGK pro inovativn\u00ed firmy, za\u010d\u00ednaj\u00edc\u00ed v\u00fdrobce, kte\u0159\u00ed nemaj\u00ed kapacitu na zah\u00e1jen\u00ed v\u00fdrobn\u00edho procesu.<\/li>\n<li>Bude realizovat projekt \u010dasov\u00e9 banky. \u010casov\u00e9 banky umo\u017e\u0148uj\u00ed v\u00fdm\u011bnu slu\u017eeb v r\u00e1mci komunity. \u010cas str\u00e1ven\u00fd \u010dinnost\u00ed se pou\u017e\u00edv\u00e1 jako m\u011bna a na cel\u00fd proces dohl\u00ed\u017eej\u00ed speci\u00e1ln\u00ed webov\u00e9 str\u00e1nky. Popularizace \u010dasov\u00fdch bank zv\u00fd\u0161\u00ed spole\u010denskou aktivitu a stane se p\u0159irozen\u00fdm zdrojem podnik\u00e1n\u00ed.<\/li>\n<li>Prost\u0159ednictv\u00edm Podkarpatsk\u00e9ho rozvojov\u00e9ho fondu podpo\u0159\u00ed rozvoj finan\u010dn\u00edch slu\u017eeb pro mal\u00e9 a st\u0159edn\u00ed podniky.<\/li>\n<li>Strategick\u00fd program Modr\u00fd San - zv\u00fd\u0161en\u00ed \u017eivotn\u00ed \u00farovn\u011b obyvatel obc\u00ed pod\u00e9l \u0159eky San, efektivn\u00ed vyu\u017eit\u00ed rozmanit\u00fdch endogenn\u00edch zdroj\u016f.<\/li>\n<li>Strategick\u00fd program rozvoje Bieszczad - zv\u00fd\u0161en\u00ed \u017eivotn\u00ed \u00farovn\u011b a \u017eivotn\u00edch podm\u00ednek obyvatel s efektivn\u00edm vyu\u017eit\u00edm endogenn\u00edch zdroj\u016f.<\/li>\n<\/ul>\n<p>Spolupr\u00e1ce s vl\u00e1dou p\u0159i realizaci programu Bieszczady: C\u00edlem programu je zlep\u0161it rozvojov\u00e9 p\u0159\u00edle\u017eitosti a urychlit rozvoj oblasti prost\u0159ednictv\u00edm podnik\u016f a iniciativ p\u0159ijat\u00fdch na celost\u00e1tn\u00ed \u00farovni, kter\u00e9 dopl\u0148uj\u00ed \u010dinnosti prov\u00e1d\u011bn\u00e9 na region\u00e1ln\u00ed a m\u00edstn\u00ed \u00farovni. C\u00edlem programu je vytvo\u0159it \u00fa\u010dinn\u00e9 f\u00f3rum pro spolupr\u00e1ci a v\u00fdm\u011bnu zku\u0161enost\u00ed mezi t\u011bmito akt\u00e9ry a vl\u00e1dou v z\u00e1jmu rozvoje regionu.<\/p>\n<p>Program je zam\u011b\u0159en na obce v okresech Bieszczady (Czarna, Lutowiska a Ustrzyki Dolne), Lesko (Baligr\u00f3d, Cisna, Lesko, Olszanica, Solina), Sanok (Koma\u0144cza Zag\u00f3rz, Tyrawa Wo\u0142oska) a Przemysl (Bircza), ale pozitivn\u00ed \u00fa\u010dinky programu se projev\u00ed i v sousedn\u00edch obc\u00edch.<\/p>\n<p>&nbsp;<\/p>\n<p>&nbsp;<\/p>","protected":false},"excerpt":{"rendered":"<p>Najwi\u0119ksze wydarzenie gospodarcze roku &#8211; Kongres 590 &#8211; odby\u0142o si\u0119 w Jasionce k. Rzeszowa. W wydarzeniu wzi\u0119\u0142o udzia\u0142 4,5 tys. os\u00f3b, w tym prezydent, premier i ministrowie. Jego zadaniem jest wsparcie\u00a0rodzimych marek, zach\u0119cenie do zakup\u00f3w lokalnych produkt\u00f3w, oraz rozwijanie zakupowego patriotyzmu.\u00a0Tegoroczna, trzecia, edycja Kongresu 590 jest szczeg\u00f3lna, odbywa si\u0119 bowiem w stulecie odzyskania przez Polsk\u0119 [&hellip;]<\/p>","protected":false},"author":6,"featured_media":10767,"comment_status":"open","ping_status":"open","sticky":false,"template":"","format":"standard","meta":{"ngg_post_thumbnail":0,"footnotes":""},"categories":[49,82,3],"tags":[],"class_list":["post-10752","post","type-post","status-publish","format-standard","has-post-thumbnail","hentry","category-podkarpacie","category-prawo-i-sprawiedliwosc","category-wydarzenia"],"yoast_head":"<!-- This site is optimized with the Yoast SEO plugin v24.7 - https:\/\/yoast.com\/wordpress\/plugins\/seo\/ -->\n<title>Jak uwolni\u0107 gospodarczy potencja\u0142 Podkarpacia. Zr\u00f3wnowa\u017cony rozw\u00f3j kraju jednym z priorytet\u00f3w rz\u0105du &#8211; Marek Kuchci\u0144ski<\/title>\n<meta name=\"robots\" content=\"index, follow, max-snippet:-1, max-image-preview:large, max-video-preview:-1\" \/>\n<link rel=\"canonical\" href=\"https:\/\/marekkuchcinski.pl\/cs\/wydarzenia\/uwolnic-gospodarczy-potencjal-podkarpacia\/\" \/>\n<meta property=\"og:locale\" content=\"cs_CZ\" \/>\n<meta property=\"og:type\" content=\"article\" \/>\n<meta property=\"og:title\" content=\"Jak uwolni\u0107 gospodarczy potencja\u0142 Podkarpacia. Zr\u00f3wnowa\u017cony rozw\u00f3j kraju jednym z priorytet\u00f3w rz\u0105du &#8211; Marek Kuchci\u0144ski\" \/>\n<meta property=\"og:description\" content=\"Najwi\u0119ksze wydarzenie gospodarcze roku &#8211; Kongres 590 &#8211; odby\u0142o si\u0119 w Jasionce k. Rzeszowa. W wydarzeniu wzi\u0119\u0142o udzia\u0142 4,5 tys. os\u00f3b, w tym prezydent, premier i ministrowie. Jego zadaniem jest wsparcie\u00a0rodzimych marek, zach\u0119cenie do zakup\u00f3w lokalnych produkt\u00f3w, oraz rozwijanie zakupowego patriotyzmu.\u00a0Tegoroczna, trzecia, edycja Kongresu 590 jest szczeg\u00f3lna, odbywa si\u0119 bowiem w stulecie odzyskania przez Polsk\u0119 [&hellip;]\" \/>\n<meta property=\"og:url\" content=\"https:\/\/marekkuchcinski.pl\/cs\/wydarzenia\/uwolnic-gospodarczy-potencjal-podkarpacia\/\" \/>\n<meta property=\"og:site_name\" content=\"Marek Kuchci\u0144ski\" \/>\n<meta property=\"article:published_time\" content=\"2018-11-16T09:33:12+00:00\" \/>\n<meta property=\"article:modified_time\" content=\"2018-11-16T09:34:39+00:00\" \/>\n<meta property=\"og:image\" content=\"https:\/\/marekkuchcinski.pl\/wp-content\/uploads\/2018\/11\/kongres_590-1.jpg\" \/>\n\t<meta property=\"og:image:width\" content=\"494\" \/>\n\t<meta property=\"og:image:height\" content=\"337\" \/>\n\t<meta property=\"og:image:type\" content=\"image\/jpeg\" \/>\n<meta name=\"author\" content=\"admin\" \/>\n<meta name=\"twitter:card\" content=\"summary_large_image\" \/>\n<meta name=\"twitter:label1\" content=\"Napsal(a)\" \/>\n\t<meta name=\"twitter:data1\" content=\"admin\" \/>\n\t<meta name=\"twitter:label2\" content=\"Odhadovan\u00e1 doba \u010dten\u00ed\" \/>\n\t<meta name=\"twitter:data2\" content=\"6 minut\" \/>\n<script type=\"application\/ld+json\" class=\"yoast-schema-graph\">{\"@context\":\"https:\/\/schema.org\",\"@graph\":[{\"@type\":\"Article\",\"@id\":\"https:\/\/marekkuchcinski.pl\/en\/wydarzenia\/uwolnic-gospodarczy-potencjal-podkarpacia\/#article\",\"isPartOf\":{\"@id\":\"https:\/\/marekkuchcinski.pl\/en\/wydarzenia\/uwolnic-gospodarczy-potencjal-podkarpacia\/\"},\"author\":{\"name\":\"admin\",\"@id\":\"https:\/\/marekkuchcinski.pl\/#\/schema\/person\/6f62700996b4d950b6ea2d1183b6c6be\"},\"headline\":\"Jak uwolni\u0107 gospodarczy potencja\u0142 Podkarpacia. Zr\u00f3wnowa\u017cony rozw\u00f3j kraju jednym z priorytet\u00f3w rz\u0105du\",\"datePublished\":\"2018-11-16T09:33:12+00:00\",\"dateModified\":\"2018-11-16T09:34:39+00:00\",\"mainEntityOfPage\":{\"@id\":\"https:\/\/marekkuchcinski.pl\/en\/wydarzenia\/uwolnic-gospodarczy-potencjal-podkarpacia\/\"},\"wordCount\":1140,\"commentCount\":0,\"publisher\":{\"@id\":\"https:\/\/marekkuchcinski.pl\/#organization\"},\"image\":{\"@id\":\"https:\/\/marekkuchcinski.pl\/en\/wydarzenia\/uwolnic-gospodarczy-potencjal-podkarpacia\/#primaryimage\"},\"thumbnailUrl\":\"https:\/\/marekkuchcinski.pl\/wp-content\/uploads\/2018\/11\/kongres_590-1.jpg\",\"articleSection\":[\"Podkarpacie\",\"Prawo i Sprawiedliwo\u015b\u0107\",\"Wydarzenia\"],\"inLanguage\":\"cs\",\"potentialAction\":[{\"@type\":\"CommentAction\",\"name\":\"Comment\",\"target\":[\"https:\/\/marekkuchcinski.pl\/en\/wydarzenia\/uwolnic-gospodarczy-potencjal-podkarpacia\/#respond\"]}]},{\"@type\":\"WebPage\",\"@id\":\"https:\/\/marekkuchcinski.pl\/en\/wydarzenia\/uwolnic-gospodarczy-potencjal-podkarpacia\/\",\"url\":\"https:\/\/marekkuchcinski.pl\/en\/wydarzenia\/uwolnic-gospodarczy-potencjal-podkarpacia\/\",\"name\":\"Jak uwolni\u0107 gospodarczy potencja\u0142 Podkarpacia. Zr\u00f3wnowa\u017cony rozw\u00f3j kraju jednym z priorytet\u00f3w rz\u0105du &#8211; Marek Kuchci\u0144ski\",\"isPartOf\":{\"@id\":\"https:\/\/marekkuchcinski.pl\/#website\"},\"primaryImageOfPage\":{\"@id\":\"https:\/\/marekkuchcinski.pl\/en\/wydarzenia\/uwolnic-gospodarczy-potencjal-podkarpacia\/#primaryimage\"},\"image\":{\"@id\":\"https:\/\/marekkuchcinski.pl\/en\/wydarzenia\/uwolnic-gospodarczy-potencjal-podkarpacia\/#primaryimage\"},\"thumbnailUrl\":\"https:\/\/marekkuchcinski.pl\/wp-content\/uploads\/2018\/11\/kongres_590-1.jpg\",\"datePublished\":\"2018-11-16T09:33:12+00:00\",\"dateModified\":\"2018-11-16T09:34:39+00:00\",\"breadcrumb\":{\"@id\":\"https:\/\/marekkuchcinski.pl\/en\/wydarzenia\/uwolnic-gospodarczy-potencjal-podkarpacia\/#breadcrumb\"},\"inLanguage\":\"cs\",\"potentialAction\":[{\"@type\":\"ReadAction\",\"target\":[\"https:\/\/marekkuchcinski.pl\/en\/wydarzenia\/uwolnic-gospodarczy-potencjal-podkarpacia\/\"]}]},{\"@type\":\"ImageObject\",\"inLanguage\":\"cs\",\"@id\":\"https:\/\/marekkuchcinski.pl\/en\/wydarzenia\/uwolnic-gospodarczy-potencjal-podkarpacia\/#primaryimage\",\"url\":\"https:\/\/marekkuchcinski.pl\/wp-content\/uploads\/2018\/11\/kongres_590-1.jpg\",\"contentUrl\":\"https:\/\/marekkuchcinski.pl\/wp-content\/uploads\/2018\/11\/kongres_590-1.jpg\",\"width\":494,\"height\":337},{\"@type\":\"BreadcrumbList\",\"@id\":\"https:\/\/marekkuchcinski.pl\/en\/wydarzenia\/uwolnic-gospodarczy-potencjal-podkarpacia\/#breadcrumb\",\"itemListElement\":[{\"@type\":\"ListItem\",\"position\":1,\"name\":\"Strona g\u0142\u00f3wna\",\"item\":\"https:\/\/marekkuchcinski.pl\/\"},{\"@type\":\"ListItem\",\"position\":2,\"name\":\"Jak uwolni\u0107 gospodarczy potencja\u0142 Podkarpacia. Zr\u00f3wnowa\u017cony rozw\u00f3j kraju jednym z priorytet\u00f3w rz\u0105du\"}]},{\"@type\":\"WebSite\",\"@id\":\"https:\/\/marekkuchcinski.pl\/#website\",\"url\":\"https:\/\/marekkuchcinski.pl\/\",\"name\":\"Marek Kuchci\u0144ski\",\"description\":\"Pose\u0142 na sejm RP &ndash; okr\u0119g nr 22\",\"publisher\":{\"@id\":\"https:\/\/marekkuchcinski.pl\/#organization\"},\"potentialAction\":[{\"@type\":\"SearchAction\",\"target\":{\"@type\":\"EntryPoint\",\"urlTemplate\":\"https:\/\/marekkuchcinski.pl\/?s={search_term_string}\"},\"query-input\":{\"@type\":\"PropertyValueSpecification\",\"valueRequired\":true,\"valueName\":\"search_term_string\"}}],\"inLanguage\":\"cs\"},{\"@type\":\"Organization\",\"@id\":\"https:\/\/marekkuchcinski.pl\/#organization\",\"name\":\"Marek Kuchci\u0144ski\",\"url\":\"https:\/\/marekkuchcinski.pl\/\",\"logo\":{\"@type\":\"ImageObject\",\"inLanguage\":\"cs\",\"@id\":\"https:\/\/marekkuchcinski.pl\/#\/schema\/logo\/image\/\",\"url\":\"https:\/\/marekkuchcinski.pl\/wp-content\/uploads\/2022\/09\/Marek.jpg\",\"contentUrl\":\"https:\/\/marekkuchcinski.pl\/wp-content\/uploads\/2022\/09\/Marek.jpg\",\"width\":1600,\"height\":971,\"caption\":\"Marek Kuchci\u0144ski\"},\"image\":{\"@id\":\"https:\/\/marekkuchcinski.pl\/#\/schema\/logo\/image\/\"}},{\"@type\":\"Person\",\"@id\":\"https:\/\/marekkuchcinski.pl\/#\/schema\/person\/6f62700996b4d950b6ea2d1183b6c6be\",\"name\":\"admin\",\"image\":{\"@type\":\"ImageObject\",\"inLanguage\":\"cs\",\"@id\":\"https:\/\/marekkuchcinski.pl\/#\/schema\/person\/image\/\",\"url\":\"https:\/\/secure.gravatar.com\/avatar\/4bab693b9d55c3d6b52c0296a8765085?s=96&d=mm&r=g\",\"contentUrl\":\"https:\/\/secure.gravatar.com\/avatar\/4bab693b9d55c3d6b52c0296a8765085?s=96&d=mm&r=g\",\"caption\":\"admin\"},\"url\":\"https:\/\/marekkuchcinski.pl\/cs\/author\/marta-olejnik\/\"}]}<\/script>\n<!-- \/ Yoast SEO plugin. -->","yoast_head_json":{"title":"Jak uwolni\u0107 gospodarczy potencja\u0142 Podkarpacia. Zr\u00f3wnowa\u017cony rozw\u00f3j kraju jednym z priorytet\u00f3w rz\u0105du &#8211; Marek Kuchci\u0144ski","robots":{"index":"index","follow":"follow","max-snippet":"max-snippet:-1","max-image-preview":"max-image-preview:large","max-video-preview":"max-video-preview:-1"},"canonical":"https:\/\/marekkuchcinski.pl\/cs\/wydarzenia\/uwolnic-gospodarczy-potencjal-podkarpacia\/","og_locale":"cs_CZ","og_type":"article","og_title":"Jak uwolni\u0107 gospodarczy potencja\u0142 Podkarpacia. Zr\u00f3wnowa\u017cony rozw\u00f3j kraju jednym z priorytet\u00f3w rz\u0105du &#8211; Marek Kuchci\u0144ski","og_description":"Najwi\u0119ksze wydarzenie gospodarcze roku &#8211; Kongres 590 &#8211; odby\u0142o si\u0119 w Jasionce k. Rzeszowa. W wydarzeniu wzi\u0119\u0142o udzia\u0142 4,5 tys. os\u00f3b, w tym prezydent, premier i ministrowie. Jego zadaniem jest wsparcie\u00a0rodzimych marek, zach\u0119cenie do zakup\u00f3w lokalnych produkt\u00f3w, oraz rozwijanie zakupowego patriotyzmu.\u00a0Tegoroczna, trzecia, edycja Kongresu 590 jest szczeg\u00f3lna, odbywa si\u0119 bowiem w stulecie odzyskania przez Polsk\u0119 [&hellip;]","og_url":"https:\/\/marekkuchcinski.pl\/cs\/wydarzenia\/uwolnic-gospodarczy-potencjal-podkarpacia\/","og_site_name":"Marek Kuchci\u0144ski","article_published_time":"2018-11-16T09:33:12+00:00","article_modified_time":"2018-11-16T09:34:39+00:00","og_image":[{"width":494,"height":337,"url":"https:\/\/marekkuchcinski.pl\/wp-content\/uploads\/2018\/11\/kongres_590-1.jpg","type":"image\/jpeg"}],"author":"admin","twitter_card":"summary_large_image","twitter_misc":{"Napsal(a)":"admin","Odhadovan\u00e1 doba \u010dten\u00ed":"6 minut"},"schema":{"@context":"https:\/\/schema.org","@graph":[{"@type":"Article","@id":"https:\/\/marekkuchcinski.pl\/en\/wydarzenia\/uwolnic-gospodarczy-potencjal-podkarpacia\/#article","isPartOf":{"@id":"https:\/\/marekkuchcinski.pl\/en\/wydarzenia\/uwolnic-gospodarczy-potencjal-podkarpacia\/"},"author":{"name":"admin","@id":"https:\/\/marekkuchcinski.pl\/#\/schema\/person\/6f62700996b4d950b6ea2d1183b6c6be"},"headline":"Jak uwolni\u0107 gospodarczy potencja\u0142 Podkarpacia. Zr\u00f3wnowa\u017cony rozw\u00f3j kraju jednym z priorytet\u00f3w rz\u0105du","datePublished":"2018-11-16T09:33:12+00:00","dateModified":"2018-11-16T09:34:39+00:00","mainEntityOfPage":{"@id":"https:\/\/marekkuchcinski.pl\/en\/wydarzenia\/uwolnic-gospodarczy-potencjal-podkarpacia\/"},"wordCount":1140,"commentCount":0,"publisher":{"@id":"https:\/\/marekkuchcinski.pl\/#organization"},"image":{"@id":"https:\/\/marekkuchcinski.pl\/en\/wydarzenia\/uwolnic-gospodarczy-potencjal-podkarpacia\/#primaryimage"},"thumbnailUrl":"https:\/\/marekkuchcinski.pl\/wp-content\/uploads\/2018\/11\/kongres_590-1.jpg","articleSection":["Podkarpacie","Prawo i Sprawiedliwo\u015b\u0107","Wydarzenia"],"inLanguage":"cs","potentialAction":[{"@type":"CommentAction","name":"Comment","target":["https:\/\/marekkuchcinski.pl\/en\/wydarzenia\/uwolnic-gospodarczy-potencjal-podkarpacia\/#respond"]}]},{"@type":"WebPage","@id":"https:\/\/marekkuchcinski.pl\/en\/wydarzenia\/uwolnic-gospodarczy-potencjal-podkarpacia\/","url":"https:\/\/marekkuchcinski.pl\/en\/wydarzenia\/uwolnic-gospodarczy-potencjal-podkarpacia\/","name":"Jak uwolni\u0107 gospodarczy potencja\u0142 Podkarpacia. Zr\u00f3wnowa\u017cony rozw\u00f3j kraju jednym z priorytet\u00f3w rz\u0105du &#8211; Marek Kuchci\u0144ski","isPartOf":{"@id":"https:\/\/marekkuchcinski.pl\/#website"},"primaryImageOfPage":{"@id":"https:\/\/marekkuchcinski.pl\/en\/wydarzenia\/uwolnic-gospodarczy-potencjal-podkarpacia\/#primaryimage"},"image":{"@id":"https:\/\/marekkuchcinski.pl\/en\/wydarzenia\/uwolnic-gospodarczy-potencjal-podkarpacia\/#primaryimage"},"thumbnailUrl":"https:\/\/marekkuchcinski.pl\/wp-content\/uploads\/2018\/11\/kongres_590-1.jpg","datePublished":"2018-11-16T09:33:12+00:00","dateModified":"2018-11-16T09:34:39+00:00","breadcrumb":{"@id":"https:\/\/marekkuchcinski.pl\/en\/wydarzenia\/uwolnic-gospodarczy-potencjal-podkarpacia\/#breadcrumb"},"inLanguage":"cs","potentialAction":[{"@type":"ReadAction","target":["https:\/\/marekkuchcinski.pl\/en\/wydarzenia\/uwolnic-gospodarczy-potencjal-podkarpacia\/"]}]},{"@type":"ImageObject","inLanguage":"cs","@id":"https:\/\/marekkuchcinski.pl\/en\/wydarzenia\/uwolnic-gospodarczy-potencjal-podkarpacia\/#primaryimage","url":"https:\/\/marekkuchcinski.pl\/wp-content\/uploads\/2018\/11\/kongres_590-1.jpg","contentUrl":"https:\/\/marekkuchcinski.pl\/wp-content\/uploads\/2018\/11\/kongres_590-1.jpg","width":494,"height":337},{"@type":"BreadcrumbList","@id":"https:\/\/marekkuchcinski.pl\/en\/wydarzenia\/uwolnic-gospodarczy-potencjal-podkarpacia\/#breadcrumb","itemListElement":[{"@type":"ListItem","position":1,"name":"Strona g\u0142\u00f3wna","item":"https:\/\/marekkuchcinski.pl\/"},{"@type":"ListItem","position":2,"name":"Jak uwolni\u0107 gospodarczy potencja\u0142 Podkarpacia. Zr\u00f3wnowa\u017cony rozw\u00f3j kraju jednym z priorytet\u00f3w rz\u0105du"}]},{"@type":"WebSite","@id":"https:\/\/marekkuchcinski.pl\/#website","url":"https:\/\/marekkuchcinski.pl\/","name":"Marek Kuchci\u0144ski","description":"Pose\u0142 na sejm RP &ndash; okr\u0119g nr 22","publisher":{"@id":"https:\/\/marekkuchcinski.pl\/#organization"},"potentialAction":[{"@type":"SearchAction","target":{"@type":"EntryPoint","urlTemplate":"https:\/\/marekkuchcinski.pl\/?s={search_term_string}"},"query-input":{"@type":"PropertyValueSpecification","valueRequired":true,"valueName":"search_term_string"}}],"inLanguage":"cs"},{"@type":"Organization","@id":"https:\/\/marekkuchcinski.pl\/#organization","name":"Marek Kuchci\u0144ski","url":"https:\/\/marekkuchcinski.pl\/","logo":{"@type":"ImageObject","inLanguage":"cs","@id":"https:\/\/marekkuchcinski.pl\/#\/schema\/logo\/image\/","url":"https:\/\/marekkuchcinski.pl\/wp-content\/uploads\/2022\/09\/Marek.jpg","contentUrl":"https:\/\/marekkuchcinski.pl\/wp-content\/uploads\/2022\/09\/Marek.jpg","width":1600,"height":971,"caption":"Marek Kuchci\u0144ski"},"image":{"@id":"https:\/\/marekkuchcinski.pl\/#\/schema\/logo\/image\/"}},{"@type":"Person","@id":"https:\/\/marekkuchcinski.pl\/#\/schema\/person\/6f62700996b4d950b6ea2d1183b6c6be","name":"admin","image":{"@type":"ImageObject","inLanguage":"cs","@id":"https:\/\/marekkuchcinski.pl\/#\/schema\/person\/image\/","url":"https:\/\/secure.gravatar.com\/avatar\/4bab693b9d55c3d6b52c0296a8765085?s=96&d=mm&r=g","contentUrl":"https:\/\/secure.gravatar.com\/avatar\/4bab693b9d55c3d6b52c0296a8765085?s=96&d=mm&r=g","caption":"admin"},"url":"https:\/\/marekkuchcinski.pl\/cs\/author\/marta-olejnik\/"}]}},"_links":{"self":[{"href":"https:\/\/marekkuchcinski.pl\/cs\/wp-json\/wp\/v2\/posts\/10752","targetHints":{"allow":["GET"]}}],"collection":[{"href":"https:\/\/marekkuchcinski.pl\/cs\/wp-json\/wp\/v2\/posts"}],"about":[{"href":"https:\/\/marekkuchcinski.pl\/cs\/wp-json\/wp\/v2\/types\/post"}],"author":[{"embeddable":true,"href":"https:\/\/marekkuchcinski.pl\/cs\/wp-json\/wp\/v2\/users\/6"}],"replies":[{"embeddable":true,"href":"https:\/\/marekkuchcinski.pl\/cs\/wp-json\/wp\/v2\/comments?post=10752"}],"version-history":[{"count":9,"href":"https:\/\/marekkuchcinski.pl\/cs\/wp-json\/wp\/v2\/posts\/10752\/revisions"}],"predecessor-version":[{"id":10769,"href":"https:\/\/marekkuchcinski.pl\/cs\/wp-json\/wp\/v2\/posts\/10752\/revisions\/10769"}],"wp:featuredmedia":[{"embeddable":true,"href":"https:\/\/marekkuchcinski.pl\/cs\/wp-json\/wp\/v2\/media\/10767"}],"wp:attachment":[{"href":"https:\/\/marekkuchcinski.pl\/cs\/wp-json\/wp\/v2\/media?parent=10752"}],"wp:term":[{"taxonomy":"category","embeddable":true,"href":"https:\/\/marekkuchcinski.pl\/cs\/wp-json\/wp\/v2\/categories?post=10752"},{"taxonomy":"post_tag","embeddable":true,"href":"https:\/\/marekkuchcinski.pl\/cs\/wp-json\/wp\/v2\/tags?post=10752"}],"curies":[{"name":"wp","href":"https:\/\/api.w.org\/{rel}","templated":true}]}}