{"id":10745,"date":"2018-11-16T09:46:03","date_gmt":"2018-11-16T08:46:03","guid":{"rendered":"https:\/\/marekkuchcinski.pl\/?p=10745"},"modified":"2018-11-16T09:46:03","modified_gmt":"2018-11-16T08:46:03","slug":"bratyslawa-spotkanie-przewodniczacych-parlamentow-panstw-grupy-wyszehradzkiej-niemiec-francji","status":"publish","type":"post","link":"https:\/\/marekkuchcinski.pl\/cs\/wydarzenia\/bratyslawa-spotkanie-przewodniczacych-parlamentow-panstw-grupy-wyszehradzkiej-niemiec-francji\/","title":{"rendered":"Bratislava: Setk\u00e1n\u00ed p\u0159edsed\u016f parlament\u016f Visegr\u00e1du, N\u011bmecka a Francie"},"content":{"rendered":"<p dir=\"ltr\">Zased\u00e1n\u00ed se konalo v r\u00e1mci slovensk\u00e9ho p\u0159edsednictv\u00ed Visegr\u00e1dsk\u00e9 skupiny. Z polsk\u00e9 strany se akce z\u00fa\u010dastnili mar\u0161\u00e1lek Sejmu Marek Kuchcinski, z\u00e1stupce mar\u0161\u00e1lka Sen\u00e1tu Micha\u0142 Sewery\u0144ski a vedouc\u00ed Kancel\u00e1\u0159e Sejmu Agnieszka Kaczmarska.<\/p>\n<p dir=\"ltr\">Rozhovory ve slovensk\u00e9m hlavn\u00edm m\u011bst\u011b se zam\u011b\u0159ily na budoucnost Evropsk\u00e9 unie, politick\u00e9 a institucion\u00e1ln\u00ed hodnoty a volby do Evropsk\u00e9ho parlamentu v p\u0159\u00ed\u0161t\u00edm roce. Diskutovalo se o hled\u00e1n\u00ed receptu na pos\u00edlen\u00ed EU. - Spolupr\u00e1ce ve Visegr\u00e1dsk\u00e9 skupin\u011b je p\u0159\u00edkladem dobr\u00fdch inspirativn\u00edch zm\u011bn v cel\u00e9 Unii. Pokud hovo\u0159\u00edme o evropsk\u00fdch hodnot\u00e1ch, je t\u0159eba zv\u00e1\u017eit, zda bychom se nem\u011bli omezit pouze na politick\u00e9 hodnoty, kter\u00e9 jsou zakotveny ve smlouv\u00e1ch. Stoj\u00ed za to zah\u00e1jit diskusi o n\u00e1vratu k axiologick\u00fdm z\u00e1klad\u016fm, na nich\u017e vznikla Evropsk\u00e1 unie, tj. ke k\u0159es\u0165ansk\u00fdm hodnot\u00e1m, na nich\u017e byla v\u017edy zalo\u017eena evropsk\u00e1 civilizace,\" \u0159ekl p\u0159edseda Sejmu b\u011bhem jedn\u00e1n\u00ed.<\/p>\n<p dir=\"ltr\">B\u011bhem \u010dtvrte\u010dn\u00edch diskus\u00ed bylo zd\u016frazn\u011bno, \u017ee Visegr\u00e1dsk\u00e1 skupina chce b\u00fdt aktivn\u00edm a konstruktivn\u00edm partnerem v procesu evropsk\u00e9 integrace a \u017ee Evropsk\u00e1 unie je jedine\u010dn\u00fdm projektem, kter\u00fd by m\u011bli podporovat v\u0161ichni \u010dlenov\u00e9. Proto je d\u016fle\u017eit\u00e9 hledat spole\u010dn\u00fd pohled na EU. Dotkli se tak\u00e9 problematiky voleb do Evropsk\u00e9ho parlamentu v p\u0159\u00ed\u0161t\u00edm roce a upozornili mimo jin\u00e9 na probl\u00e9m n\u00edzk\u00e9 volebn\u00ed \u00fa\u010dasti.<\/p>\n<p dir=\"ltr\">Setk\u00e1n\u00ed p\u0159edsed\u016f parlament\u016f v Bratislav\u011b hostil p\u0159edseda N\u00e1rodn\u00ed rady Slovensk\u00e9 republiky Andrej Danko. Krom\u011b polsk\u00e9 a slovensk\u00e9 delegace se akce z\u00fa\u010dastnili p\u0159edseda ma\u010farsk\u00e9ho N\u00e1rodn\u00edho shrom\u00e1\u017ed\u011bn\u00ed L\u00e1szl\u00f3 K\u00f6v\u00e9r, p\u0159edseda Poslaneck\u00e9 sn\u011bmovny Parlamentu \u010cR Radek Vondr\u00e1\u010dek, p\u0159edseda n\u011bmeck\u00e9ho Spolkov\u00e9ho sn\u011bmu Wolfgang Sch\u00e4uble a p\u0159edseda francouzsk\u00e9ho N\u00e1rodn\u00edho shrom\u00e1\u017ed\u011bn\u00ed Richard Ferrand.<\/p>\n<p dir=\"ltr\"><em>Foto: Marta Marchlewska<\/em><\/p>\n<p><a href=\"https:\/\/marekkuchcinski.pl\/wp-content\/uploads\/2018\/11\/MMA_3895.view_.jpg\"><img fetchpriority=\"high\" decoding=\"async\" class=\"alignnone size-full wp-image-10746\" src=\"https:\/\/marekkuchcinski.pl\/wp-content\/uploads\/2018\/11\/MMA_3895.view_.jpg\" alt=\"MMA_3895.view\" width=\"785\" height=\"600\" srcset=\"https:\/\/marekkuchcinski.pl\/wp-content\/uploads\/2018\/11\/MMA_3895.view_.jpg 785w, https:\/\/marekkuchcinski.pl\/wp-content\/uploads\/2018\/11\/MMA_3895.view_-300x229.jpg 300w, https:\/\/marekkuchcinski.pl\/wp-content\/uploads\/2018\/11\/MMA_3895.view_-768x587.jpg 768w\" sizes=\"(max-width: 785px) 100vw, 785px\" \/><\/a> <a href=\"https:\/\/marekkuchcinski.pl\/wp-content\/uploads\/2018\/11\/MMA_4031.jpg\"><img decoding=\"async\" class=\"alignnone size-full wp-image-10747\" src=\"https:\/\/marekkuchcinski.pl\/wp-content\/uploads\/2018\/11\/MMA_4031.jpg\" alt=\"MMA_4031\" width=\"7360\" height=\"4912\" srcset=\"https:\/\/marekkuchcinski.pl\/wp-content\/uploads\/2018\/11\/MMA_4031.jpg 2048w, https:\/\/marekkuchcinski.pl\/wp-content\/uploads\/2018\/11\/MMA_4031-300x200.jpg 300w, https:\/\/marekkuchcinski.pl\/wp-content\/uploads\/2018\/11\/MMA_4031-768x513.jpg 768w, https:\/\/marekkuchcinski.pl\/wp-content\/uploads\/2018\/11\/MMA_4031-1024x683.jpg 1024w\" sizes=\"(max-width: 7360px) 100vw, 7360px\" \/><\/a> <a href=\"https:\/\/marekkuchcinski.pl\/wp-content\/uploads\/2018\/11\/MMA_4091.jpg\"><img decoding=\"async\" class=\"alignnone size-full wp-image-10749\" src=\"https:\/\/marekkuchcinski.pl\/wp-content\/uploads\/2018\/11\/MMA_4091.jpg\" alt=\"MMA_4091\" width=\"5811\" height=\"3874\" srcset=\"https:\/\/marekkuchcinski.pl\/wp-content\/uploads\/2018\/11\/MMA_4091.jpg 2048w, https:\/\/marekkuchcinski.pl\/wp-content\/uploads\/2018\/11\/MMA_4091-300x200.jpg 300w, https:\/\/marekkuchcinski.pl\/wp-content\/uploads\/2018\/11\/MMA_4091-768x512.jpg 768w, https:\/\/marekkuchcinski.pl\/wp-content\/uploads\/2018\/11\/MMA_4091-1024x683.jpg 1024w\" sizes=\"(max-width: 5811px) 100vw, 5811px\" \/><\/a><\/p>\n<p><a href=\"https:\/\/marekkuchcinski.pl\/wp-content\/uploads\/2018\/11\/ok-1.jpg\"><img loading=\"lazy\" decoding=\"async\" class=\"alignnone size-full wp-image-10761\" src=\"https:\/\/marekkuchcinski.pl\/wp-content\/uploads\/2018\/11\/ok-1.jpg\" alt=\"ok (1)\" width=\"4715\" height=\"3144\" srcset=\"https:\/\/marekkuchcinski.pl\/wp-content\/uploads\/2018\/11\/ok-1.jpg 2048w, https:\/\/marekkuchcinski.pl\/wp-content\/uploads\/2018\/11\/ok-1-300x200.jpg 300w, https:\/\/marekkuchcinski.pl\/wp-content\/uploads\/2018\/11\/ok-1-768x512.jpg 768w, https:\/\/marekkuchcinski.pl\/wp-content\/uploads\/2018\/11\/ok-1-1024x683.jpg 1024w\" sizes=\"(max-width: 4715px) 100vw, 4715px\" \/><\/a><\/p>","protected":false},"excerpt":{"rendered":"<p>Spotkanie zosta\u0142o zorganizowane w ramach s\u0142owackiej prezydencji w Grupie Wyszehradzkiej. Ze strony polskiej w wydarzeniu uczestniczyli marsza\u0142ek Sejmu Marek Kuchci\u0144ski, wicemarsza\u0142ek Senatu Micha\u0142 Sewery\u0144ski oraz szef Kancelarii Sejmu Agnieszka Kaczmarska. Rozmowy w stolicy S\u0142owacji dotyczy\u0142y przysz\u0142o\u015bci Unii Europejskiej, warto\u015bci politycznych i instytucjonalnych oraz przysz\u0142orocznych wybor\u00f3w do Parlamentu Europejskiego. Dyskutowano nad poszukiwaniem recepty na wzmocnienie UE. [&hellip;]<\/p>\n","protected":false},"author":6,"featured_media":10761,"comment_status":"open","ping_status":"open","sticky":false,"template":"","format":"standard","meta":{"ngg_post_thumbnail":0,"footnotes":""},"categories":[50,3],"tags":[],"class_list":["post-10745","post","type-post","status-publish","format-standard","has-post-thumbnail","hentry","category-wspolpraca-miedzynarodowa","category-wydarzenia"],"_links":{"self":[{"href":"https:\/\/marekkuchcinski.pl\/cs\/wp-json\/wp\/v2\/posts\/10745","targetHints":{"allow":["GET"]}}],"collection":[{"href":"https:\/\/marekkuchcinski.pl\/cs\/wp-json\/wp\/v2\/posts"}],"about":[{"href":"https:\/\/marekkuchcinski.pl\/cs\/wp-json\/wp\/v2\/types\/post"}],"author":[{"embeddable":true,"href":"https:\/\/marekkuchcinski.pl\/cs\/wp-json\/wp\/v2\/users\/6"}],"replies":[{"embeddable":true,"href":"https:\/\/marekkuchcinski.pl\/cs\/wp-json\/wp\/v2\/comments?post=10745"}],"version-history":[{"count":5,"href":"https:\/\/marekkuchcinski.pl\/cs\/wp-json\/wp\/v2\/posts\/10745\/revisions"}],"predecessor-version":[{"id":10762,"href":"https:\/\/marekkuchcinski.pl\/cs\/wp-json\/wp\/v2\/posts\/10745\/revisions\/10762"}],"wp:featuredmedia":[{"embeddable":true,"href":"https:\/\/marekkuchcinski.pl\/cs\/wp-json\/wp\/v2\/media\/10761"}],"wp:attachment":[{"href":"https:\/\/marekkuchcinski.pl\/cs\/wp-json\/wp\/v2\/media?parent=10745"}],"wp:term":[{"taxonomy":"category","embeddable":true,"href":"https:\/\/marekkuchcinski.pl\/cs\/wp-json\/wp\/v2\/categories?post=10745"},{"taxonomy":"post_tag","embeddable":true,"href":"https:\/\/marekkuchcinski.pl\/cs\/wp-json\/wp\/v2\/tags?post=10745"}],"curies":[{"name":"wp","href":"https:\/\/api.w.org\/{rel}","templated":true}]}}