{"id":10704,"date":"2018-11-12T09:50:14","date_gmt":"2018-11-12T08:50:14","guid":{"rendered":"https:\/\/marekkuchcinski.pl\/?p=10704"},"modified":"2018-11-12T11:37:47","modified_gmt":"2018-11-12T10:37:47","slug":"100-niepodleglej-polski","status":"publish","type":"post","link":"https:\/\/marekkuchcinski.pl\/cs\/wydarzenia\/100-niepodleglej-polski\/","title":{"rendered":"100 let nez\u00e1visl\u00e9ho Polska!"},"content":{"rendered":"<p><em>\u00a0 \u00a0 \u00a0 \u00a0 \u00a0 \u00a0 St\u00e9 v\u00fdro\u010d\u00ed znovuzrozen\u00ed polsk\u00e9ho st\u00e1tu n\u00e1m d\u00e1v\u00e1 pocit \u00fa\u010dasti na historick\u00e9m \u0159et\u011bzci generac\u00ed a hrdosti na polskost.\u00a0<\/em><\/p>\n<p><em>\u00a0\u00a0\u00a0\u00a0\u00a0\u00a0\u00a0\u00a0\u00a0\u00a0\u00a0 M\u011bli bychom se inspirovat t\u00edm, jak n\u00e1\u0161 n\u00e1rod dok\u00e1zal p\u0159e\u017e\u00edt a chr\u00e1nit svou v\u00edru ve svobodu vlasti. Stoj\u00ed za to se vr\u00e1tit k okam\u017eik\u016fm, kdy se Pol\u00e1ci spole\u010dn\u00fdmi silami postavili za sv\u00e1 pr\u00e1va a hodnoty, kter\u00e9 jim byly drah\u00e9. Slovo \"republika\" toti\u017e obsahuje na\u0161i historii, vzpom\u00ednku na zku\u0161enosti minul\u00fdch generac\u00ed, na jejich ob\u011bti - za cenu ob\u011bti nejvy\u0161\u0161\u00ed - na obranu vlasti. Kdy\u017e se vr\u00e1t\u00edme ke zku\u0161enostem otc\u016f polsk\u00e9 nez\u00e1vislosti, m\u016f\u017eeme napsat nov\u00e9, kr\u00e1sn\u00e9 str\u00e1nky polsk\u00fdch d\u011bjin.<\/em><\/p>\n<p><em>Marek Kuchci\u0144ski<\/em><\/p>\n<p>&nbsp;<\/p>\n<p>Oslavy 100. v\u00fdro\u010d\u00ed znovuz\u00edsk\u00e1n\u00ed nez\u00e1vislosti Polska za\u010daly 10. listopadu m\u0161\u00ed svatou ve var\u0161avsk\u00e9 katedr\u00e1le sv. Jana.<\/p>\n<p>Prezident, p\u0159edseda Sejmu, p\u0159edseda Sen\u00e1tu, premi\u00e9r, poslanci a minist\u0159i se pot\u00e9 z\u00fa\u010dastnili slavnostn\u00edho odhalen\u00ed pomn\u00edku zesnul\u00e9ho prezidenta Lecha Kaczy\u0144sk\u00e9ho na Pi\u0142sudsk\u00e9ho n\u00e1m\u011bst\u00ed.<\/p>\n<p>Oslavy 11. listopadu v hlavn\u00edm m\u011bst\u011b za\u010daly polo\u017een\u00edm v\u011bnc\u016f u hrobu zesnul\u00e9ho prezidenta Ryszarda Kaczorowsk\u00e9ho a pam\u011btn\u00ed desky ob\u011btem smolensk\u00e9 katastrofy v Panteonu velk\u00fdch Pol\u00e1k\u016f v Chr\u00e1mu Bo\u017e\u00ed Proz\u0159etelnosti. M\u0161i svat\u00e9 v Chr\u00e1mu d\u00edk\u016fvzd\u00e1n\u00ed pak p\u0159edsedal apo\u0161tolsk\u00fd nuncius v Polsku P. Salvatore Pennacchio a p\u0159edseda polsk\u00e9 biskupsk\u00e9 konference P. Stanis\u0142aw G\u0105decki v homilii \u0159ekl, \u017ee ve\u0161ker\u00e1 d\u016fstojnost autority pramen\u00ed v\u00fdhradn\u011b z toho, \u017ee sv\u00e9 \u00fakoly pln\u00ed v mez\u00edch mravn\u00edho \u0159\u00e1du, jeho\u017e zdrojem a c\u00edlem je B\u016fh. Po m\u0161i n\u00e1sledovalo slavnostn\u00ed odhalen\u00ed pam\u011btn\u00edch desek u Dub\u016f nez\u00e1vislosti.<\/p>\n<p dir=\"ltr\">\u010ctvrt hodiny p\u0159ed polednem se konala slavnostn\u00ed porada str\u00e1\u017e\u00ed u p\u0159\u00edle\u017eitosti st\u00e1tn\u00edho sv\u00e1tku nez\u00e1vislosti spojen\u00e1 s pietn\u00ed vzpom\u00ednkou na nez\u00e1vislost. Poprv\u00e9 v historii se cel\u00e9ho ob\u0159adu z\u00fa\u010dastnila mar\u0161\u00e1lsk\u00e1 garda, kter\u00e1 st\u00e1la na \u010destn\u00e9 str\u00e1\u017ei p\u0159ed Hrobem nezn\u00e1m\u00e9ho voj\u00edna. Poprv\u00e9 v n\u00ed byla \u017eena, d\u016fstojnice SM Katarzyna Bo\u017cek.<\/p>\n<p dir=\"ltr\">Po poledn\u00edm zp\u011bvu hymny v r\u00e1mci akce \"Niepodleg\u0142a do hymnu\" se slova ujal prezident Andrzej Duda. - D\u011bkujeme, \u017ee jste vysly\u0161eli v\u00fdzvu a p\u0159i\u0161li s b\u00edl\u00fdmi a \u010derven\u00fdmi vlajkami, je jich tu les. D\u011bkujeme, \u017ee m\u016f\u017eeme takov\u00fdm \u00fa\u017easn\u00fdm zp\u016fsobem vzd\u00e1t hold t\u011bm, kter\u00fdm vd\u011b\u010d\u00edme za svobodn\u00e9, nez\u00e1visl\u00e9 a suver\u00e9nn\u00ed Polsko,\" \u0159ekl prezident. - P\u0159\u00e1l bych si, abychom mohli b\u00fdt st\u00e1le spolu. Jsem p\u0159esv\u011bd\u010den, \u017ee bez ohledu na jeho n\u00e1zory! Proto\u017ee v ka\u017ed\u00e9m z n\u00e1s, jak hluboce v\u011b\u0159\u00edm, je l\u00e1ska k vlasti, k nez\u00e1visl\u00e9mu a suver\u00e9nn\u00edmu Polsku,\" \u0159ekl Andrzej Duda. Po projevu polo\u017eil prezident spolu s p\u0159edsedy Sejmu a Sen\u00e1tu a p\u0159edsedou vl\u00e1dy v\u011bnec k Hrobu nezn\u00e1m\u00e9ho voj\u00edna. V\u0161ichni se zapsali do pam\u011btn\u00ed knihy ke 100. v\u00fdro\u010d\u00ed znovuz\u00edsk\u00e1n\u00ed nez\u00e1vislosti. Str\u00e1\u017en\u00ed briefing byl zakon\u010den p\u0159ehl\u00eddkou, po n\u00ed\u017e nejv\u00fdznamn\u011bj\u0161\u00ed st\u00e1tn\u00ed p\u0159edstavitel\u00e9 polo\u017eili v\u011bnec p\u0159ed pomn\u00edkem J\u00f3zefa Pi\u0142sudsk\u00e9ho.<\/p>\n<p dir=\"ltr\">Ve 14 hodin se mar\u0161\u00e1l Kuchci\u0144ski z\u00fa\u010dastnil slavnostn\u00edho ceremoni\u00e1lu posmrtn\u00e9ho ud\u011blen\u00ed \u0158\u00e1d\u016f b\u00edl\u00e9ho orla 25 Pol\u00e1k\u016fm zaslou\u017eil\u00fdm o nez\u00e1vislost. Na Kr\u00e1lovsk\u00e9m hrad\u011b p\u0159evzali z rukou prezidenta vyznamen\u00e1n\u00ed potomci v\u00fdznamn\u00fdch Pol\u00e1k\u016f, mezi nimi\u017e byli W\u0142adys\u0142aw Reymont, Maria Sk\u0142odowska-Curie, Ignacy Daszy\u0144ski, Roman Dmowski, Wojciech Kossak, Kornel Makuszy\u0144ski a Janusz Korczak.<\/p>\n<p dir=\"ltr\">O hodinu pozd\u011bji st\u00e1li nejv\u00fdznamn\u011bj\u0161\u00ed pol\u0161t\u00ed politici v \u010dele b\u00edlo\u010derven\u00e9ho pochodu ke 100. v\u00fdro\u010d\u00ed znovuz\u00edsk\u00e1n\u00ed nez\u00e1vislosti a kr\u00e1\u010deli pod heslem \"Za tebe Polsko\". Na kruhov\u00e9m objezdu Romana Dmowsk\u00e9ho pronesl Andrzej Duda projev a zaintonoval hymnu. - Toto je na\u0161e vlajka, nikdy ne b\u00edl\u00e1 a nikdy ne \u010derven\u00e1,\" \u0159ekl prezident. Pochodu se z\u00fa\u010dastnilo n\u011bkolik set tis\u00edc lid\u00ed, kte\u0159\u00ed pochodovali p\u0159ed N\u00e1rodn\u00edm stadionem. Vzhledem k rekordn\u00ed \u00fa\u010dasti trval pochod cel\u00e9 skupiny n\u011bkolik hodin.<\/p>\n<p><a href=\"https:\/\/marekkuchcinski.pl\/wp-content\/uploads\/2018\/11\/RZ__1330-1.jpg\"><img fetchpriority=\"high\" decoding=\"async\" class=\"alignnone size-full wp-image-10705\" src=\"https:\/\/marekkuchcinski.pl\/wp-content\/uploads\/2018\/11\/RZ__1330-1.jpg\" alt=\"RZ__1330 (1)\" width=\"3360\" height=\"2240\" srcset=\"https:\/\/marekkuchcinski.pl\/wp-content\/uploads\/2018\/11\/RZ__1330-1.jpg 2048w, https:\/\/marekkuchcinski.pl\/wp-content\/uploads\/2018\/11\/RZ__1330-1-300x200.jpg 300w, https:\/\/marekkuchcinski.pl\/wp-content\/uploads\/2018\/11\/RZ__1330-1-768x512.jpg 768w, https:\/\/marekkuchcinski.pl\/wp-content\/uploads\/2018\/11\/RZ__1330-1-1024x683.jpg 1024w\" sizes=\"(max-width: 3360px) 100vw, 3360px\" \/><\/a><a href=\"https:\/\/marekkuchcinski.pl\/wp-content\/uploads\/2018\/11\/RZ__1355-1.jpg\"><img decoding=\"async\" class=\"alignnone size-full wp-image-10706\" src=\"https:\/\/marekkuchcinski.pl\/wp-content\/uploads\/2018\/11\/RZ__1355-1.jpg\" alt=\"RZ__1355 (1)\" width=\"3360\" height=\"2240\" srcset=\"https:\/\/marekkuchcinski.pl\/wp-content\/uploads\/2018\/11\/RZ__1355-1.jpg 2048w, https:\/\/marekkuchcinski.pl\/wp-content\/uploads\/2018\/11\/RZ__1355-1-300x200.jpg 300w, https:\/\/marekkuchcinski.pl\/wp-content\/uploads\/2018\/11\/RZ__1355-1-768x512.jpg 768w, https:\/\/marekkuchcinski.pl\/wp-content\/uploads\/2018\/11\/RZ__1355-1-1024x683.jpg 1024w\" sizes=\"(max-width: 3360px) 100vw, 3360px\" \/><\/a> <a href=\"https:\/\/marekkuchcinski.pl\/wp-content\/uploads\/2018\/11\/RZ__1415-1.jpg\"><img decoding=\"async\" class=\"alignnone size-full wp-image-10707\" src=\"https:\/\/marekkuchcinski.pl\/wp-content\/uploads\/2018\/11\/RZ__1415-1.jpg\" alt=\"RZ__1415 (1)\" width=\"3360\" height=\"2240\" srcset=\"https:\/\/marekkuchcinski.pl\/wp-content\/uploads\/2018\/11\/RZ__1415-1.jpg 2048w, https:\/\/marekkuchcinski.pl\/wp-content\/uploads\/2018\/11\/RZ__1415-1-300x200.jpg 300w, https:\/\/marekkuchcinski.pl\/wp-content\/uploads\/2018\/11\/RZ__1415-1-768x512.jpg 768w, https:\/\/marekkuchcinski.pl\/wp-content\/uploads\/2018\/11\/RZ__1415-1-1024x683.jpg 1024w\" sizes=\"(max-width: 3360px) 100vw, 3360px\" \/><\/a> <a href=\"https:\/\/marekkuchcinski.pl\/wp-content\/uploads\/2018\/11\/RZ__1430.jpg\"><img loading=\"lazy\" decoding=\"async\" class=\"alignnone size-full wp-image-10708\" src=\"https:\/\/marekkuchcinski.pl\/wp-content\/uploads\/2018\/11\/RZ__1430.jpg\" alt=\"RZ__1430\" width=\"3360\" height=\"2240\" srcset=\"https:\/\/marekkuchcinski.pl\/wp-content\/uploads\/2018\/11\/RZ__1430.jpg 2048w, https:\/\/marekkuchcinski.pl\/wp-content\/uploads\/2018\/11\/RZ__1430-300x200.jpg 300w, https:\/\/marekkuchcinski.pl\/wp-content\/uploads\/2018\/11\/RZ__1430-768x512.jpg 768w, https:\/\/marekkuchcinski.pl\/wp-content\/uploads\/2018\/11\/RZ__1430-1024x683.jpg 1024w\" sizes=\"(max-width: 3360px) 100vw, 3360px\" \/><\/a> <a href=\"https:\/\/marekkuchcinski.pl\/wp-content\/uploads\/2018\/11\/RZ__1438.jpg\"><img loading=\"lazy\" decoding=\"async\" class=\"alignnone size-full wp-image-10709\" src=\"https:\/\/marekkuchcinski.pl\/wp-content\/uploads\/2018\/11\/RZ__1438.jpg\" alt=\"RZ__1438\" width=\"3360\" height=\"2240\" srcset=\"https:\/\/marekkuchcinski.pl\/wp-content\/uploads\/2018\/11\/RZ__1438.jpg 2048w, https:\/\/marekkuchcinski.pl\/wp-content\/uploads\/2018\/11\/RZ__1438-300x200.jpg 300w, https:\/\/marekkuchcinski.pl\/wp-content\/uploads\/2018\/11\/RZ__1438-768x512.jpg 768w, https:\/\/marekkuchcinski.pl\/wp-content\/uploads\/2018\/11\/RZ__1438-1024x683.jpg 1024w\" sizes=\"(max-width: 3360px) 100vw, 3360px\" \/><\/a> <a href=\"https:\/\/marekkuchcinski.pl\/wp-content\/uploads\/2018\/11\/RZ__1704.jpg\"><img loading=\"lazy\" decoding=\"async\" class=\"alignnone size-full wp-image-10715\" src=\"https:\/\/marekkuchcinski.pl\/wp-content\/uploads\/2018\/11\/RZ__1704.jpg\" alt=\"RZ__1704\" width=\"3360\" height=\"2240\" srcset=\"https:\/\/marekkuchcinski.pl\/wp-content\/uploads\/2018\/11\/RZ__1704.jpg 2048w, https:\/\/marekkuchcinski.pl\/wp-content\/uploads\/2018\/11\/RZ__1704-300x200.jpg 300w, https:\/\/marekkuchcinski.pl\/wp-content\/uploads\/2018\/11\/RZ__1704-768x512.jpg 768w, https:\/\/marekkuchcinski.pl\/wp-content\/uploads\/2018\/11\/RZ__1704-1024x683.jpg 1024w\" sizes=\"(max-width: 3360px) 100vw, 3360px\" \/><\/a><a href=\"https:\/\/marekkuchcinski.pl\/wp-content\/uploads\/2018\/11\/RZ__1739.jpg\"><img loading=\"lazy\" decoding=\"async\" class=\"alignnone size-full wp-image-10716\" src=\"https:\/\/marekkuchcinski.pl\/wp-content\/uploads\/2018\/11\/RZ__1739.jpg\" alt=\"RZ__1739\" width=\"3360\" height=\"2240\" srcset=\"https:\/\/marekkuchcinski.pl\/wp-content\/uploads\/2018\/11\/RZ__1739.jpg 2048w, https:\/\/marekkuchcinski.pl\/wp-content\/uploads\/2018\/11\/RZ__1739-300x200.jpg 300w, https:\/\/marekkuchcinski.pl\/wp-content\/uploads\/2018\/11\/RZ__1739-768x512.jpg 768w, https:\/\/marekkuchcinski.pl\/wp-content\/uploads\/2018\/11\/RZ__1739-1024x683.jpg 1024w\" sizes=\"(max-width: 3360px) 100vw, 3360px\" \/><\/a><a href=\"https:\/\/marekkuchcinski.pl\/wp-content\/uploads\/2018\/11\/MMA_3324.jpg\"><img loading=\"lazy\" decoding=\"async\" class=\"alignnone size-full wp-image-10734\" src=\"https:\/\/marekkuchcinski.pl\/wp-content\/uploads\/2018\/11\/MMA_3324.jpg\" alt=\"MMA_3324\" width=\"7360\" height=\"4912\" srcset=\"https:\/\/marekkuchcinski.pl\/wp-content\/uploads\/2018\/11\/MMA_3324.jpg 2048w, https:\/\/marekkuchcinski.pl\/wp-content\/uploads\/2018\/11\/MMA_3324-300x200.jpg 300w, https:\/\/marekkuchcinski.pl\/wp-content\/uploads\/2018\/11\/MMA_3324-768x513.jpg 768w, https:\/\/marekkuchcinski.pl\/wp-content\/uploads\/2018\/11\/MMA_3324-1024x683.jpg 1024w\" sizes=\"(max-width: 7360px) 100vw, 7360px\" \/><\/a><a href=\"https:\/\/marekkuchcinski.pl\/wp-content\/uploads\/2018\/11\/MMA_3351.jpg\"><img loading=\"lazy\" decoding=\"async\" class=\"alignnone size-full wp-image-10736\" src=\"https:\/\/marekkuchcinski.pl\/wp-content\/uploads\/2018\/11\/MMA_3351.jpg\" alt=\"MMA_3351\" width=\"7360\" height=\"4912\" srcset=\"https:\/\/marekkuchcinski.pl\/wp-content\/uploads\/2018\/11\/MMA_3351.jpg 2048w, https:\/\/marekkuchcinski.pl\/wp-content\/uploads\/2018\/11\/MMA_3351-300x200.jpg 300w, https:\/\/marekkuchcinski.pl\/wp-content\/uploads\/2018\/11\/MMA_3351-768x513.jpg 768w, https:\/\/marekkuchcinski.pl\/wp-content\/uploads\/2018\/11\/MMA_3351-1024x683.jpg 1024w\" sizes=\"(max-width: 7360px) 100vw, 7360px\" \/><\/a><a href=\"https:\/\/marekkuchcinski.pl\/wp-content\/uploads\/2018\/11\/MMA_3408.jpg\"><img loading=\"lazy\" decoding=\"async\" class=\"alignnone size-full wp-image-10739\" src=\"https:\/\/marekkuchcinski.pl\/wp-content\/uploads\/2018\/11\/MMA_3408.jpg\" alt=\"MMA_3408\" width=\"7360\" height=\"4912\" srcset=\"https:\/\/marekkuchcinski.pl\/wp-content\/uploads\/2018\/11\/MMA_3408.jpg 2048w, https:\/\/marekkuchcinski.pl\/wp-content\/uploads\/2018\/11\/MMA_3408-300x200.jpg 300w, https:\/\/marekkuchcinski.pl\/wp-content\/uploads\/2018\/11\/MMA_3408-768x513.jpg 768w, https:\/\/marekkuchcinski.pl\/wp-content\/uploads\/2018\/11\/MMA_3408-1024x683.jpg 1024w\" sizes=\"(max-width: 7360px) 100vw, 7360px\" \/><\/a><a href=\"https:\/\/marekkuchcinski.pl\/wp-content\/uploads\/2018\/11\/MMA_3552.jpg\"><img loading=\"lazy\" decoding=\"async\" class=\"alignnone size-full wp-image-10741\" src=\"https:\/\/marekkuchcinski.pl\/wp-content\/uploads\/2018\/11\/MMA_3552.jpg\" alt=\"MMA_3552\" width=\"6536\" height=\"4257\" srcset=\"https:\/\/marekkuchcinski.pl\/wp-content\/uploads\/2018\/11\/MMA_3552.jpg 2048w, https:\/\/marekkuchcinski.pl\/wp-content\/uploads\/2018\/11\/MMA_3552-300x195.jpg 300w, https:\/\/marekkuchcinski.pl\/wp-content\/uploads\/2018\/11\/MMA_3552-768x500.jpg 768w, https:\/\/marekkuchcinski.pl\/wp-content\/uploads\/2018\/11\/MMA_3552-1024x667.jpg 1024w\" sizes=\"(max-width: 6536px) 100vw, 6536px\" \/><\/a><a href=\"https:\/\/marekkuchcinski.pl\/wp-content\/uploads\/2018\/11\/RZ__1981.jpg\"><img loading=\"lazy\" decoding=\"async\" class=\"alignnone size-full wp-image-10723\" src=\"https:\/\/marekkuchcinski.pl\/wp-content\/uploads\/2018\/11\/RZ__1981.jpg\" alt=\"RZ__1981\" width=\"3360\" height=\"2240\" srcset=\"https:\/\/marekkuchcinski.pl\/wp-content\/uploads\/2018\/11\/RZ__1981.jpg 2048w, https:\/\/marekkuchcinski.pl\/wp-content\/uploads\/2018\/11\/RZ__1981-300x200.jpg 300w, https:\/\/marekkuchcinski.pl\/wp-content\/uploads\/2018\/11\/RZ__1981-768x512.jpg 768w, https:\/\/marekkuchcinski.pl\/wp-content\/uploads\/2018\/11\/RZ__1981-1024x683.jpg 1024w\" sizes=\"(max-width: 3360px) 100vw, 3360px\" \/><\/a> <a href=\"https:\/\/marekkuchcinski.pl\/wp-content\/uploads\/2018\/11\/RZ__2357.jpg\"><img loading=\"lazy\" decoding=\"async\" class=\"alignnone size-full wp-image-10724\" src=\"https:\/\/marekkuchcinski.pl\/wp-content\/uploads\/2018\/11\/RZ__2357.jpg\" alt=\"RZ__2357\" width=\"3360\" height=\"2240\" srcset=\"https:\/\/marekkuchcinski.pl\/wp-content\/uploads\/2018\/11\/RZ__2357.jpg 2048w, https:\/\/marekkuchcinski.pl\/wp-content\/uploads\/2018\/11\/RZ__2357-300x200.jpg 300w, https:\/\/marekkuchcinski.pl\/wp-content\/uploads\/2018\/11\/RZ__2357-768x512.jpg 768w, https:\/\/marekkuchcinski.pl\/wp-content\/uploads\/2018\/11\/RZ__2357-1024x683.jpg 1024w\" sizes=\"(max-width: 3360px) 100vw, 3360px\" \/><\/a> <a href=\"https:\/\/marekkuchcinski.pl\/wp-content\/uploads\/2018\/11\/RZ__2433.jpg\"><img loading=\"lazy\" decoding=\"async\" class=\"alignnone size-full wp-image-10725\" src=\"https:\/\/marekkuchcinski.pl\/wp-content\/uploads\/2018\/11\/RZ__2433.jpg\" alt=\"RZ__2433\" width=\"3360\" height=\"2240\" srcset=\"https:\/\/marekkuchcinski.pl\/wp-content\/uploads\/2018\/11\/RZ__2433.jpg 2048w, https:\/\/marekkuchcinski.pl\/wp-content\/uploads\/2018\/11\/RZ__2433-300x200.jpg 300w, https:\/\/marekkuchcinski.pl\/wp-content\/uploads\/2018\/11\/RZ__2433-768x512.jpg 768w, https:\/\/marekkuchcinski.pl\/wp-content\/uploads\/2018\/11\/RZ__2433-1024x683.jpg 1024w\" sizes=\"(max-width: 3360px) 100vw, 3360px\" \/><\/a> <a href=\"https:\/\/marekkuchcinski.pl\/wp-content\/uploads\/2018\/11\/RZ__2495.jpg\"><img loading=\"lazy\" decoding=\"async\" class=\"alignnone size-full wp-image-10726\" src=\"https:\/\/marekkuchcinski.pl\/wp-content\/uploads\/2018\/11\/RZ__2495.jpg\" alt=\"RZ__2495\" width=\"3360\" height=\"2240\" srcset=\"https:\/\/marekkuchcinski.pl\/wp-content\/uploads\/2018\/11\/RZ__2495.jpg 2048w, https:\/\/marekkuchcinski.pl\/wp-content\/uploads\/2018\/11\/RZ__2495-300x200.jpg 300w, https:\/\/marekkuchcinski.pl\/wp-content\/uploads\/2018\/11\/RZ__2495-768x512.jpg 768w, https:\/\/marekkuchcinski.pl\/wp-content\/uploads\/2018\/11\/RZ__2495-1024x683.jpg 1024w\" sizes=\"(max-width: 3360px) 100vw, 3360px\" \/><\/a> <a href=\"https:\/\/marekkuchcinski.pl\/wp-content\/uploads\/2018\/11\/RZ__2523.jpg\"><img loading=\"lazy\" decoding=\"async\" class=\"alignnone size-full wp-image-10727\" src=\"https:\/\/marekkuchcinski.pl\/wp-content\/uploads\/2018\/11\/RZ__2523.jpg\" alt=\"RZ__2523\" width=\"3360\" height=\"2240\" srcset=\"https:\/\/marekkuchcinski.pl\/wp-content\/uploads\/2018\/11\/RZ__2523.jpg 2048w, https:\/\/marekkuchcinski.pl\/wp-content\/uploads\/2018\/11\/RZ__2523-300x200.jpg 300w, https:\/\/marekkuchcinski.pl\/wp-content\/uploads\/2018\/11\/RZ__2523-768x512.jpg 768w, https:\/\/marekkuchcinski.pl\/wp-content\/uploads\/2018\/11\/RZ__2523-1024x683.jpg 1024w\" sizes=\"(max-width: 3360px) 100vw, 3360px\" \/><\/a> <a href=\"https:\/\/marekkuchcinski.pl\/wp-content\/uploads\/2018\/11\/Zdje\u0328cie-11.11.2018-15-48-47.jpg\"><img loading=\"lazy\" decoding=\"async\" class=\"alignnone size-full wp-image-10728\" src=\"https:\/\/marekkuchcinski.pl\/wp-content\/uploads\/2018\/11\/Zdje\u0328cie-11.11.2018-15-48-47.jpg\" alt=\"Zdje\u0328cie 11.11.2018, 15 48 47\" width=\"4032\" height=\"3024\" srcset=\"https:\/\/marekkuchcinski.pl\/wp-content\/uploads\/2018\/11\/Zdje\u0328cie-11.11.2018-15-48-47.jpg 2048w, https:\/\/marekkuchcinski.pl\/wp-content\/uploads\/2018\/11\/Zdje\u0328cie-11.11.2018-15-48-47-300x225.jpg 300w, https:\/\/marekkuchcinski.pl\/wp-content\/uploads\/2018\/11\/Zdje\u0328cie-11.11.2018-15-48-47-768x576.jpg 768w, https:\/\/marekkuchcinski.pl\/wp-content\/uploads\/2018\/11\/Zdje\u0328cie-11.11.2018-15-48-47-1024x768.jpg 1024w\" sizes=\"(max-width: 4032px) 100vw, 4032px\" \/><\/a><\/p>\n<p><em>Foto: M. Marchlewska, R. Zambrzycki\/ Kancel\u00e1\u0159 Sejmu<\/em><\/p>","protected":false},"excerpt":{"rendered":"<p>\u00a0 \u00a0 \u00a0 \u00a0 \u00a0 \u00a0 Stulecie odrodzenia pa\u0144stwa polskiego sprawia, \u017ce towarzyszy nam poczucie uczestnictwa w historycznym \u0142a\u0144cuchu pokole\u0144 i duma z polsko\u015bci.\u00a0 \u00a0\u00a0\u00a0\u00a0\u00a0\u00a0\u00a0\u00a0\u00a0\u00a0\u00a0 Powinni\u015bmy czerpa\u0107 inspiracj\u0119 z tego, jak nasz nar\u00f3d potrafi\u0142 przetrwa\u0107 i ochroni\u0107 wiar\u0119 w wolno\u015b\u0107 Ojczyzny. Warto powraca\u0107 do chwil, gdy zbiorowym wysi\u0142kiem Polacy upominali si\u0119 o swoje prawa i [&hellip;]<\/p>","protected":false},"author":6,"featured_media":10706,"comment_status":"open","ping_status":"open","sticky":false,"template":"","format":"standard","meta":{"ngg_post_thumbnail":0,"footnotes":""},"categories":[77,3],"tags":[],"class_list":["post-10704","post","type-post","status-publish","format-standard","has-post-thumbnail","hentry","category-wazne-daty","category-wydarzenia"],"yoast_head":"<!-- This site is optimized with the Yoast SEO plugin v24.7 - https:\/\/yoast.com\/wordpress\/plugins\/seo\/ -->\n<title>100 lat odzyskania Niepodleg\u0142ej Polski! &#8211; Marek Kuchci\u0144ski<\/title>\n<meta name=\"robots\" content=\"index, follow, max-snippet:-1, max-image-preview:large, max-video-preview:-1\" \/>\n<link rel=\"canonical\" href=\"https:\/\/marekkuchcinski.pl\/cs\/wydarzenia\/100-niepodleglej-polski\/\" \/>\n<meta property=\"og:locale\" content=\"cs_CZ\" \/>\n<meta property=\"og:type\" content=\"article\" \/>\n<meta property=\"og:title\" content=\"100 lat odzyskania Niepodleg\u0142ej Polski! &#8211; Marek Kuchci\u0144ski\" \/>\n<meta property=\"og:description\" content=\"\u00a0 \u00a0 \u00a0 \u00a0 \u00a0 \u00a0 Stulecie odrodzenia pa\u0144stwa polskiego sprawia, \u017ce towarzyszy nam poczucie uczestnictwa w historycznym \u0142a\u0144cuchu pokole\u0144 i duma z polsko\u015bci.\u00a0 \u00a0\u00a0\u00a0\u00a0\u00a0\u00a0\u00a0\u00a0\u00a0\u00a0\u00a0 Powinni\u015bmy czerpa\u0107 inspiracj\u0119 z tego, jak nasz nar\u00f3d potrafi\u0142 przetrwa\u0107 i ochroni\u0107 wiar\u0119 w wolno\u015b\u0107 Ojczyzny. Warto powraca\u0107 do chwil, gdy zbiorowym wysi\u0142kiem Polacy upominali si\u0119 o swoje prawa i [&hellip;]\" \/>\n<meta property=\"og:url\" content=\"https:\/\/marekkuchcinski.pl\/cs\/wydarzenia\/100-niepodleglej-polski\/\" \/>\n<meta property=\"og:site_name\" content=\"Marek Kuchci\u0144ski\" \/>\n<meta property=\"article:published_time\" content=\"2018-11-12T08:50:14+00:00\" \/>\n<meta property=\"article:modified_time\" content=\"2018-11-12T10:37:47+00:00\" \/>\n<meta property=\"og:image\" content=\"https:\/\/marekkuchcinski.pl\/wp-content\/uploads\/2018\/11\/RZ__1355-1.jpg\" \/>\n\t<meta property=\"og:image:width\" content=\"2048\" \/>\n\t<meta property=\"og:image:height\" content=\"1365\" \/>\n\t<meta property=\"og:image:type\" content=\"image\/jpeg\" \/>\n<meta name=\"author\" content=\"admin\" \/>\n<meta name=\"twitter:card\" content=\"summary_large_image\" \/>\n<meta name=\"twitter:label1\" content=\"Napsal(a)\" \/>\n\t<meta name=\"twitter:data1\" content=\"admin\" \/>\n\t<meta name=\"twitter:label2\" content=\"Odhadovan\u00e1 doba \u010dten\u00ed\" \/>\n\t<meta name=\"twitter:data2\" content=\"3 minuty\" \/>\n<script type=\"application\/ld+json\" class=\"yoast-schema-graph\">{\"@context\":\"https:\/\/schema.org\",\"@graph\":[{\"@type\":\"Article\",\"@id\":\"https:\/\/marekkuchcinski.pl\/sk\/wydarzenia\/100-niepodleglej-polski\/#article\",\"isPartOf\":{\"@id\":\"https:\/\/marekkuchcinski.pl\/sk\/wydarzenia\/100-niepodleglej-polski\/\"},\"author\":{\"name\":\"admin\",\"@id\":\"https:\/\/marekkuchcinski.pl\/#\/schema\/person\/6f62700996b4d950b6ea2d1183b6c6be\"},\"headline\":\"100 lat odzyskania Niepodleg\u0142ej Polski!\",\"datePublished\":\"2018-11-12T08:50:14+00:00\",\"dateModified\":\"2018-11-12T10:37:47+00:00\",\"mainEntityOfPage\":{\"@id\":\"https:\/\/marekkuchcinski.pl\/sk\/wydarzenia\/100-niepodleglej-polski\/\"},\"wordCount\":694,\"commentCount\":0,\"publisher\":{\"@id\":\"https:\/\/marekkuchcinski.pl\/#organization\"},\"image\":{\"@id\":\"https:\/\/marekkuchcinski.pl\/sk\/wydarzenia\/100-niepodleglej-polski\/#primaryimage\"},\"thumbnailUrl\":\"https:\/\/marekkuchcinski.pl\/wp-content\/uploads\/2018\/11\/RZ__1355-1.jpg\",\"articleSection\":[\"Wa\u017cne daty\",\"Wydarzenia\"],\"inLanguage\":\"cs\",\"potentialAction\":[{\"@type\":\"CommentAction\",\"name\":\"Comment\",\"target\":[\"https:\/\/marekkuchcinski.pl\/sk\/wydarzenia\/100-niepodleglej-polski\/#respond\"]}]},{\"@type\":\"WebPage\",\"@id\":\"https:\/\/marekkuchcinski.pl\/sk\/wydarzenia\/100-niepodleglej-polski\/\",\"url\":\"https:\/\/marekkuchcinski.pl\/sk\/wydarzenia\/100-niepodleglej-polski\/\",\"name\":\"100 lat odzyskania Niepodleg\u0142ej Polski! &#8211; Marek Kuchci\u0144ski\",\"isPartOf\":{\"@id\":\"https:\/\/marekkuchcinski.pl\/#website\"},\"primaryImageOfPage\":{\"@id\":\"https:\/\/marekkuchcinski.pl\/sk\/wydarzenia\/100-niepodleglej-polski\/#primaryimage\"},\"image\":{\"@id\":\"https:\/\/marekkuchcinski.pl\/sk\/wydarzenia\/100-niepodleglej-polski\/#primaryimage\"},\"thumbnailUrl\":\"https:\/\/marekkuchcinski.pl\/wp-content\/uploads\/2018\/11\/RZ__1355-1.jpg\",\"datePublished\":\"2018-11-12T08:50:14+00:00\",\"dateModified\":\"2018-11-12T10:37:47+00:00\",\"breadcrumb\":{\"@id\":\"https:\/\/marekkuchcinski.pl\/sk\/wydarzenia\/100-niepodleglej-polski\/#breadcrumb\"},\"inLanguage\":\"cs\",\"potentialAction\":[{\"@type\":\"ReadAction\",\"target\":[\"https:\/\/marekkuchcinski.pl\/sk\/wydarzenia\/100-niepodleglej-polski\/\"]}]},{\"@type\":\"ImageObject\",\"inLanguage\":\"cs\",\"@id\":\"https:\/\/marekkuchcinski.pl\/sk\/wydarzenia\/100-niepodleglej-polski\/#primaryimage\",\"url\":\"https:\/\/marekkuchcinski.pl\/wp-content\/uploads\/2018\/11\/RZ__1355-1.jpg\",\"contentUrl\":\"https:\/\/marekkuchcinski.pl\/wp-content\/uploads\/2018\/11\/RZ__1355-1.jpg\",\"width\":2048,\"height\":1365},{\"@type\":\"BreadcrumbList\",\"@id\":\"https:\/\/marekkuchcinski.pl\/sk\/wydarzenia\/100-niepodleglej-polski\/#breadcrumb\",\"itemListElement\":[{\"@type\":\"ListItem\",\"position\":1,\"name\":\"Strona g\u0142\u00f3wna\",\"item\":\"https:\/\/marekkuchcinski.pl\/\"},{\"@type\":\"ListItem\",\"position\":2,\"name\":\"100 lat odzyskania Niepodleg\u0142ej Polski!\"}]},{\"@type\":\"WebSite\",\"@id\":\"https:\/\/marekkuchcinski.pl\/#website\",\"url\":\"https:\/\/marekkuchcinski.pl\/\",\"name\":\"Marek Kuchci\u0144ski\",\"description\":\"Pose\u0142 na sejm RP &ndash; okr\u0119g nr 22\",\"publisher\":{\"@id\":\"https:\/\/marekkuchcinski.pl\/#organization\"},\"potentialAction\":[{\"@type\":\"SearchAction\",\"target\":{\"@type\":\"EntryPoint\",\"urlTemplate\":\"https:\/\/marekkuchcinski.pl\/?s={search_term_string}\"},\"query-input\":{\"@type\":\"PropertyValueSpecification\",\"valueRequired\":true,\"valueName\":\"search_term_string\"}}],\"inLanguage\":\"cs\"},{\"@type\":\"Organization\",\"@id\":\"https:\/\/marekkuchcinski.pl\/#organization\",\"name\":\"Marek Kuchci\u0144ski\",\"url\":\"https:\/\/marekkuchcinski.pl\/\",\"logo\":{\"@type\":\"ImageObject\",\"inLanguage\":\"cs\",\"@id\":\"https:\/\/marekkuchcinski.pl\/#\/schema\/logo\/image\/\",\"url\":\"https:\/\/marekkuchcinski.pl\/wp-content\/uploads\/2022\/09\/Marek.jpg\",\"contentUrl\":\"https:\/\/marekkuchcinski.pl\/wp-content\/uploads\/2022\/09\/Marek.jpg\",\"width\":1600,\"height\":971,\"caption\":\"Marek Kuchci\u0144ski\"},\"image\":{\"@id\":\"https:\/\/marekkuchcinski.pl\/#\/schema\/logo\/image\/\"}},{\"@type\":\"Person\",\"@id\":\"https:\/\/marekkuchcinski.pl\/#\/schema\/person\/6f62700996b4d950b6ea2d1183b6c6be\",\"name\":\"admin\",\"image\":{\"@type\":\"ImageObject\",\"inLanguage\":\"cs\",\"@id\":\"https:\/\/marekkuchcinski.pl\/#\/schema\/person\/image\/\",\"url\":\"https:\/\/secure.gravatar.com\/avatar\/4bab693b9d55c3d6b52c0296a8765085?s=96&d=mm&r=g\",\"contentUrl\":\"https:\/\/secure.gravatar.com\/avatar\/4bab693b9d55c3d6b52c0296a8765085?s=96&d=mm&r=g\",\"caption\":\"admin\"},\"url\":\"https:\/\/marekkuchcinski.pl\/cs\/author\/marta-olejnik\/\"}]}<\/script>\n<!-- \/ Yoast SEO plugin. -->","yoast_head_json":{"title":"100 lat odzyskania Niepodleg\u0142ej Polski! &#8211; Marek Kuchci\u0144ski","robots":{"index":"index","follow":"follow","max-snippet":"max-snippet:-1","max-image-preview":"max-image-preview:large","max-video-preview":"max-video-preview:-1"},"canonical":"https:\/\/marekkuchcinski.pl\/cs\/wydarzenia\/100-niepodleglej-polski\/","og_locale":"cs_CZ","og_type":"article","og_title":"100 lat odzyskania Niepodleg\u0142ej Polski! &#8211; Marek Kuchci\u0144ski","og_description":"\u00a0 \u00a0 \u00a0 \u00a0 \u00a0 \u00a0 Stulecie odrodzenia pa\u0144stwa polskiego sprawia, \u017ce towarzyszy nam poczucie uczestnictwa w historycznym \u0142a\u0144cuchu pokole\u0144 i duma z polsko\u015bci.\u00a0 \u00a0\u00a0\u00a0\u00a0\u00a0\u00a0\u00a0\u00a0\u00a0\u00a0\u00a0 Powinni\u015bmy czerpa\u0107 inspiracj\u0119 z tego, jak nasz nar\u00f3d potrafi\u0142 przetrwa\u0107 i ochroni\u0107 wiar\u0119 w wolno\u015b\u0107 Ojczyzny. Warto powraca\u0107 do chwil, gdy zbiorowym wysi\u0142kiem Polacy upominali si\u0119 o swoje prawa i [&hellip;]","og_url":"https:\/\/marekkuchcinski.pl\/cs\/wydarzenia\/100-niepodleglej-polski\/","og_site_name":"Marek Kuchci\u0144ski","article_published_time":"2018-11-12T08:50:14+00:00","article_modified_time":"2018-11-12T10:37:47+00:00","og_image":[{"width":2048,"height":1365,"url":"https:\/\/marekkuchcinski.pl\/wp-content\/uploads\/2018\/11\/RZ__1355-1.jpg","type":"image\/jpeg"}],"author":"admin","twitter_card":"summary_large_image","twitter_misc":{"Napsal(a)":"admin","Odhadovan\u00e1 doba \u010dten\u00ed":"3 minuty"},"schema":{"@context":"https:\/\/schema.org","@graph":[{"@type":"Article","@id":"https:\/\/marekkuchcinski.pl\/sk\/wydarzenia\/100-niepodleglej-polski\/#article","isPartOf":{"@id":"https:\/\/marekkuchcinski.pl\/sk\/wydarzenia\/100-niepodleglej-polski\/"},"author":{"name":"admin","@id":"https:\/\/marekkuchcinski.pl\/#\/schema\/person\/6f62700996b4d950b6ea2d1183b6c6be"},"headline":"100 lat odzyskania Niepodleg\u0142ej Polski!","datePublished":"2018-11-12T08:50:14+00:00","dateModified":"2018-11-12T10:37:47+00:00","mainEntityOfPage":{"@id":"https:\/\/marekkuchcinski.pl\/sk\/wydarzenia\/100-niepodleglej-polski\/"},"wordCount":694,"commentCount":0,"publisher":{"@id":"https:\/\/marekkuchcinski.pl\/#organization"},"image":{"@id":"https:\/\/marekkuchcinski.pl\/sk\/wydarzenia\/100-niepodleglej-polski\/#primaryimage"},"thumbnailUrl":"https:\/\/marekkuchcinski.pl\/wp-content\/uploads\/2018\/11\/RZ__1355-1.jpg","articleSection":["Wa\u017cne daty","Wydarzenia"],"inLanguage":"cs","potentialAction":[{"@type":"CommentAction","name":"Comment","target":["https:\/\/marekkuchcinski.pl\/sk\/wydarzenia\/100-niepodleglej-polski\/#respond"]}]},{"@type":"WebPage","@id":"https:\/\/marekkuchcinski.pl\/sk\/wydarzenia\/100-niepodleglej-polski\/","url":"https:\/\/marekkuchcinski.pl\/sk\/wydarzenia\/100-niepodleglej-polski\/","name":"100 lat odzyskania Niepodleg\u0142ej Polski! &#8211; Marek Kuchci\u0144ski","isPartOf":{"@id":"https:\/\/marekkuchcinski.pl\/#website"},"primaryImageOfPage":{"@id":"https:\/\/marekkuchcinski.pl\/sk\/wydarzenia\/100-niepodleglej-polski\/#primaryimage"},"image":{"@id":"https:\/\/marekkuchcinski.pl\/sk\/wydarzenia\/100-niepodleglej-polski\/#primaryimage"},"thumbnailUrl":"https:\/\/marekkuchcinski.pl\/wp-content\/uploads\/2018\/11\/RZ__1355-1.jpg","datePublished":"2018-11-12T08:50:14+00:00","dateModified":"2018-11-12T10:37:47+00:00","breadcrumb":{"@id":"https:\/\/marekkuchcinski.pl\/sk\/wydarzenia\/100-niepodleglej-polski\/#breadcrumb"},"inLanguage":"cs","potentialAction":[{"@type":"ReadAction","target":["https:\/\/marekkuchcinski.pl\/sk\/wydarzenia\/100-niepodleglej-polski\/"]}]},{"@type":"ImageObject","inLanguage":"cs","@id":"https:\/\/marekkuchcinski.pl\/sk\/wydarzenia\/100-niepodleglej-polski\/#primaryimage","url":"https:\/\/marekkuchcinski.pl\/wp-content\/uploads\/2018\/11\/RZ__1355-1.jpg","contentUrl":"https:\/\/marekkuchcinski.pl\/wp-content\/uploads\/2018\/11\/RZ__1355-1.jpg","width":2048,"height":1365},{"@type":"BreadcrumbList","@id":"https:\/\/marekkuchcinski.pl\/sk\/wydarzenia\/100-niepodleglej-polski\/#breadcrumb","itemListElement":[{"@type":"ListItem","position":1,"name":"Strona g\u0142\u00f3wna","item":"https:\/\/marekkuchcinski.pl\/"},{"@type":"ListItem","position":2,"name":"100 lat odzyskania Niepodleg\u0142ej Polski!"}]},{"@type":"WebSite","@id":"https:\/\/marekkuchcinski.pl\/#website","url":"https:\/\/marekkuchcinski.pl\/","name":"Marek Kuchci\u0144ski","description":"Pose\u0142 na sejm RP &ndash; okr\u0119g nr 22","publisher":{"@id":"https:\/\/marekkuchcinski.pl\/#organization"},"potentialAction":[{"@type":"SearchAction","target":{"@type":"EntryPoint","urlTemplate":"https:\/\/marekkuchcinski.pl\/?s={search_term_string}"},"query-input":{"@type":"PropertyValueSpecification","valueRequired":true,"valueName":"search_term_string"}}],"inLanguage":"cs"},{"@type":"Organization","@id":"https:\/\/marekkuchcinski.pl\/#organization","name":"Marek Kuchci\u0144ski","url":"https:\/\/marekkuchcinski.pl\/","logo":{"@type":"ImageObject","inLanguage":"cs","@id":"https:\/\/marekkuchcinski.pl\/#\/schema\/logo\/image\/","url":"https:\/\/marekkuchcinski.pl\/wp-content\/uploads\/2022\/09\/Marek.jpg","contentUrl":"https:\/\/marekkuchcinski.pl\/wp-content\/uploads\/2022\/09\/Marek.jpg","width":1600,"height":971,"caption":"Marek Kuchci\u0144ski"},"image":{"@id":"https:\/\/marekkuchcinski.pl\/#\/schema\/logo\/image\/"}},{"@type":"Person","@id":"https:\/\/marekkuchcinski.pl\/#\/schema\/person\/6f62700996b4d950b6ea2d1183b6c6be","name":"admin","image":{"@type":"ImageObject","inLanguage":"cs","@id":"https:\/\/marekkuchcinski.pl\/#\/schema\/person\/image\/","url":"https:\/\/secure.gravatar.com\/avatar\/4bab693b9d55c3d6b52c0296a8765085?s=96&d=mm&r=g","contentUrl":"https:\/\/secure.gravatar.com\/avatar\/4bab693b9d55c3d6b52c0296a8765085?s=96&d=mm&r=g","caption":"admin"},"url":"https:\/\/marekkuchcinski.pl\/cs\/author\/marta-olejnik\/"}]}},"_links":{"self":[{"href":"https:\/\/marekkuchcinski.pl\/cs\/wp-json\/wp\/v2\/posts\/10704","targetHints":{"allow":["GET"]}}],"collection":[{"href":"https:\/\/marekkuchcinski.pl\/cs\/wp-json\/wp\/v2\/posts"}],"about":[{"href":"https:\/\/marekkuchcinski.pl\/cs\/wp-json\/wp\/v2\/types\/post"}],"author":[{"embeddable":true,"href":"https:\/\/marekkuchcinski.pl\/cs\/wp-json\/wp\/v2\/users\/6"}],"replies":[{"embeddable":true,"href":"https:\/\/marekkuchcinski.pl\/cs\/wp-json\/wp\/v2\/comments?post=10704"}],"version-history":[{"count":13,"href":"https:\/\/marekkuchcinski.pl\/cs\/wp-json\/wp\/v2\/posts\/10704\/revisions"}],"predecessor-version":[{"id":10743,"href":"https:\/\/marekkuchcinski.pl\/cs\/wp-json\/wp\/v2\/posts\/10704\/revisions\/10743"}],"wp:featuredmedia":[{"embeddable":true,"href":"https:\/\/marekkuchcinski.pl\/cs\/wp-json\/wp\/v2\/media\/10706"}],"wp:attachment":[{"href":"https:\/\/marekkuchcinski.pl\/cs\/wp-json\/wp\/v2\/media?parent=10704"}],"wp:term":[{"taxonomy":"category","embeddable":true,"href":"https:\/\/marekkuchcinski.pl\/cs\/wp-json\/wp\/v2\/categories?post=10704"},{"taxonomy":"post_tag","embeddable":true,"href":"https:\/\/marekkuchcinski.pl\/cs\/wp-json\/wp\/v2\/tags?post=10704"}],"curies":[{"name":"wp","href":"https:\/\/api.w.org\/{rel}","templated":true}]}}