{"id":10651,"date":"2018-11-10T11:12:41","date_gmt":"2018-11-10T10:12:41","guid":{"rendered":"https:\/\/marekkuchcinski.pl\/?p=10651"},"modified":"2018-11-10T11:12:41","modified_gmt":"2018-11-10T10:12:41","slug":"listy-marszalka-marka-kuchcinskiego-skierowane-podkarpacie-okazji-100-rocznicy-odzyskania-polske-niepodleglosci","status":"publish","type":"post","link":"https:\/\/marekkuchcinski.pl\/cs\/podkarpacie\/listy-marszalka-marka-kuchcinskiego-skierowane-podkarpacie-okazji-100-rocznicy-odzyskania-polske-niepodleglosci\/","title":{"rendered":"Dopisy mar\u0161\u00e1la Marka Kuchci\u0144sk\u00e9ho Podkarpatsku u p\u0159\u00edle\u017eitosti 100. v\u00fdro\u010d\u00ed znovuz\u00edsk\u00e1n\u00ed nez\u00e1vislosti Polska"},"content":{"rendered":"<p><a href=\"https:\/\/marekkuchcinski.pl\/wp-content\/uploads\/2018\/11\/100.-rocznica-niepodleg\u0142os\u0301ci-Gmina-Niziny.docx\">100. v\u00fdro\u010d\u00ed nez\u00e1vislosti Komuny N\u00ed\u017einy<\/a><\/p>\n<p><a href=\"https:\/\/marekkuchcinski.pl\/wp-content\/uploads\/2018\/11\/100.-rocznica-niepodleg\u0142os\u0301ci-Liceum-Przemys\u0301l.docx\">100. v\u00fdro\u010d\u00ed nez\u00e1vislosti St\u0159edn\u00ed \u0161kola Przemy\u015bl<\/a><\/p>\n<p><a href=\"https:\/\/marekkuchcinski.pl\/wp-content\/uploads\/2018\/11\/Niepodleg\u0142os\u0301c\u0301-Gorlice.docx\">Nez\u00e1vislost - Gorlice<\/a> <a href=\"https:\/\/marekkuchcinski.pl\/wp-content\/uploads\/2018\/11\/Niepodleg\u0142os\u0301c\u0301-Zago\u0301rz.docx\">Nez\u00e1vislost - Zag\u00f3rz<\/a><\/p>\n<p><a href=\"https:\/\/marekkuchcinski.pl\/wp-content\/uploads\/2018\/11\/Niepodleg\u0142os\u0301c\u0301-Rzeszo\u0301w.doc\">Nez\u00e1vislost Rzesz\u00f3wa<\/a> <a href=\"https:\/\/marekkuchcinski.pl\/wp-content\/uploads\/2018\/11\/Piknik-Wojskowy-Leniart.docx\">Vojensk\u00fd piknik - Leniart<\/a><\/p>\n<p><a href=\"https:\/\/marekkuchcinski.pl\/wp-content\/uploads\/2018\/11\/Szkola-muzyczna-niepodleg\u0142os\u0301c\u0301.docx\">Hudebn\u00ed \u0161kola - nez\u00e1vislost<\/a><\/p>\n<p><a href=\"https:\/\/marekkuchcinski.pl\/wp-content\/uploads\/2018\/11\/S\u0301wie\u0328to-Niepodleg\u0142os\u0301ci-2018-Ustrzyki.docx\">Den nez\u00e1vislosti 2018 Ustrzyki<\/a><\/p>","protected":false},"excerpt":{"rendered":"<p>100. rocznica niepodleg\u0142os\u0301ci Gmina Niziny 100. rocznica niepodleg\u0142os\u0301ci Liceum Przemys\u0301l Niepodleg\u0142os\u0301c\u0301 &#8211; Gorlice Niepodleg\u0142os\u0301c\u0301 &#8211; Zago\u0301rz Niepodleg\u0142os\u0301c\u0301 Rzeszo\u0301w Piknik Wojskowy &#8211; Leniart Szkola muzyczna &#8211; niepodleg\u0142os\u0301c\u0301 S\u0301wie\u0328to Niepodleg\u0142os\u0301ci 2018 Ustrzyki<\/p>","protected":false},"author":6,"featured_media":0,"comment_status":"open","ping_status":"open","sticky":false,"template":"","format":"standard","meta":{"ngg_post_thumbnail":0,"footnotes":""},"categories":[104,49],"tags":[],"class_list":["post-10651","post","type-post","status-publish","format-standard","hentry","category-lms","category-podkarpacie"],"_links":{"self":[{"href":"https:\/\/marekkuchcinski.pl\/cs\/wp-json\/wp\/v2\/posts\/10651","targetHints":{"allow":["GET"]}}],"collection":[{"href":"https:\/\/marekkuchcinski.pl\/cs\/wp-json\/wp\/v2\/posts"}],"about":[{"href":"https:\/\/marekkuchcinski.pl\/cs\/wp-json\/wp\/v2\/types\/post"}],"author":[{"embeddable":true,"href":"https:\/\/marekkuchcinski.pl\/cs\/wp-json\/wp\/v2\/users\/6"}],"replies":[{"embeddable":true,"href":"https:\/\/marekkuchcinski.pl\/cs\/wp-json\/wp\/v2\/comments?post=10651"}],"version-history":[{"count":1,"href":"https:\/\/marekkuchcinski.pl\/cs\/wp-json\/wp\/v2\/posts\/10651\/revisions"}],"predecessor-version":[{"id":10660,"href":"https:\/\/marekkuchcinski.pl\/cs\/wp-json\/wp\/v2\/posts\/10651\/revisions\/10660"}],"wp:attachment":[{"href":"https:\/\/marekkuchcinski.pl\/cs\/wp-json\/wp\/v2\/media?parent=10651"}],"wp:term":[{"taxonomy":"category","embeddable":true,"href":"https:\/\/marekkuchcinski.pl\/cs\/wp-json\/wp\/v2\/categories?post=10651"},{"taxonomy":"post_tag","embeddable":true,"href":"https:\/\/marekkuchcinski.pl\/cs\/wp-json\/wp\/v2\/tags?post=10651"}],"curies":[{"name":"wp","href":"https:\/\/api.w.org\/{rel}","templated":true}]}}