{"id":10625,"date":"2018-11-09T16:02:51","date_gmt":"2018-11-09T15:02:51","guid":{"rendered":"https:\/\/marekkuchcinski.pl\/?p=10625"},"modified":"2018-11-10T14:35:02","modified_gmt":"2018-11-10T13:35:02","slug":"10625","status":"publish","type":"post","link":"https:\/\/marekkuchcinski.pl\/cs\/wiesci-z-sejmu\/10625\/","title":{"rendered":"Sejm p\u0159ijal 27 z\u00e1kon\u016f"},"content":{"rendered":"<p>Usnadn\u011bn\u00ed pro podnikatele, elektronick\u00e9 pouk\u00e1zky, rekonstrukce odborn\u00e9ho vzd\u011bl\u00e1v\u00e1n\u00ed, boj proti dopingu ve sportu, z\u00e1kon o st\u00e1tn\u00edm sv\u00e1tku 12. listopadu 2018, to jsou mimo jin\u00e9 v\u00fdsledky t\u0159\u00eddenn\u00edho 71. zased\u00e1n\u00ed Sejmu. Poslanci tak\u00e9 zam\u00edtli ob\u010dansk\u00fd n\u00e1vrh z\u00e1kona, kter\u00fd po\u010d\u00edt\u00e1 se zru\u0161en\u00edm povinnosti n\u011bkter\u00fdch o\u010dkov\u00e1n\u00ed.<\/p>\n<p dir=\"ltr\">Sejm novelizoval z\u00e1kon o vzd\u011bl\u00e1v\u00e1n\u00ed a z\u00e1kon o vzd\u011bl\u00e1vac\u00edm syst\u00e9mu.\u00a0<u><strong>C\u00edlem zm\u011bn je obnovit presti\u017e odborn\u00e9ho vzd\u011bl\u00e1v\u00e1n\u00ed v Polsku.<\/strong><\/u>\u00a0Toho m\u00e1 b\u00fdt dosa\u017eeno zlep\u0161en\u00edm kvality a efektivity vzd\u011bl\u00e1v\u00e1n\u00ed ve \u0161kol\u00e1ch a \u0161kolsk\u00fdch za\u0159\u00edzen\u00edch.<\/p>\n<p dir=\"ltr\">Sn\u011bmovna schv\u00e1lila pozm\u011b\u0148ovac\u00ed n\u00e1vrhy k n\u011bkter\u00fdm z\u00e1kon\u016fm, kter\u00e9 zav\u00e1d\u011bj\u00ed\u00a0<u><strong>zjednodu\u0161en\u00ed pro podnikatele v oblasti da\u0148ov\u00e9ho a obchodn\u00edho pr\u00e1va<\/strong><\/u>. Jeden z nejd\u016fle\u017eit\u011bj\u0161\u00edch p\u0159edpoklad\u016f\u00a0<u><strong>je zaveden\u00ed statusu \"mal\u00e9ho da\u0148ov\u00e9ho poplatn\u00edka\" v oblasti PIT a CIT.<\/strong><\/u>kter\u00fd bude poskytov\u00e1n spole\u010dnostem s obratem do 2 milion\u016f EUR ro\u010dn\u011b (v sou\u010dasn\u00e9 dob\u011b je to 1,2 milionu EUR).<\/p>\n<p dir=\"ltr\">Zm\u011bna n\u011bkolika z\u00e1kon\u016f s c\u00edlem usnadnit prodej potravin zem\u011bd\u011blc\u016fm v obchodech a restaurac\u00edch.\u00a0<u><strong>umo\u017en\u00ed zem\u011bd\u011blc\u016fm prod\u00e1vat sv\u00e9 produkty p\u0159\u00edmo a oslovit v\u011bt\u0161\u00ed skupinu spot\u0159ebitel\u016f.<\/strong><\/u><\/p>\n<p dir=\"ltr\">Poslanci Evropsk\u00e9ho parlamentu se rozhodli p\u0159ijmout zm\u011bny z\u00e1kona o pr\u016fkazech toto\u017enosti. Navrhovan\u00e1 \u0159e\u0161en\u00ed\u00a0<u><strong>umo\u017en\u00ed od b\u0159ezna p\u0159\u00ed\u0161t\u00edho roku vyd\u00e1vat pr\u016fkazy toto\u017enosti s elektronickou vrstvou, tzv. elektronick\u00e9 karty.<\/strong><\/u><\/p>\n<p dir=\"ltr\">Zm\u011bna z\u00e1kona o n\u00e1mo\u0159n\u00edm rybolovu\u00a0<u><strong>harmonizuje prov\u00e1d\u011bn\u00ed inspekc\u00ed provozovatel\u016f komer\u010dn\u00edho a rekrea\u010dn\u00edho rybolovu.<\/strong><\/u>. Nov\u00fdmi pr\u00e1vn\u00edmi p\u0159edpisy se z\u0159izuje funkce hlavn\u00edho inspektora mo\u0159sk\u00e9ho rybolovu.<\/p>\n<p dir=\"ltr\">Sejm rozhodl o\u00a0<u><strong>z\u0159\u00edzen\u00ed St\u0159edoevropsk\u00e9ho institutu\u00a0<\/strong><\/u>Institut v\u00fdchodn\u00ed a st\u0159edn\u00ed Evropy bude nahrazen Institutem st\u0159edn\u00ed a v\u00fdchodn\u00ed Evropy. Nov\u00fd institut m\u00e1 b\u00fdt strategick\u00fdm zdrojem v oblasti st\u00e1tn\u00ed zahrani\u010dn\u00ed politiky v r\u00e1mci Trojzem\u00ed.<\/p>\n<p dir=\"ltr\">Novela z\u00e1kona o vr\u00e1cen\u00ed spot\u0159ebn\u00ed dan\u011b obsa\u017een\u00e9 v cen\u011b motorov\u00e9 nafty pou\u017e\u00edvan\u00e9 pro zem\u011bd\u011blskou v\u00fdrobu p\u0159edpokl\u00e1d\u00e1\u00a0<u><strong>zv\u00fd\u0161en\u00ed limitu spot\u0159eby nafty na hektar zem\u011bd\u011blsk\u00fdch plodin.<\/strong><\/u><\/p>\n<p dir=\"ltr\"><u><strong>Vystoupili tito \u0159e\u010dn\u00edci<\/strong><\/u><u><strong>z\u00e1kon o zvl\u00e1\u0161tn\u00edch opat\u0159en\u00edch k prov\u00e1d\u011bn\u00ed z\u00e1kona o rozpo\u010dtu na rok 2019.<\/strong><\/u>\u00a0Dokument po\u010d\u00edt\u00e1 mimo jin\u00e9 se zm\u011bnami t\u00fdkaj\u00edc\u00edmi se Fondu zaru\u010den\u00fdch zam\u011bstnaneck\u00fdch v\u00fdhod.<\/p>\n<p dir=\"ltr\">Sejm se rozhodl schv\u00e1lit\u00a0<u><strong>zm\u011bny n\u011bkter\u00fdch akt\u016f v souvislosti s pos\u00edlen\u00edm dohledu a ochrany investor\u016f na finan\u010dn\u00edm trhu.<\/strong><\/u>\u00a0Novela m\u011bn\u00ed zp\u016fsob financov\u00e1n\u00ed Komise pro finan\u010dn\u00ed dohled a \u00da\u0159adu pro finan\u010dn\u00ed dohled.<\/p>\n<p dir=\"ltr\">Komora rozhodla\u00a0<u><strong>o p\u0159ijet\u00ed dvou z\u00e1kon\u016f na zlep\u0161en\u00ed ochrany \u017eivotn\u00edho prost\u0159ed\u00ed.<\/strong><\/u>. Zm\u011bna z\u00e1kona\u00a0<u><strong>o podpo\u0159e termomodernizace a renovace stanov\u00ed ve\u0159ejn\u00e9 financov\u00e1n\u00ed mimo jin\u00e9 zateplov\u00e1n\u00ed dom\u016f a v\u00fdm\u011bny zastaral\u00fdch kotl\u016f nebo spor\u00e1k\u016f na uhl\u00ed za ekologi\u010dt\u011bj\u0161\u00ed vyt\u00e1p\u011bn\u00ed.<\/strong><\/u>. Novela z\u00e1kona o dani z p\u0159\u00edjmu fyzick\u00fdch osob a z\u00e1kona o pau\u0161\u00e1ln\u00ed dani z p\u0159\u00edjmu\u00a0<u><strong>zav\u00e1d\u00ed da\u0148ovou \u00falevu, kter\u00e1 m\u00e1 b\u00fdt pob\u00eddkou pro tepelnou modernizaci rodinn\u00fdch dom\u016f.<\/strong><\/u><\/p>\n<p dir=\"ltr\">V souvislosti s pot\u0159ebou zlep\u0161it ustanoven\u00ed t\u00fdkaj\u00edc\u00ed se postup\u016f, rozsahu \u00fakol\u016f N\u00e1rodn\u00ed da\u0148ov\u00e9 spr\u00e1vy a up\u0159esnit p\u0159edpisy t\u00fdkaj\u00edc\u00ed se zam\u011bstn\u00e1n\u00ed a slu\u017eby v celn\u00ed a da\u0148ov\u00e9 spr\u00e1v\u011b,\u00a0<u><strong>Sejm zm\u011bnil z\u00e1kon o KAS<\/strong><\/u>.<\/p>\n<p dir=\"ltr\">P\u0159ijato Sejmem\u00a0<u><strong>Z\u00e1kon o restrukturalizaci dluh\u016f subjekt\u016f provozuj\u00edc\u00edch zem\u011bd\u011blsk\u00e9 podniky vytv\u00e1\u0159\u00ed nov\u00e9 formy podpory pro zadlu\u017een\u00e9 subjekty<\/strong><\/u>.<\/p>\n<p dir=\"ltr\">Sejm dnes tak\u00e9 novelizoval energetick\u00fd z\u00e1kon. Jednou z nejd\u016fle\u017eit\u011bj\u0161\u00edch zm\u011bn je\u00a0<u><strong>zaveden\u00ed sm\u011bnn\u00e9 povinnosti<\/strong><\/u>Jedn\u00e1 se o zm\u011bnu rozsahu povinnosti prod\u00e1vat vyrobenou elekt\u0159inu, a to zv\u00fd\u0161en\u00edm z 30 % na 100 %.<\/p>\n<p dir=\"ltr\">Poslanci tak\u00e9 rozhodli.\u00a0<u><strong>prodlou\u017eit do konce roku 2023 rozpo\u010dtov\u00e9 financov\u00e1n\u00ed restrukturalizace odv\u011btv\u00ed t\u011b\u017eby \u010dern\u00e9ho uhl\u00ed.<\/strong><\/u>\u00a0a na\u00a0<u><strong>prodlou\u017een\u00ed pl\u00e1novac\u00edho obdob\u00ed pro podrobn\u00e9 sm\u011bry rekonstrukce a technick\u00e9 modernizace polsk\u00fdch ozbrojen\u00fdch sil z 10 na 15 let.<\/strong><\/u>.<\/p>\n<p dir=\"ltr\">Z\u00e1kon o finan\u010dn\u00ed podpo\u0159e audiovizu\u00e1ln\u00ed tvorby stanov\u00ed, \u017ee\u00a0<u><strong>Polsk\u00fd filmov\u00fd institut finan\u010dn\u011b podpo\u0159\u00ed produkci audiovizu\u00e1ln\u00edch d\u011bl vytvo\u0159en\u00fdch v Polsku.<\/strong><\/u>.<\/p>\n<p dir=\"ltr\">Zm\u011bny z\u00e1kona o\u00a0<u><strong>technick\u00fd dozor p\u0159izp\u016fsobit ustanoven\u00ed z\u00e1kona sou\u010dasn\u00e9mu pr\u00e1vn\u00edmu stavu. Jsou rovn\u011b\u017e ur\u010deny ke zv\u00fd\u0161en\u00ed bezpe\u010dnosti provozu technick\u00fdch za\u0159\u00edzen\u00ed.<\/strong><\/u>.<\/p>\n<p dir=\"ltr\">Sejm novelizoval z\u00e1kon o l\u00e9ka\u0159sk\u00e9 \u010dinnosti.\u00a0<u><strong>Nov\u00e1 pravidla umo\u017en\u00ed fyzioterapeut\u016fm vykon\u00e1vat praxi v r\u00e1mci sv\u00e9 odborn\u00e9 praxe<\/strong><\/u>.<\/p>\n<p dir=\"ltr\">Zm\u011bny z\u00e1kona o \u0159\u00edzen\u00ed p\u0159ed spr\u00e1vn\u00edmi soudy\u00a0<u><strong>prov\u00e1d\u011bj\u00ed pr\u00e1vo Evropsk\u00e9 unie a t\u00fdkaj\u00ed se \u00fapravy ot\u00e1zek souvisej\u00edc\u00edch se soudn\u00edm p\u0159ezkumem rozhodnut\u00ed o ud\u011blen\u00ed v\u00edza vydan\u00fdch konzul\u00e1tem.<\/strong><\/u><\/p>\n<p dir=\"ltr\">Parlamentem p\u0159ijat\u00e9 zm\u011bny z\u00e1kona o boji proti dopingu ve sportu p\u0159edpokl\u00e1daj\u00ed odd\u011blen\u00ed odboru antidopingov\u00e9ho v\u00fdzkumu od Sportovn\u00edho institutu - N\u00e1rodn\u00edho v\u00fdzkumn\u00e9ho \u00fastavu a z\u0159\u00edzen\u00ed odboru pro doping ve sportu.\u00a0<u><strong>Polsk\u00e1 antidopingov\u00e1 laborato\u0159.<\/strong><\/u><\/p>\n<p dir=\"ltr\">Poslanci rozhodli o zm\u011bn\u00e1ch z\u00e1kona o policii. Nov\u00e1 pravidla\u00a0<u><strong>odd\u011blit protiteroristick\u00e9 \u00fatvary policie od preventivn\u00ed slu\u017eby a vytvo\u0159it protiteroristickou slu\u017ebu.<\/strong><\/u>.<\/p>\n<p dir=\"ltr\">Ve t\u0159et\u00edm \u010dten\u00ed Sejm schv\u00e1lil novelu z\u00e1kona o ob\u010dansk\u00e9m soudn\u00edm \u0159\u00e1du.\u00a0<u><strong>Z\u00e1kon p\u0159izp\u016fsobuje pr\u00e1vn\u00ed \u0159\u00e1d rozsudku \u00dastavn\u00edho soudu.<\/strong><\/u>\u00a0pokud jde o p\u0159edpisy vztahuj\u00edc\u00ed se na jin\u00e9 ne\u017e obecn\u011b prosp\u011b\u0161n\u00e9 spole\u010dnosti.<\/p>\n<p dir=\"ltr\">Parlament rozhodl o ratifikaci zm\u011bn Montrealsk\u00e9ho protokolu o l\u00e1tk\u00e1ch, kter\u00e9 po\u0161kozuj\u00ed ozonovou vrstvu, uzav\u0159en\u00fdch v Montrealu dne 16. z\u00e1\u0159\u00ed 1987 a p\u0159ijat\u00fdch v Kigali dne 15. \u0159\u00edjna 2016.\u00a0<u><strong>Dokument vytv\u00e1\u0159\u00ed r\u00e1mec a z\u00e1sady pro spole\u010dn\u00fd postup zem\u00ed p\u0159i ochran\u011b ozonov\u00e9 vrstvy.<\/strong><\/u>.<\/p>\n<p dir=\"ltr\">Poslanci tak\u00e9 rozhodli o ukon\u010den\u00ed platnosti dohod o podpo\u0159e a vz\u00e1jemn\u00e9 ochran\u011b investic mezi Polskem a Rumunskem a \u010ceskou republikou.\u00a0<strong><u>Nov\u00e1 pravidla vy\u0159azuj\u00ed z ob\u011bhu mezin\u00e1rodn\u00ed dohody, kter\u00e9 jsou v rozporu s pr\u00e1vn\u00edm \u0159\u00e1dem EU.<\/u><\/strong><\/p>\n<p dir=\"ltr\">Z\u00e1kon o\u00a0<u><strong>N\u00e1rodn\u00ed registr dluh\u016f stanov\u00ed z\u00e1sady pro veden\u00ed registru a jeho c\u00edlem je uplat\u0148ovat na\u0159\u00edzen\u00ed Evropsk\u00e9ho parlamentu a Rady EU.<\/strong><\/u>.<\/p>\n<p dir=\"ltr\"><strong>Sejm rozhodl o kone\u010dn\u00e9m zn\u011bn\u00ed \u010dty\u0159 z\u00e1kon\u016f<\/strong><\/p>\n<p dir=\"ltr\">Poslanci se zab\u00fdvali sen\u00e1tn\u00edmi pozm\u011b\u0148ovac\u00edmi n\u00e1vrhy k z\u00e1konu o Polsk\u00e9 tiskov\u00e9 agentu\u0159e, k z\u00e1konu o N\u00e1rodn\u00ed inspekci pr\u00e1ce, k z\u00e1konu o venkovsk\u00fdch hospody\u0148k\u00e1ch a k z\u00e1konu o elektronick\u00e9 fakturaci p\u0159i zad\u00e1v\u00e1n\u00ed ve\u0159ejn\u00fdch zak\u00e1zek, konces\u00edch na stavebn\u00ed pr\u00e1ce nebo slu\u017eby a o partnerstv\u00ed ve\u0159ejn\u00e9ho a soukrom\u00e9ho sektoru. Akty budou nyn\u00ed zasl\u00e1ny k podpisu prezidentovi.<\/p>\n<p dir=\"ltr\"><strong>Aktu\u00e1ln\u00ed informace a ot\u00e1zky k aktu\u00e1ln\u00edm t\u00e9mat\u016fm<\/strong><\/p>\n<p dir=\"ltr\">Sejm si vyslechl aktu\u00e1ln\u00ed informace o protestu p\u0159\u00edslu\u0161n\u00edk\u016f uniformovan\u00fdch slo\u017eek. Z\u00e1stupci vl\u00e1dy odpov\u00eddali na dotazy poslanc\u016f, kter\u00e9 se t\u00fdkaly mimo jin\u00e9 n\u00e1vrhu na\u0159\u00edzen\u00ed o pilotn\u00edm programu p\u00e9\u010de v r\u00e1mci onkologick\u00e9 s\u00edt\u011b, zlep\u0161en\u00ed pracovn\u00edch a platov\u00fdch podm\u00ednek u policie, zv\u00fd\u0161en\u00ed cen elekt\u0159iny nebo zv\u00fd\u0161en\u00e9ho v\u00fdskytu spalni\u010dek.<br \/>\nDal\u0161\u00ed rozhodnut\u00ed Sejmu<\/p>\n<p><a href=\"https:\/\/marekkuchcinski.pl\/wp-content\/uploads\/2018\/11\/pos-sejmu.jpg\"><img fetchpriority=\"high\" decoding=\"async\" class=\"alignnone size-full wp-image-10626\" src=\"https:\/\/marekkuchcinski.pl\/wp-content\/uploads\/2018\/11\/pos-sejmu.jpg\" alt=\"pos sejmu\" width=\"1620\" height=\"1080\" srcset=\"https:\/\/marekkuchcinski.pl\/wp-content\/uploads\/2018\/11\/pos-sejmu.jpg 1620w, https:\/\/marekkuchcinski.pl\/wp-content\/uploads\/2018\/11\/pos-sejmu-300x200.jpg 300w, https:\/\/marekkuchcinski.pl\/wp-content\/uploads\/2018\/11\/pos-sejmu-768x512.jpg 768w, https:\/\/marekkuchcinski.pl\/wp-content\/uploads\/2018\/11\/pos-sejmu-1024x683.jpg 1024w\" sizes=\"(max-width: 1620px) 100vw, 1620px\" \/><\/a><\/p>","protected":false},"excerpt":{"rendered":"<p>U\u0142atwienia dla przedsi\u0119biorc\u00f3w, e-dowody, odbudowa kszta\u0142cenia zawodowego, walka z dopingiem w sporcie, ustawa\u00a0o \u015bwi\u0119cie narodowym 12 listopada 2018 r. to m.in. efekty trzydniowego, 71. posiedzenia Sejmu. Pos\u0142owie odrzucili tak\u017ce obywatelski projekt ustawy przewiduj\u0105cy zniesienie obowi\u0105zku niekt\u00f3rych szczepie\u0144. Sejm znowelizowa\u0142 ustaw\u0119 Prawo o\u015bwiatowe oraz ustaw\u0119 o systemie o\u015bwiaty.\u00a0Celem zmian jest odbudowa presti\u017cu kszta\u0142cenia zawodowego w Polsce.\u00a0Ma [&hellip;]<\/p>","protected":false},"author":6,"featured_media":10634,"comment_status":"open","ping_status":"open","sticky":false,"template":"","format":"standard","meta":{"ngg_post_thumbnail":0,"footnotes":""},"categories":[81,3],"tags":[],"class_list":["post-10625","post","type-post","status-publish","format-standard","has-post-thumbnail","hentry","category-wiesci-z-sejmu","category-wydarzenia"],"yoast_head":"<!-- This site is optimized with the Yoast SEO plugin v24.7 - https:\/\/yoast.com\/wordpress\/plugins\/seo\/ -->\n<title>Sejm uchwali\u0142 27 ustaw &#8211; Marek Kuchci\u0144ski<\/title>\n<meta name=\"robots\" content=\"index, follow, max-snippet:-1, max-image-preview:large, max-video-preview:-1\" \/>\n<link rel=\"canonical\" href=\"https:\/\/marekkuchcinski.pl\/cs\/wiesci-z-sejmu\/10625\/\" \/>\n<meta property=\"og:locale\" content=\"cs_CZ\" \/>\n<meta property=\"og:type\" content=\"article\" \/>\n<meta property=\"og:title\" content=\"Sejm uchwali\u0142 27 ustaw &#8211; Marek Kuchci\u0144ski\" \/>\n<meta property=\"og:description\" content=\"U\u0142atwienia dla przedsi\u0119biorc\u00f3w, e-dowody, odbudowa kszta\u0142cenia zawodowego, walka z dopingiem w sporcie, ustawa\u00a0o \u015bwi\u0119cie narodowym 12 listopada 2018 r. to m.in. efekty trzydniowego, 71. posiedzenia Sejmu. Pos\u0142owie odrzucili tak\u017ce obywatelski projekt ustawy przewiduj\u0105cy zniesienie obowi\u0105zku niekt\u00f3rych szczepie\u0144. Sejm znowelizowa\u0142 ustaw\u0119 Prawo o\u015bwiatowe oraz ustaw\u0119 o systemie o\u015bwiaty.\u00a0Celem zmian jest odbudowa presti\u017cu kszta\u0142cenia zawodowego w Polsce.\u00a0Ma [&hellip;]\" \/>\n<meta property=\"og:url\" content=\"https:\/\/marekkuchcinski.pl\/cs\/wiesci-z-sejmu\/10625\/\" \/>\n<meta property=\"og:site_name\" content=\"Marek Kuchci\u0144ski\" \/>\n<meta property=\"article:published_time\" content=\"2018-11-09T15:02:51+00:00\" \/>\n<meta property=\"article:modified_time\" content=\"2018-11-10T13:35:02+00:00\" \/>\n<meta property=\"og:image\" content=\"https:\/\/marekkuchcinski.pl\/wp-content\/uploads\/2018\/11\/pos-sejmu-1.jpg\" \/>\n\t<meta property=\"og:image:width\" content=\"1081\" \/>\n\t<meta property=\"og:image:height\" content=\"704\" \/>\n\t<meta property=\"og:image:type\" content=\"image\/jpeg\" \/>\n<meta name=\"author\" content=\"admin\" \/>\n<meta name=\"twitter:card\" content=\"summary_large_image\" \/>\n<meta name=\"twitter:label1\" content=\"Napsal(a)\" \/>\n\t<meta name=\"twitter:data1\" content=\"admin\" \/>\n\t<meta name=\"twitter:label2\" content=\"Odhadovan\u00e1 doba \u010dten\u00ed\" \/>\n\t<meta name=\"twitter:data2\" content=\"5 minut\" \/>\n<script type=\"application\/ld+json\" class=\"yoast-schema-graph\">{\"@context\":\"https:\/\/schema.org\",\"@graph\":[{\"@type\":\"Article\",\"@id\":\"https:\/\/marekkuchcinski.pl\/wiesci-z-sejmu\/10625\/#article\",\"isPartOf\":{\"@id\":\"https:\/\/marekkuchcinski.pl\/wiesci-z-sejmu\/10625\/\"},\"author\":{\"name\":\"admin\",\"@id\":\"https:\/\/marekkuchcinski.pl\/#\/schema\/person\/6f62700996b4d950b6ea2d1183b6c6be\"},\"headline\":\"Sejm uchwali\u0142 27 ustaw\",\"datePublished\":\"2018-11-09T15:02:51+00:00\",\"dateModified\":\"2018-11-10T13:35:02+00:00\",\"mainEntityOfPage\":{\"@id\":\"https:\/\/marekkuchcinski.pl\/wiesci-z-sejmu\/10625\/\"},\"wordCount\":1036,\"commentCount\":0,\"publisher\":{\"@id\":\"https:\/\/marekkuchcinski.pl\/#organization\"},\"image\":{\"@id\":\"https:\/\/marekkuchcinski.pl\/wiesci-z-sejmu\/10625\/#primaryimage\"},\"thumbnailUrl\":\"https:\/\/marekkuchcinski.pl\/wp-content\/uploads\/2018\/11\/pos-sejmu-1.jpg\",\"articleSection\":[\"Wie\u015bci z Sejmu\",\"Wydarzenia\"],\"inLanguage\":\"cs\",\"potentialAction\":[{\"@type\":\"CommentAction\",\"name\":\"Comment\",\"target\":[\"https:\/\/marekkuchcinski.pl\/wiesci-z-sejmu\/10625\/#respond\"]}]},{\"@type\":\"WebPage\",\"@id\":\"https:\/\/marekkuchcinski.pl\/wiesci-z-sejmu\/10625\/\",\"url\":\"https:\/\/marekkuchcinski.pl\/wiesci-z-sejmu\/10625\/\",\"name\":\"Sejm uchwali\u0142 27 ustaw &#8211; Marek Kuchci\u0144ski\",\"isPartOf\":{\"@id\":\"https:\/\/marekkuchcinski.pl\/#website\"},\"primaryImageOfPage\":{\"@id\":\"https:\/\/marekkuchcinski.pl\/wiesci-z-sejmu\/10625\/#primaryimage\"},\"image\":{\"@id\":\"https:\/\/marekkuchcinski.pl\/wiesci-z-sejmu\/10625\/#primaryimage\"},\"thumbnailUrl\":\"https:\/\/marekkuchcinski.pl\/wp-content\/uploads\/2018\/11\/pos-sejmu-1.jpg\",\"datePublished\":\"2018-11-09T15:02:51+00:00\",\"dateModified\":\"2018-11-10T13:35:02+00:00\",\"breadcrumb\":{\"@id\":\"https:\/\/marekkuchcinski.pl\/wiesci-z-sejmu\/10625\/#breadcrumb\"},\"inLanguage\":\"cs\",\"potentialAction\":[{\"@type\":\"ReadAction\",\"target\":[\"https:\/\/marekkuchcinski.pl\/wiesci-z-sejmu\/10625\/\"]}]},{\"@type\":\"ImageObject\",\"inLanguage\":\"cs\",\"@id\":\"https:\/\/marekkuchcinski.pl\/wiesci-z-sejmu\/10625\/#primaryimage\",\"url\":\"https:\/\/marekkuchcinski.pl\/wp-content\/uploads\/2018\/11\/pos-sejmu-1.jpg\",\"contentUrl\":\"https:\/\/marekkuchcinski.pl\/wp-content\/uploads\/2018\/11\/pos-sejmu-1.jpg\",\"width\":1081,\"height\":704},{\"@type\":\"BreadcrumbList\",\"@id\":\"https:\/\/marekkuchcinski.pl\/wiesci-z-sejmu\/10625\/#breadcrumb\",\"itemListElement\":[{\"@type\":\"ListItem\",\"position\":1,\"name\":\"Strona g\u0142\u00f3wna\",\"item\":\"https:\/\/marekkuchcinski.pl\/\"},{\"@type\":\"ListItem\",\"position\":2,\"name\":\"Sejm uchwali\u0142 27 ustaw\"}]},{\"@type\":\"WebSite\",\"@id\":\"https:\/\/marekkuchcinski.pl\/#website\",\"url\":\"https:\/\/marekkuchcinski.pl\/\",\"name\":\"Marek Kuchci\u0144ski\",\"description\":\"Pose\u0142 na sejm RP &ndash; okr\u0119g nr 22\",\"publisher\":{\"@id\":\"https:\/\/marekkuchcinski.pl\/#organization\"},\"potentialAction\":[{\"@type\":\"SearchAction\",\"target\":{\"@type\":\"EntryPoint\",\"urlTemplate\":\"https:\/\/marekkuchcinski.pl\/?s={search_term_string}\"},\"query-input\":{\"@type\":\"PropertyValueSpecification\",\"valueRequired\":true,\"valueName\":\"search_term_string\"}}],\"inLanguage\":\"cs\"},{\"@type\":\"Organization\",\"@id\":\"https:\/\/marekkuchcinski.pl\/#organization\",\"name\":\"Marek Kuchci\u0144ski\",\"url\":\"https:\/\/marekkuchcinski.pl\/\",\"logo\":{\"@type\":\"ImageObject\",\"inLanguage\":\"cs\",\"@id\":\"https:\/\/marekkuchcinski.pl\/#\/schema\/logo\/image\/\",\"url\":\"https:\/\/marekkuchcinski.pl\/wp-content\/uploads\/2022\/09\/Marek.jpg\",\"contentUrl\":\"https:\/\/marekkuchcinski.pl\/wp-content\/uploads\/2022\/09\/Marek.jpg\",\"width\":1600,\"height\":971,\"caption\":\"Marek Kuchci\u0144ski\"},\"image\":{\"@id\":\"https:\/\/marekkuchcinski.pl\/#\/schema\/logo\/image\/\"}},{\"@type\":\"Person\",\"@id\":\"https:\/\/marekkuchcinski.pl\/#\/schema\/person\/6f62700996b4d950b6ea2d1183b6c6be\",\"name\":\"admin\",\"image\":{\"@type\":\"ImageObject\",\"inLanguage\":\"cs\",\"@id\":\"https:\/\/marekkuchcinski.pl\/#\/schema\/person\/image\/\",\"url\":\"https:\/\/secure.gravatar.com\/avatar\/4bab693b9d55c3d6b52c0296a8765085?s=96&d=mm&r=g\",\"contentUrl\":\"https:\/\/secure.gravatar.com\/avatar\/4bab693b9d55c3d6b52c0296a8765085?s=96&d=mm&r=g\",\"caption\":\"admin\"},\"url\":\"https:\/\/marekkuchcinski.pl\/cs\/author\/marta-olejnik\/\"}]}<\/script>\n<!-- \/ Yoast SEO plugin. -->","yoast_head_json":{"title":"Sejm uchwali\u0142 27 ustaw &#8211; Marek Kuchci\u0144ski","robots":{"index":"index","follow":"follow","max-snippet":"max-snippet:-1","max-image-preview":"max-image-preview:large","max-video-preview":"max-video-preview:-1"},"canonical":"https:\/\/marekkuchcinski.pl\/cs\/wiesci-z-sejmu\/10625\/","og_locale":"cs_CZ","og_type":"article","og_title":"Sejm uchwali\u0142 27 ustaw &#8211; Marek Kuchci\u0144ski","og_description":"U\u0142atwienia dla przedsi\u0119biorc\u00f3w, e-dowody, odbudowa kszta\u0142cenia zawodowego, walka z dopingiem w sporcie, ustawa\u00a0o \u015bwi\u0119cie narodowym 12 listopada 2018 r. to m.in. efekty trzydniowego, 71. posiedzenia Sejmu. Pos\u0142owie odrzucili tak\u017ce obywatelski projekt ustawy przewiduj\u0105cy zniesienie obowi\u0105zku niekt\u00f3rych szczepie\u0144. Sejm znowelizowa\u0142 ustaw\u0119 Prawo o\u015bwiatowe oraz ustaw\u0119 o systemie o\u015bwiaty.\u00a0Celem zmian jest odbudowa presti\u017cu kszta\u0142cenia zawodowego w Polsce.\u00a0Ma [&hellip;]","og_url":"https:\/\/marekkuchcinski.pl\/cs\/wiesci-z-sejmu\/10625\/","og_site_name":"Marek Kuchci\u0144ski","article_published_time":"2018-11-09T15:02:51+00:00","article_modified_time":"2018-11-10T13:35:02+00:00","og_image":[{"width":1081,"height":704,"url":"https:\/\/marekkuchcinski.pl\/wp-content\/uploads\/2018\/11\/pos-sejmu-1.jpg","type":"image\/jpeg"}],"author":"admin","twitter_card":"summary_large_image","twitter_misc":{"Napsal(a)":"admin","Odhadovan\u00e1 doba \u010dten\u00ed":"5 minut"},"schema":{"@context":"https:\/\/schema.org","@graph":[{"@type":"Article","@id":"https:\/\/marekkuchcinski.pl\/wiesci-z-sejmu\/10625\/#article","isPartOf":{"@id":"https:\/\/marekkuchcinski.pl\/wiesci-z-sejmu\/10625\/"},"author":{"name":"admin","@id":"https:\/\/marekkuchcinski.pl\/#\/schema\/person\/6f62700996b4d950b6ea2d1183b6c6be"},"headline":"Sejm uchwali\u0142 27 ustaw","datePublished":"2018-11-09T15:02:51+00:00","dateModified":"2018-11-10T13:35:02+00:00","mainEntityOfPage":{"@id":"https:\/\/marekkuchcinski.pl\/wiesci-z-sejmu\/10625\/"},"wordCount":1036,"commentCount":0,"publisher":{"@id":"https:\/\/marekkuchcinski.pl\/#organization"},"image":{"@id":"https:\/\/marekkuchcinski.pl\/wiesci-z-sejmu\/10625\/#primaryimage"},"thumbnailUrl":"https:\/\/marekkuchcinski.pl\/wp-content\/uploads\/2018\/11\/pos-sejmu-1.jpg","articleSection":["Wie\u015bci z Sejmu","Wydarzenia"],"inLanguage":"cs","potentialAction":[{"@type":"CommentAction","name":"Comment","target":["https:\/\/marekkuchcinski.pl\/wiesci-z-sejmu\/10625\/#respond"]}]},{"@type":"WebPage","@id":"https:\/\/marekkuchcinski.pl\/wiesci-z-sejmu\/10625\/","url":"https:\/\/marekkuchcinski.pl\/wiesci-z-sejmu\/10625\/","name":"Sejm uchwali\u0142 27 ustaw &#8211; Marek Kuchci\u0144ski","isPartOf":{"@id":"https:\/\/marekkuchcinski.pl\/#website"},"primaryImageOfPage":{"@id":"https:\/\/marekkuchcinski.pl\/wiesci-z-sejmu\/10625\/#primaryimage"},"image":{"@id":"https:\/\/marekkuchcinski.pl\/wiesci-z-sejmu\/10625\/#primaryimage"},"thumbnailUrl":"https:\/\/marekkuchcinski.pl\/wp-content\/uploads\/2018\/11\/pos-sejmu-1.jpg","datePublished":"2018-11-09T15:02:51+00:00","dateModified":"2018-11-10T13:35:02+00:00","breadcrumb":{"@id":"https:\/\/marekkuchcinski.pl\/wiesci-z-sejmu\/10625\/#breadcrumb"},"inLanguage":"cs","potentialAction":[{"@type":"ReadAction","target":["https:\/\/marekkuchcinski.pl\/wiesci-z-sejmu\/10625\/"]}]},{"@type":"ImageObject","inLanguage":"cs","@id":"https:\/\/marekkuchcinski.pl\/wiesci-z-sejmu\/10625\/#primaryimage","url":"https:\/\/marekkuchcinski.pl\/wp-content\/uploads\/2018\/11\/pos-sejmu-1.jpg","contentUrl":"https:\/\/marekkuchcinski.pl\/wp-content\/uploads\/2018\/11\/pos-sejmu-1.jpg","width":1081,"height":704},{"@type":"BreadcrumbList","@id":"https:\/\/marekkuchcinski.pl\/wiesci-z-sejmu\/10625\/#breadcrumb","itemListElement":[{"@type":"ListItem","position":1,"name":"Strona g\u0142\u00f3wna","item":"https:\/\/marekkuchcinski.pl\/"},{"@type":"ListItem","position":2,"name":"Sejm uchwali\u0142 27 ustaw"}]},{"@type":"WebSite","@id":"https:\/\/marekkuchcinski.pl\/#website","url":"https:\/\/marekkuchcinski.pl\/","name":"Marek Kuchci\u0144ski","description":"Pose\u0142 na sejm RP &ndash; okr\u0119g nr 22","publisher":{"@id":"https:\/\/marekkuchcinski.pl\/#organization"},"potentialAction":[{"@type":"SearchAction","target":{"@type":"EntryPoint","urlTemplate":"https:\/\/marekkuchcinski.pl\/?s={search_term_string}"},"query-input":{"@type":"PropertyValueSpecification","valueRequired":true,"valueName":"search_term_string"}}],"inLanguage":"cs"},{"@type":"Organization","@id":"https:\/\/marekkuchcinski.pl\/#organization","name":"Marek Kuchci\u0144ski","url":"https:\/\/marekkuchcinski.pl\/","logo":{"@type":"ImageObject","inLanguage":"cs","@id":"https:\/\/marekkuchcinski.pl\/#\/schema\/logo\/image\/","url":"https:\/\/marekkuchcinski.pl\/wp-content\/uploads\/2022\/09\/Marek.jpg","contentUrl":"https:\/\/marekkuchcinski.pl\/wp-content\/uploads\/2022\/09\/Marek.jpg","width":1600,"height":971,"caption":"Marek Kuchci\u0144ski"},"image":{"@id":"https:\/\/marekkuchcinski.pl\/#\/schema\/logo\/image\/"}},{"@type":"Person","@id":"https:\/\/marekkuchcinski.pl\/#\/schema\/person\/6f62700996b4d950b6ea2d1183b6c6be","name":"admin","image":{"@type":"ImageObject","inLanguage":"cs","@id":"https:\/\/marekkuchcinski.pl\/#\/schema\/person\/image\/","url":"https:\/\/secure.gravatar.com\/avatar\/4bab693b9d55c3d6b52c0296a8765085?s=96&d=mm&r=g","contentUrl":"https:\/\/secure.gravatar.com\/avatar\/4bab693b9d55c3d6b52c0296a8765085?s=96&d=mm&r=g","caption":"admin"},"url":"https:\/\/marekkuchcinski.pl\/cs\/author\/marta-olejnik\/"}]}},"_links":{"self":[{"href":"https:\/\/marekkuchcinski.pl\/cs\/wp-json\/wp\/v2\/posts\/10625","targetHints":{"allow":["GET"]}}],"collection":[{"href":"https:\/\/marekkuchcinski.pl\/cs\/wp-json\/wp\/v2\/posts"}],"about":[{"href":"https:\/\/marekkuchcinski.pl\/cs\/wp-json\/wp\/v2\/types\/post"}],"author":[{"embeddable":true,"href":"https:\/\/marekkuchcinski.pl\/cs\/wp-json\/wp\/v2\/users\/6"}],"replies":[{"embeddable":true,"href":"https:\/\/marekkuchcinski.pl\/cs\/wp-json\/wp\/v2\/comments?post=10625"}],"version-history":[{"count":4,"href":"https:\/\/marekkuchcinski.pl\/cs\/wp-json\/wp\/v2\/posts\/10625\/revisions"}],"predecessor-version":[{"id":10695,"href":"https:\/\/marekkuchcinski.pl\/cs\/wp-json\/wp\/v2\/posts\/10625\/revisions\/10695"}],"wp:featuredmedia":[{"embeddable":true,"href":"https:\/\/marekkuchcinski.pl\/cs\/wp-json\/wp\/v2\/media\/10634"}],"wp:attachment":[{"href":"https:\/\/marekkuchcinski.pl\/cs\/wp-json\/wp\/v2\/media?parent=10625"}],"wp:term":[{"taxonomy":"category","embeddable":true,"href":"https:\/\/marekkuchcinski.pl\/cs\/wp-json\/wp\/v2\/categories?post=10625"},{"taxonomy":"post_tag","embeddable":true,"href":"https:\/\/marekkuchcinski.pl\/cs\/wp-json\/wp\/v2\/tags?post=10625"}],"curies":[{"name":"wp","href":"https:\/\/api.w.org\/{rel}","templated":true}]}}