{"id":10384,"date":"2018-09-13T15:59:10","date_gmt":"2018-09-13T13:59:10","guid":{"rendered":"https:\/\/marekkuchcinski.pl\/?p=10384"},"modified":"2018-09-13T15:59:10","modified_gmt":"2018-09-13T13:59:10","slug":"strategia-karpacka-coraz-blizej","status":"publish","type":"post","link":"https:\/\/marekkuchcinski.pl\/cs\/wydarzenia\/strategia-karpacka-coraz-blizej\/","title":{"rendered":"Karpatsk\u00e1 strategie se p\u0159ibli\u017euje"},"content":{"rendered":"<p>B\u011bhem hospod\u00e1\u0159sk\u00e9ho f\u00f3ra v Krynici podepsali z\u00e1stupci vl\u00e1d Polska, Ukrajiny, Ma\u010farska a Slovenska Karpatskou deklaraci - dohodu, na jej\u00edm\u017e z\u00e1klad\u011b m\u016f\u017ee Evropsk\u00e1 rada zah\u00e1jit pr\u00e1ci na Karpatsk\u00e9 strategii.<\/p>\n<p>- M\u00e1me-li v na\u0161\u00ed rozvojov\u00e9 politice dob\u0159e funguj\u00edc\u00ed Alpskou nebo Baltskou strategii, strategii skupin st\u00e1t\u016f s makroregion\u00e1ln\u00edmi z\u00e1jmy, kter\u00e9 se vz\u00e1jemn\u011b dopl\u0148uj\u00ed a vytv\u00e1\u0159ej\u00ed st\u00e1le v\u011bt\u0161\u00ed hodnoty, pro\u010d bychom nemohli vytvo\u0159it Karpatskou strategii - \u0159ekl Marek Kuchci\u0144ski, p\u0159edseda Sejmu, b\u011bhem konference Europa Karpat.<\/p>\n<p>Podle ministerstva investic a rozvoje by se strategie EU projevila jako skok v rozvoji regionu. V budoucnu se do prac\u00ed na strategii mohou zapojit tak\u00e9 \u010cesk\u00e1 republika, Rumunsko, Rakousko, Srbsko a Mold\u00e1vie. Byla by to p\u00e1t\u00e1 strategie v EU. V sou\u010dasn\u00e9 dob\u011b existuj\u00ed alpsk\u00e1, jadransko-j\u00f3nsk\u00e1, baltsk\u00e1 a dunajsk\u00e1 strategie.<\/p>\n<p>Karpatskou makroregion\u00e1ln\u00ed iniciativu podporuje tak\u00e9 Karpatsk\u00e1 parlamentn\u00ed skupina, kter\u00e9 p\u0159edsed\u00e1 p\u0159edseda Sejmu. Jej\u00ed \u010dlenov\u00e9 zd\u016fraz\u0148uj\u00ed mimo\u0159\u00e1dn\u011b d\u016fle\u017eitou roli regionu - nejen kv\u016fli jeho p\u0159\u00edrodn\u00edmu a kulturn\u00edmu bohatstv\u00ed, ale tak\u00e9 jako oblasti mnoha politick\u00fdch z\u00e1jm\u016f. Vy\u017eaduje investice do dopravy, infrastruktury a \u017eivotn\u00edho prost\u0159ed\u00ed, jako\u017e i podporu m\u00edstn\u00edho podnik\u00e1n\u00ed.<\/p>","protected":false},"excerpt":{"rendered":"<p>W czasie Forum Ekonomicznego w Krynicy przedstawiciele rz\u0105d\u00f3w Polski, Ukrainy, W\u0119gier i\u00a0S\u0142owacji podpisali Deklaracj\u0119 Karpack\u0105 \u2013 porozumienie, na mocy kt\u00f3rego Rada Europejska mo\u017ce rozpocz\u0105\u0107 prace nad nad Strategi\u0105 Karpack\u0105. \u2013 Skoro w polityce rozwoju mamy \u015bwietnie dzia\u0142aj\u0105c\u0105 Strategi\u0119 Alpejsk\u0105 czy Ba\u0142tyck\u0105, strategi\u0119 grup pa\u0144stw, maj\u0105cych makroregionalne interesy, kt\u00f3re si\u0119 wzajemnie uzupe\u0142niaj\u0105 i buduj\u0105 coraz wi\u0119ksz\u0105 [&hellip;]<\/p>\n","protected":false},"author":6,"featured_media":10385,"comment_status":"open","ping_status":"open","sticky":false,"template":"","format":"standard","meta":{"ngg_post_thumbnail":0,"footnotes":""},"categories":[78,49,3],"tags":[],"class_list":["post-10384","post","type-post","status-publish","format-standard","has-post-thumbnail","hentry","category-europa-karpat","category-podkarpacie","category-wydarzenia"],"_links":{"self":[{"href":"https:\/\/marekkuchcinski.pl\/cs\/wp-json\/wp\/v2\/posts\/10384","targetHints":{"allow":["GET"]}}],"collection":[{"href":"https:\/\/marekkuchcinski.pl\/cs\/wp-json\/wp\/v2\/posts"}],"about":[{"href":"https:\/\/marekkuchcinski.pl\/cs\/wp-json\/wp\/v2\/types\/post"}],"author":[{"embeddable":true,"href":"https:\/\/marekkuchcinski.pl\/cs\/wp-json\/wp\/v2\/users\/6"}],"replies":[{"embeddable":true,"href":"https:\/\/marekkuchcinski.pl\/cs\/wp-json\/wp\/v2\/comments?post=10384"}],"version-history":[{"count":1,"href":"https:\/\/marekkuchcinski.pl\/cs\/wp-json\/wp\/v2\/posts\/10384\/revisions"}],"predecessor-version":[{"id":10386,"href":"https:\/\/marekkuchcinski.pl\/cs\/wp-json\/wp\/v2\/posts\/10384\/revisions\/10386"}],"wp:featuredmedia":[{"embeddable":true,"href":"https:\/\/marekkuchcinski.pl\/cs\/wp-json\/wp\/v2\/media\/10385"}],"wp:attachment":[{"href":"https:\/\/marekkuchcinski.pl\/cs\/wp-json\/wp\/v2\/media?parent=10384"}],"wp:term":[{"taxonomy":"category","embeddable":true,"href":"https:\/\/marekkuchcinski.pl\/cs\/wp-json\/wp\/v2\/categories?post=10384"},{"taxonomy":"post_tag","embeddable":true,"href":"https:\/\/marekkuchcinski.pl\/cs\/wp-json\/wp\/v2\/tags?post=10384"}],"curies":[{"name":"wp","href":"https:\/\/api.w.org\/{rel}","templated":true}]}}