{"id":10348,"date":"2018-09-11T11:24:03","date_gmt":"2018-09-11T09:24:03","guid":{"rendered":"https:\/\/marekkuchcinski.pl\/?p=10348"},"modified":"2020-09-08T12:04:22","modified_gmt":"2020-09-08T10:04:22","slug":"zywe-pochodnie-marszalek-sejmu-otworzyl-wystawe-poswiecona-polsko-czechoslowackim-stosunkom","status":"publish","type":"post","link":"https:\/\/marekkuchcinski.pl\/cs\/wydarzenia\/zywe-pochodnie-marszalek-sejmu-otworzyl-wystawe-poswiecona-polsko-czechoslowackim-stosunkom\/","title":{"rendered":"\"\u017div\u00e9 pochodn\u011b\" - p\u0159edseda Sejmu zah\u00e1jil v\u00fdstavu o polsko-\u010deskoslovensk\u00fdch vztaz\u00edch"},"content":{"rendered":"<p><strong>Na protest proti agresi vojsk Var\u0161avsk\u00e9 smlouvy proti \u010ceskoslovensku v roce 1968 byly zap\u00e1leny \"\u017eiv\u00e9 pochodn\u011b\" nejen na Vltav\u011b, kde se Jan Palach a Jan Zaj\u00edc dopustili dramatick\u00e9ho \u010dinu sebeup\u00e1len\u00ed. Jin\u00ed tak\u00e9 ob\u011btovali sv\u00e9 \u017eivoty, jako nap\u0159\u00edklad Ryszard Siwiec, osam\u011bl\u00fd obr\u00e1nce cti Pol\u00e1k\u016f, kter\u00fd se stal symbolem polsko-\u010deskoslovensk\u00e9 solidarity. A dva Ma\u010fa\u0159i, S\u00e1ndor Bauer z Budape\u0161ti a jeho krajan M\u00e1rton Moyses \u017eij\u00edc\u00ed v Rumunsku, p\u0159ipravili p\u016fdu pro my\u0161lenku ma\u010farsko-\u010desko-slovensk\u00e9 solidarity.<\/strong><\/p>\n<p>- Pouto mezi Pol\u00e1ky, \u010cechy a Ma\u010fary bylo zpe\u010det\u011bno krvavou, nebo sp\u00ed\u0161e z\u00e1palnou ob\u011bt\u00ed - t\u00edm nejv\u011bt\u0161\u00edm, co m\u016f\u017ee \u010dlov\u011bk podniknout na obranu svobody,\" \u0159ekl p\u0159edseda Sejmu Marek Kuchcinski b\u011bhem zah\u00e1jen\u00ed pra\u017esk\u00e9 v\u00fdstavy \"Spole\u010dn\u011b: P\u016flstolet\u00ed polsko-\u010desk\u00fdch vztah\u016f 1968-2018\".  Pra\u017esk\u00e9 jaro zah\u00e1jilo novou \u00e9ru polsko-\u010desk\u00fdch vztah\u016f. \u0158e\u010dn\u00edk zd\u016fraznil, \u017ee za posledn\u00edch 50 let do\u0161lo k n\u011bkolika takov\u00fdm v\u00fdznamn\u00fdm ud\u00e1lostem, jako bylo d\u011blnick\u00e9 povst\u00e1n\u00ed v roce 1970 nebo 1976 v Radomi, v roce 1978 se poprv\u00e9 setkali pol\u0161t\u00ed a \u010deskosloven\u0161t\u00ed opozi\u010dn\u00edci a v prosinci 1981 vydali stejn\u00ed gener\u00e1lov\u00e9, kte\u0159\u00ed st\u00e1li za invaz\u00ed do \u010ceskoslovenska, rozkaz k zaveden\u00ed stann\u00e9ho pr\u00e1va v Polsku.<\/p>\n<p>P\u0159edseda Sejmu se b\u011bhem sv\u00e9 n\u00e1v\u0161t\u011bvy Prahy z\u00fa\u010dastnil jedn\u00e1n\u00ed: \"\u017div\u00e9 pochodn\u011b: Siwiec, Palach, Bauer\". - Ani po pades\u00e1ti letech nen\u00ed mo\u017en\u00e9 mluvit o tom, co se stalo ve Var\u0161av\u011b, Praze a Budape\u0161ti, bez pocitu, \u017ee se stalo n\u011bco nep\u0159edstaviteln\u00e9ho, neuv\u011b\u0159iteln\u011b dramatick\u00e9ho, a z\u00e1rove\u0148 n\u011bco, co se d\u011blo v\u011bdom\u011b - jako protest proti zotro\u010den\u00ed vlastn\u00edho st\u00e1tu a n\u00e1roda, proti invazi do \u010ceskoslovenska. Z\u00e1rove\u0148 je t\u0159eba zd\u016fraznit, \u017ee tyto v\u00fdjime\u010dn\u00e9 osobnosti neo\u010dek\u00e1valy napodobov\u00e1n\u00ed, dokonce p\u0159ed n\u00edm varovaly, a\u010dkoli zejm\u00e9na v \u010ceskoslovensku mnoz\u00ed cht\u011bli j\u00edt touto cestou,\" \u0159ekl Marek Kuchci\u0144ski. - Tyto t\u0159i osobnosti - voj\u00e1k AK, filosof a pozd\u011bji st\u00e1tn\u00ed \u00fa\u0159edn\u00edk Ryszard Siwiec ve Var\u0161av\u011b, student Jan Palach v Praze a student Sandor Bauer v Budape\u0161ti - lid\u00e9 velk\u00e9ho ducha, integrity a idej\u00ed a pevn\u00fdch vazeb ke sv\u00fdm n\u00e1rod\u016fm p\u0159ekro\u010dili hranici ob\u011bti a hrdinstv\u00ed a zvolili smrt v hrozn\u00fdch muk\u00e1ch, proto\u017ee v\u011b\u0159ili, \u017ee v boji za svobodu nen\u00ed \u017e\u00e1dn\u00e1 ob\u011b\u0165 p\u0159\u00edli\u0161 velk\u00e1,\" tvrdil. - Pokud se c\u00edt\u00edme b\u00fdt svobodn\u00ed, m\u011bli bychom v\u017edy pamatovat na to, komu za svou svobodu vd\u011b\u010d\u00edme, na suverenitu na\u0161ich zem\u00ed. D\u011bkujeme, \u017ee jste si p\u0159ipomn\u011bli na\u0161e hrdiny v Praze. Uct\u011bte jejich pam\u00e1tku. A\u0165 je jejich pam\u00e1tka a sl\u00e1va v\u011b\u010dn\u00e1,\" \u0159ekl Marek Kuchci\u0144ski.<\/p>\n<p>Setk\u00e1n\u00ed se mimo jin\u00e9 z\u00fa\u010dastnili tak\u00e9 m\u00edstop\u0159edsedov\u00e9 Parlamentu \u010cesk\u00e9 republiky Petr Fiala a Ma\u010farska J\u00e1nos Latorcai a profesor Jan Draus. Spole\u010dn\u011b hovo\u0159ili o odpov\u011bdnosti na\u0161ich zem\u00ed, o obnov\u011b vztah\u016f mezi Polskem, \u010ceskou republikou a Ma\u010farskem a o velk\u00e9 ob\u011bti, ob\u011btavosti\u00a0<span class=\"gmail_default\">p\u0159edlo\u017eeny k pok\u00e1r\u00e1n\u00ed<\/span>\u00a0za nadn\u00e1rodn\u00ed boj za lidskou svobodu a d\u016fstojnost.<\/p>\n<p><em>text\/pot. mo<\/em><\/p>\n<p><a href=\"https:\/\/marekkuchcinski.pl\/wp-content\/uploads\/2018\/09\/DSCF1062.jpg\"><img fetchpriority=\"high\" decoding=\"async\" class=\"alignnone size-full wp-image-10356\" src=\"https:\/\/marekkuchcinski.pl\/wp-content\/uploads\/2018\/09\/DSCF1062.jpg\" alt=\"DSCF1062\" width=\"4057\" height=\"2834\" srcset=\"https:\/\/marekkuchcinski.pl\/wp-content\/uploads\/2018\/09\/DSCF1062.jpg 2048w, https:\/\/marekkuchcinski.pl\/wp-content\/uploads\/2018\/09\/DSCF1062-300x210.jpg 300w, https:\/\/marekkuchcinski.pl\/wp-content\/uploads\/2018\/09\/DSCF1062-768x536.jpg 768w, https:\/\/marekkuchcinski.pl\/wp-content\/uploads\/2018\/09\/DSCF1062-1024x715.jpg 1024w\" sizes=\"(max-width: 4057px) 100vw, 4057px\" \/><\/a><a href=\"https:\/\/marekkuchcinski.pl\/wp-content\/uploads\/2018\/09\/DSCF1053.jpg\"><img decoding=\"async\" class=\"alignnone size-full wp-image-10378\" src=\"https:\/\/marekkuchcinski.pl\/wp-content\/uploads\/2018\/09\/DSCF1053.jpg\" alt=\"DSCF1053\" width=\"4134\" height=\"2673\" srcset=\"https:\/\/marekkuchcinski.pl\/wp-content\/uploads\/2018\/09\/DSCF1053.jpg 2048w, https:\/\/marekkuchcinski.pl\/wp-content\/uploads\/2018\/09\/DSCF1053-300x194.jpg 300w, https:\/\/marekkuchcinski.pl\/wp-content\/uploads\/2018\/09\/DSCF1053-768x497.jpg 768w, https:\/\/marekkuchcinski.pl\/wp-content\/uploads\/2018\/09\/DSCF1053-1024x662.jpg 1024w\" sizes=\"(max-width: 4134px) 100vw, 4134px\" \/><\/a><a href=\"https:\/\/marekkuchcinski.pl\/wp-content\/uploads\/2018\/09\/Praga-1.jpg\"><img decoding=\"async\" class=\"alignnone size-full wp-image-10374\" src=\"https:\/\/marekkuchcinski.pl\/wp-content\/uploads\/2018\/09\/Praga-1.jpg\" alt=\"Praga 1\" width=\"4522\" height=\"3019\" srcset=\"https:\/\/marekkuchcinski.pl\/wp-content\/uploads\/2018\/09\/Praga-1.jpg 2048w, https:\/\/marekkuchcinski.pl\/wp-content\/uploads\/2018\/09\/Praga-1-300x200.jpg 300w, https:\/\/marekkuchcinski.pl\/wp-content\/uploads\/2018\/09\/Praga-1-768x513.jpg 768w, https:\/\/marekkuchcinski.pl\/wp-content\/uploads\/2018\/09\/Praga-1-1024x684.jpg 1024w\" sizes=\"(max-width: 4522px) 100vw, 4522px\" \/><\/a><a href=\"https:\/\/marekkuchcinski.pl\/wp-content\/uploads\/2018\/09\/KKB_0737.jpg\"><img loading=\"lazy\" decoding=\"async\" class=\"alignnone size-full wp-image-10359\" src=\"https:\/\/marekkuchcinski.pl\/wp-content\/uploads\/2018\/09\/KKB_0737.jpg\" alt=\"KKB_0737\" width=\"2880\" height=\"1920\" srcset=\"https:\/\/marekkuchcinski.pl\/wp-content\/uploads\/2018\/09\/KKB_0737.jpg 2048w, https:\/\/marekkuchcinski.pl\/wp-content\/uploads\/2018\/09\/KKB_0737-300x200.jpg 300w, https:\/\/marekkuchcinski.pl\/wp-content\/uploads\/2018\/09\/KKB_0737-768x512.jpg 768w, https:\/\/marekkuchcinski.pl\/wp-content\/uploads\/2018\/09\/KKB_0737-1024x683.jpg 1024w\" sizes=\"(max-width: 2880px) 100vw, 2880px\" \/><\/a> <a href=\"https:\/\/marekkuchcinski.pl\/wp-content\/uploads\/2018\/09\/DSCF1084.jpg\"><img loading=\"lazy\" decoding=\"async\" class=\"alignnone size-full wp-image-10357\" src=\"https:\/\/marekkuchcinski.pl\/wp-content\/uploads\/2018\/09\/DSCF1084.jpg\" alt=\"DSCF1084\" width=\"4163\" height=\"2949\" srcset=\"https:\/\/marekkuchcinski.pl\/wp-content\/uploads\/2018\/09\/DSCF1084.jpg 2048w, https:\/\/marekkuchcinski.pl\/wp-content\/uploads\/2018\/09\/DSCF1084-300x213.jpg 300w, https:\/\/marekkuchcinski.pl\/wp-content\/uploads\/2018\/09\/DSCF1084-768x544.jpg 768w, https:\/\/marekkuchcinski.pl\/wp-content\/uploads\/2018\/09\/DSCF1084-1024x725.jpg 1024w\" sizes=\"(max-width: 4163px) 100vw, 4163px\" \/><\/a><a href=\"https:\/\/marekkuchcinski.pl\/wp-content\/uploads\/2018\/09\/KKB_0906.jpg\"><img loading=\"lazy\" decoding=\"async\" class=\"alignnone size-full wp-image-10360\" src=\"https:\/\/marekkuchcinski.pl\/wp-content\/uploads\/2018\/09\/KKB_0906.jpg\" alt=\"KKB_0906\" width=\"2110\" height=\"1496\" srcset=\"https:\/\/marekkuchcinski.pl\/wp-content\/uploads\/2018\/09\/KKB_0906.jpg 2048w, https:\/\/marekkuchcinski.pl\/wp-content\/uploads\/2018\/09\/KKB_0906-300x213.jpg 300w, https:\/\/marekkuchcinski.pl\/wp-content\/uploads\/2018\/09\/KKB_0906-768x545.jpg 768w, https:\/\/marekkuchcinski.pl\/wp-content\/uploads\/2018\/09\/KKB_0906-1024x726.jpg 1024w\" sizes=\"(max-width: 2110px) 100vw, 2110px\" \/><\/a> <a href=\"https:\/\/marekkuchcinski.pl\/wp-content\/uploads\/2018\/09\/KKB_1146.jpg\"><img loading=\"lazy\" decoding=\"async\" class=\"alignnone size-full wp-image-10361\" src=\"https:\/\/marekkuchcinski.pl\/wp-content\/uploads\/2018\/09\/KKB_1146.jpg\" alt=\"KKB_1146\" width=\"2306\" height=\"1410\" srcset=\"https:\/\/marekkuchcinski.pl\/wp-content\/uploads\/2018\/09\/KKB_1146.jpg 2048w, https:\/\/marekkuchcinski.pl\/wp-content\/uploads\/2018\/09\/KKB_1146-300x183.jpg 300w, https:\/\/marekkuchcinski.pl\/wp-content\/uploads\/2018\/09\/KKB_1146-768x470.jpg 768w, https:\/\/marekkuchcinski.pl\/wp-content\/uploads\/2018\/09\/KKB_1146-1024x626.jpg 1024w\" sizes=\"(max-width: 2306px) 100vw, 2306px\" \/><\/a><a href=\"https:\/\/marekkuchcinski.pl\/wp-content\/uploads\/2018\/09\/DSCF1085-1.jpg\"><img loading=\"lazy\" decoding=\"async\" class=\"alignnone size-full wp-image-10362\" src=\"https:\/\/marekkuchcinski.pl\/wp-content\/uploads\/2018\/09\/DSCF1085-1.jpg\" alt=\"DSCF1085\" width=\"3367\" height=\"2246\" srcset=\"https:\/\/marekkuchcinski.pl\/wp-content\/uploads\/2018\/09\/DSCF1085-1.jpg 2048w, https:\/\/marekkuchcinski.pl\/wp-content\/uploads\/2018\/09\/DSCF1085-1-300x200.jpg 300w, https:\/\/marekkuchcinski.pl\/wp-content\/uploads\/2018\/09\/DSCF1085-1-768x512.jpg 768w, https:\/\/marekkuchcinski.pl\/wp-content\/uploads\/2018\/09\/DSCF1085-1-1024x683.jpg 1024w\" sizes=\"(max-width: 3367px) 100vw, 3367px\" \/><\/a> <a href=\"https:\/\/marekkuchcinski.pl\/wp-content\/uploads\/2018\/09\/KKB_1328.jpg\"><img loading=\"lazy\" decoding=\"async\" class=\"alignnone size-full wp-image-10363\" src=\"https:\/\/marekkuchcinski.pl\/wp-content\/uploads\/2018\/09\/KKB_1328.jpg\" alt=\"KKB_1328\" width=\"1910\" height=\"1068\" srcset=\"https:\/\/marekkuchcinski.pl\/wp-content\/uploads\/2018\/09\/KKB_1328.jpg 1910w, https:\/\/marekkuchcinski.pl\/wp-content\/uploads\/2018\/09\/KKB_1328-300x168.jpg 300w, https:\/\/marekkuchcinski.pl\/wp-content\/uploads\/2018\/09\/KKB_1328-768x429.jpg 768w, https:\/\/marekkuchcinski.pl\/wp-content\/uploads\/2018\/09\/KKB_1328-1024x573.jpg 1024w\" sizes=\"(max-width: 1910px) 100vw, 1910px\" \/><\/a><a href=\"https:\/\/marekkuchcinski.pl\/wp-content\/uploads\/2018\/09\/KKB_1693.jpg\"><img loading=\"lazy\" decoding=\"async\" class=\"alignnone size-full wp-image-10380\" src=\"https:\/\/marekkuchcinski.pl\/wp-content\/uploads\/2018\/09\/KKB_1693.jpg\" alt=\"KKB_1693\" width=\"3410\" height=\"2341\" srcset=\"https:\/\/marekkuchcinski.pl\/wp-content\/uploads\/2018\/09\/KKB_1693.jpg 2048w, https:\/\/marekkuchcinski.pl\/wp-content\/uploads\/2018\/09\/KKB_1693-300x206.jpg 300w, https:\/\/marekkuchcinski.pl\/wp-content\/uploads\/2018\/09\/KKB_1693-768x527.jpg 768w, https:\/\/marekkuchcinski.pl\/wp-content\/uploads\/2018\/09\/KKB_1693-1024x703.jpg 1024w\" sizes=\"(max-width: 3410px) 100vw, 3410px\" \/><\/a>Prom\u00edt\u00e1n\u00ed filmu v\u011bnovan\u00e9ho Ryszardu Siwiecovi<\/p>","protected":false},"excerpt":{"rendered":"<p>W prote\u015bcie przeciwko agresji wojsk Uk\u0142adu Warszawskiego na Czechos\u0142owacj\u0119 w 1968 roku \u201e\u017cywe pochodnie\u201d zap\u0142on\u0119\u0142y nie tylko nad We\u0142taw\u0105, gdzie dramatycznego aktu samospalenia dokonali Jan Palach i Jan Zaj\u00edc. Ofiar\u0119 z w\u0142asnego \u017cycia z\u0142o\u017cyli tak\u017ce inni, jak Ryszard Siwiec, samotny obro\u0144ca honoru Polak\u00f3w, kt\u00f3ry sta\u0142 si\u0119\u00a0symbolem polsko-czechos\u0142owackiej solidarno\u015bci. Natomiast dwaj W\u0119grzy: S\u00e1ndor Bauer z Budapesztu [&hellip;]<\/p>\n","protected":false},"author":6,"featured_media":10373,"comment_status":"open","ping_status":"open","sticky":false,"template":"","format":"standard","meta":{"ngg_post_thumbnail":0,"footnotes":""},"categories":[77,50,3],"tags":[],"class_list":["post-10348","post","type-post","status-publish","format-standard","has-post-thumbnail","hentry","category-wazne-daty","category-wspolpraca-miedzynarodowa","category-wydarzenia"],"_links":{"self":[{"href":"https:\/\/marekkuchcinski.pl\/cs\/wp-json\/wp\/v2\/posts\/10348","targetHints":{"allow":["GET"]}}],"collection":[{"href":"https:\/\/marekkuchcinski.pl\/cs\/wp-json\/wp\/v2\/posts"}],"about":[{"href":"https:\/\/marekkuchcinski.pl\/cs\/wp-json\/wp\/v2\/types\/post"}],"author":[{"embeddable":true,"href":"https:\/\/marekkuchcinski.pl\/cs\/wp-json\/wp\/v2\/users\/6"}],"replies":[{"embeddable":true,"href":"https:\/\/marekkuchcinski.pl\/cs\/wp-json\/wp\/v2\/comments?post=10348"}],"version-history":[{"count":16,"href":"https:\/\/marekkuchcinski.pl\/cs\/wp-json\/wp\/v2\/posts\/10348\/revisions"}],"predecessor-version":[{"id":19702,"href":"https:\/\/marekkuchcinski.pl\/cs\/wp-json\/wp\/v2\/posts\/10348\/revisions\/19702"}],"wp:featuredmedia":[{"embeddable":true,"href":"https:\/\/marekkuchcinski.pl\/cs\/wp-json\/wp\/v2\/media\/10373"}],"wp:attachment":[{"href":"https:\/\/marekkuchcinski.pl\/cs\/wp-json\/wp\/v2\/media?parent=10348"}],"wp:term":[{"taxonomy":"category","embeddable":true,"href":"https:\/\/marekkuchcinski.pl\/cs\/wp-json\/wp\/v2\/categories?post=10348"},{"taxonomy":"post_tag","embeddable":true,"href":"https:\/\/marekkuchcinski.pl\/cs\/wp-json\/wp\/v2\/tags?post=10348"}],"curies":[{"name":"wp","href":"https:\/\/api.w.org\/{rel}","templated":true}]}}