{"id":10330,"date":"2018-09-09T22:38:22","date_gmt":"2018-09-09T20:38:22","guid":{"rendered":"https:\/\/marekkuchcinski.pl\/?p=10330"},"modified":"2018-09-09T22:47:01","modified_gmt":"2018-09-09T20:47:01","slug":"marszalek-sejmu-odslonil-krzyz-upamietniajacy-100-rocznice-odzyskania-niepodleglosci","status":"publish","type":"post","link":"https:\/\/marekkuchcinski.pl\/cs\/wydarzenia\/marszalek-sejmu-odslonil-krzyz-upamietniajacy-100-rocznice-odzyskania-niepodleglosci\/","title":{"rendered":"P\u0159edseda Sejmu odhalil k\u0159\u00ed\u017e p\u0159ipom\u00ednaj\u00edc\u00ed 100. v\u00fdro\u010d\u00ed nez\u00e1vislosti."},"content":{"rendered":"<p>V obci Tulig\u0142owy na Podkarpatsku byl vzty\u010den 25 metr\u016f vysok\u00fd k\u0159\u00ed\u017e a 32 metr\u016f vysok\u00fd sto\u017e\u00e1r, kter\u00e9 maj\u00ed podle p\u0159edsedy Sejmu Marka Kuchci\u0144sk\u00e9ho p\u0159ipom\u00ednat velkou historii republiky a st\u00e9 v\u00fdro\u010d\u00ed znovuz\u00edsk\u00e1n\u00ed nez\u00e1vislosti Polska.<\/p>\n<p>- V d\u011bjin\u00e1ch Polska m\u00e1me mnoho znak\u016f a symbol\u016f. Douf\u00e1m, \u017ee toto znamen\u00ed - k\u0159\u00ed\u017e a vedle n\u011bj sto\u017e\u00e1r - n\u00e1m bude p\u0159ipom\u00ednat mnoho kilometr\u016f na v\u00fdchod a mnoho kilometr\u016f na z\u00e1pad, co je na\u0161\u00edm d\u011bdictv\u00edm. Jak\u00e9 je na\u0161e poselstv\u00ed pro budoucnost,\" \u0159ekl mar\u0161\u00e1l.<\/p>\n<p>P\u0159edseda strany Pr\u00e1vo a spravedlnost Jaros\u0142aw Kaczy\u0144ski v dopise \u00fa\u010dastn\u00edk\u016fm slavnosti poznamenal, \u017ee velikost tohoto pomn\u00edku, kter\u00fd se ty\u010d\u00ed nad oblast\u00ed, symbolizuje s\u00edlu v\u00edry na\u0161ich p\u0159edk\u016f. Neochv\u011bjnou d\u016fv\u011bru, \u017ee Ten, kter\u00fd po tolik stalet\u00ed obklopoval Polsko leskem moci a sl\u00e1vy, n\u00e1m r\u00e1\u010d\u00ed vr\u00e1tit svobodnou vlast.<\/p>\n<p>Pam\u00e1tn\u00edk byl postaven pod \u010destnou z\u00e1\u0161titou p\u0159edsedy Sejmu. Stavbu inicioval otec Mariusz Marciniec, far\u00e1\u0159 v Tuliglow\u00e1ch. Pam\u00e1tn\u00edk st\u00e1l vedle mari\u00e1nsk\u00e9 svatyn\u011b star\u00e9 v\u00edce ne\u017e 600 let. N\u00e1pis na n\u011bm hl\u00e1s\u00e1: \"K\u0159est d\u00e1v\u00e1 s\u00edlu vzk\u0159\u00ed\u0161en\u00ed. U p\u0159\u00edle\u017eitosti 100. v\u00fdro\u010d\u00ed znovuz\u00edsk\u00e1n\u00ed nez\u00e1vislosti jsme vd\u011b\u010dni Bohu a n\u00e1rodn\u00edm hrdin\u016fm.\"<\/p>\n<p><a href=\"https:\/\/marekkuchcinski.pl\/wp-content\/uploads\/2018\/09\/41275727_270071870284929_3357834955617992704_n-1.jpg\"><img fetchpriority=\"high\" decoding=\"async\" class=\"alignnone size-full wp-image-10343\" src=\"https:\/\/marekkuchcinski.pl\/wp-content\/uploads\/2018\/09\/41275727_270071870284929_3357834955617992704_n-1.jpg\" alt=\"41275727_270071870284929_3357834955617992704_n (1)\" width=\"996\" height=\"1611\" srcset=\"https:\/\/marekkuchcinski.pl\/wp-content\/uploads\/2018\/09\/41275727_270071870284929_3357834955617992704_n-1.jpg 996w, https:\/\/marekkuchcinski.pl\/wp-content\/uploads\/2018\/09\/41275727_270071870284929_3357834955617992704_n-1-185x300.jpg 185w, https:\/\/marekkuchcinski.pl\/wp-content\/uploads\/2018\/09\/41275727_270071870284929_3357834955617992704_n-1-768x1242.jpg 768w, https:\/\/marekkuchcinski.pl\/wp-content\/uploads\/2018\/09\/41275727_270071870284929_3357834955617992704_n-1-633x1024.jpg 633w\" sizes=\"(max-width: 996px) 100vw, 996px\" \/><\/a><a href=\"https:\/\/marekkuchcinski.pl\/wp-content\/uploads\/2018\/09\/41262313_961915664017716_3530492709636669440_n.jpg\"><img decoding=\"async\" class=\"alignnone size-full wp-image-10342\" src=\"https:\/\/marekkuchcinski.pl\/wp-content\/uploads\/2018\/09\/41262313_961915664017716_3530492709636669440_n.jpg\" alt=\"41262313_961915664017716_3530492709636669440_n\" width=\"1057\" height=\"1057\" srcset=\"https:\/\/marekkuchcinski.pl\/wp-content\/uploads\/2018\/09\/41262313_961915664017716_3530492709636669440_n.jpg 1057w, https:\/\/marekkuchcinski.pl\/wp-content\/uploads\/2018\/09\/41262313_961915664017716_3530492709636669440_n-150x150.jpg 150w, https:\/\/marekkuchcinski.pl\/wp-content\/uploads\/2018\/09\/41262313_961915664017716_3530492709636669440_n-300x300.jpg 300w, https:\/\/marekkuchcinski.pl\/wp-content\/uploads\/2018\/09\/41262313_961915664017716_3530492709636669440_n-768x768.jpg 768w, https:\/\/marekkuchcinski.pl\/wp-content\/uploads\/2018\/09\/41262313_961915664017716_3530492709636669440_n-1024x1024.jpg 1024w\" sizes=\"(max-width: 1057px) 100vw, 1057px\" \/><\/a><a href=\"https:\/\/marekkuchcinski.pl\/wp-content\/uploads\/2018\/09\/2.jpg\"><img decoding=\"async\" class=\"alignnone size-full wp-image-10331\" src=\"https:\/\/marekkuchcinski.pl\/wp-content\/uploads\/2018\/09\/2.jpg\" alt=\"2\" width=\"5417\" height=\"3611\" srcset=\"https:\/\/marekkuchcinski.pl\/wp-content\/uploads\/2018\/09\/2.jpg 2048w, https:\/\/marekkuchcinski.pl\/wp-content\/uploads\/2018\/09\/2-300x200.jpg 300w, https:\/\/marekkuchcinski.pl\/wp-content\/uploads\/2018\/09\/2-768x512.jpg 768w, https:\/\/marekkuchcinski.pl\/wp-content\/uploads\/2018\/09\/2-1024x683.jpg 1024w\" sizes=\"(max-width: 5417px) 100vw, 5417px\" \/><\/a> <a href=\"https:\/\/marekkuchcinski.pl\/wp-content\/uploads\/2018\/09\/IMG_0033.jpg\"><img loading=\"lazy\" decoding=\"async\" class=\"alignnone size-full wp-image-10332\" src=\"https:\/\/marekkuchcinski.pl\/wp-content\/uploads\/2018\/09\/IMG_0033.jpg\" alt=\"IMG_0033\" width=\"4000\" height=\"6003\" srcset=\"https:\/\/marekkuchcinski.pl\/wp-content\/uploads\/2018\/09\/IMG_0033.jpg 1365w, https:\/\/marekkuchcinski.pl\/wp-content\/uploads\/2018\/09\/IMG_0033-200x300.jpg 200w, https:\/\/marekkuchcinski.pl\/wp-content\/uploads\/2018\/09\/IMG_0033-768x1153.jpg 768w, https:\/\/marekkuchcinski.pl\/wp-content\/uploads\/2018\/09\/IMG_0033-682x1024.jpg 682w\" sizes=\"(max-width: 4000px) 100vw, 4000px\" \/><\/a> <a href=\"https:\/\/marekkuchcinski.pl\/wp-content\/uploads\/2018\/09\/IMG_0056-2.jpg\"><img loading=\"lazy\" decoding=\"async\" class=\"alignnone size-full wp-image-10333\" src=\"https:\/\/marekkuchcinski.pl\/wp-content\/uploads\/2018\/09\/IMG_0056-2.jpg\" alt=\"IMG_0056 (2)\" width=\"5131\" height=\"3447\" srcset=\"https:\/\/marekkuchcinski.pl\/wp-content\/uploads\/2018\/09\/IMG_0056-2.jpg 2048w, https:\/\/marekkuchcinski.pl\/wp-content\/uploads\/2018\/09\/IMG_0056-2-300x202.jpg 300w, https:\/\/marekkuchcinski.pl\/wp-content\/uploads\/2018\/09\/IMG_0056-2-768x516.jpg 768w, https:\/\/marekkuchcinski.pl\/wp-content\/uploads\/2018\/09\/IMG_0056-2-1024x688.jpg 1024w\" sizes=\"(max-width: 5131px) 100vw, 5131px\" \/><\/a> <a href=\"https:\/\/marekkuchcinski.pl\/wp-content\/uploads\/2018\/09\/IMG_0121.jpg\"><img loading=\"lazy\" decoding=\"async\" class=\"alignnone size-full wp-image-10334\" src=\"https:\/\/marekkuchcinski.pl\/wp-content\/uploads\/2018\/09\/IMG_0121.jpg\" alt=\"IMG_0121\" width=\"6000\" height=\"4000\" srcset=\"https:\/\/marekkuchcinski.pl\/wp-content\/uploads\/2018\/09\/IMG_0121.jpg 2048w, https:\/\/marekkuchcinski.pl\/wp-content\/uploads\/2018\/09\/IMG_0121-300x200.jpg 300w, https:\/\/marekkuchcinski.pl\/wp-content\/uploads\/2018\/09\/IMG_0121-768x512.jpg 768w, https:\/\/marekkuchcinski.pl\/wp-content\/uploads\/2018\/09\/IMG_0121-1024x683.jpg 1024w\" sizes=\"(max-width: 6000px) 100vw, 6000px\" \/><\/a><a href=\"https:\/\/marekkuchcinski.pl\/wp-content\/uploads\/2018\/09\/IMG_0049.jpg\"><img loading=\"lazy\" decoding=\"async\" class=\"alignnone size-full wp-image-10335\" src=\"https:\/\/marekkuchcinski.pl\/wp-content\/uploads\/2018\/09\/IMG_0049.jpg\" alt=\"IMG_0049\" width=\"5225\" height=\"3483\" srcset=\"https:\/\/marekkuchcinski.pl\/wp-content\/uploads\/2018\/09\/IMG_0049.jpg 2048w, https:\/\/marekkuchcinski.pl\/wp-content\/uploads\/2018\/09\/IMG_0049-300x200.jpg 300w, https:\/\/marekkuchcinski.pl\/wp-content\/uploads\/2018\/09\/IMG_0049-768x512.jpg 768w, https:\/\/marekkuchcinski.pl\/wp-content\/uploads\/2018\/09\/IMG_0049-1024x683.jpg 1024w\" sizes=\"(max-width: 5225px) 100vw, 5225px\" \/><\/a><a href=\"https:\/\/marekkuchcinski.pl\/wp-content\/uploads\/2018\/09\/IMG_0040.jpg\"><img loading=\"lazy\" decoding=\"async\" class=\"alignnone size-full wp-image-10336\" src=\"https:\/\/marekkuchcinski.pl\/wp-content\/uploads\/2018\/09\/IMG_0040.jpg\" alt=\"IMG_0040\" width=\"6000\" height=\"4000\" srcset=\"https:\/\/marekkuchcinski.pl\/wp-content\/uploads\/2018\/09\/IMG_0040.jpg 2048w, https:\/\/marekkuchcinski.pl\/wp-content\/uploads\/2018\/09\/IMG_0040-300x200.jpg 300w, https:\/\/marekkuchcinski.pl\/wp-content\/uploads\/2018\/09\/IMG_0040-768x512.jpg 768w, https:\/\/marekkuchcinski.pl\/wp-content\/uploads\/2018\/09\/IMG_0040-1024x683.jpg 1024w\" sizes=\"(max-width: 6000px) 100vw, 6000px\" \/><\/a><a href=\"https:\/\/marekkuchcinski.pl\/wp-content\/uploads\/2018\/09\/IMG_0101.jpg\"><img loading=\"lazy\" decoding=\"async\" class=\"alignnone size-full wp-image-10337\" src=\"https:\/\/marekkuchcinski.pl\/wp-content\/uploads\/2018\/09\/IMG_0101.jpg\" alt=\"IMG_0101\" width=\"5240\" height=\"3462\" srcset=\"https:\/\/marekkuchcinski.pl\/wp-content\/uploads\/2018\/09\/IMG_0101.jpg 2048w, https:\/\/marekkuchcinski.pl\/wp-content\/uploads\/2018\/09\/IMG_0101-300x198.jpg 300w, https:\/\/marekkuchcinski.pl\/wp-content\/uploads\/2018\/09\/IMG_0101-768x507.jpg 768w, https:\/\/marekkuchcinski.pl\/wp-content\/uploads\/2018\/09\/IMG_0101-1024x677.jpg 1024w\" sizes=\"(max-width: 5240px) 100vw, 5240px\" \/><\/a><a href=\"https:\/\/marekkuchcinski.pl\/wp-content\/uploads\/2018\/09\/IMG_0011.jpg\"><img loading=\"lazy\" decoding=\"async\" class=\"alignnone size-full wp-image-10338\" src=\"https:\/\/marekkuchcinski.pl\/wp-content\/uploads\/2018\/09\/IMG_0011.jpg\" alt=\"IMG_0011\" width=\"6000\" height=\"4000\" srcset=\"https:\/\/marekkuchcinski.pl\/wp-content\/uploads\/2018\/09\/IMG_0011.jpg 2048w, https:\/\/marekkuchcinski.pl\/wp-content\/uploads\/2018\/09\/IMG_0011-300x200.jpg 300w, https:\/\/marekkuchcinski.pl\/wp-content\/uploads\/2018\/09\/IMG_0011-768x512.jpg 768w, https:\/\/marekkuchcinski.pl\/wp-content\/uploads\/2018\/09\/IMG_0011-1024x683.jpg 1024w\" sizes=\"(max-width: 6000px) 100vw, 6000px\" \/><\/a><\/p>\n<p><em>Foto: Piotr Michalski<\/em><\/p>","protected":false},"excerpt":{"rendered":"<p>W Tulig\u0142owach na Podkarpaciu stan\u0105\u0142 25-metrowy krzy\u017c i 32-metrowy maszt, kt\u00f3re, jak podkre\u015bli\u0142 marsza\u0142ek Sejmu Marek Kuchci\u0144ski, maj\u0105 przypomina\u0107 wielkie dzieje Rzeczpospolitej i upami\u0119tnia\u0107 100. rocznic\u0119 odzyskania przez Polsk\u0119 niepodleg\u0142o\u015bci. &#8211; W dziejach Polski mamy liczne znaki i symbole. Ten znak &#8211; krzy\u017c, obok niego maszt &#8211; mam nadziej\u0119, \u017ce b\u0119dzie przypomina\u0142 nam na wiele [&hellip;]<\/p>\n","protected":false},"author":6,"featured_media":10333,"comment_status":"open","ping_status":"open","sticky":false,"template":"","format":"standard","meta":{"ngg_post_thumbnail":0,"footnotes":""},"categories":[49,3],"tags":[],"class_list":["post-10330","post","type-post","status-publish","format-standard","has-post-thumbnail","hentry","category-podkarpacie","category-wydarzenia"],"_links":{"self":[{"href":"https:\/\/marekkuchcinski.pl\/cs\/wp-json\/wp\/v2\/posts\/10330","targetHints":{"allow":["GET"]}}],"collection":[{"href":"https:\/\/marekkuchcinski.pl\/cs\/wp-json\/wp\/v2\/posts"}],"about":[{"href":"https:\/\/marekkuchcinski.pl\/cs\/wp-json\/wp\/v2\/types\/post"}],"author":[{"embeddable":true,"href":"https:\/\/marekkuchcinski.pl\/cs\/wp-json\/wp\/v2\/users\/6"}],"replies":[{"embeddable":true,"href":"https:\/\/marekkuchcinski.pl\/cs\/wp-json\/wp\/v2\/comments?post=10330"}],"version-history":[{"count":6,"href":"https:\/\/marekkuchcinski.pl\/cs\/wp-json\/wp\/v2\/posts\/10330\/revisions"}],"predecessor-version":[{"id":10346,"href":"https:\/\/marekkuchcinski.pl\/cs\/wp-json\/wp\/v2\/posts\/10330\/revisions\/10346"}],"wp:featuredmedia":[{"embeddable":true,"href":"https:\/\/marekkuchcinski.pl\/cs\/wp-json\/wp\/v2\/media\/10333"}],"wp:attachment":[{"href":"https:\/\/marekkuchcinski.pl\/cs\/wp-json\/wp\/v2\/media?parent=10330"}],"wp:term":[{"taxonomy":"category","embeddable":true,"href":"https:\/\/marekkuchcinski.pl\/cs\/wp-json\/wp\/v2\/categories?post=10330"},{"taxonomy":"post_tag","embeddable":true,"href":"https:\/\/marekkuchcinski.pl\/cs\/wp-json\/wp\/v2\/tags?post=10330"}],"curies":[{"name":"wp","href":"https:\/\/api.w.org\/{rel}","templated":true}]}}