{"id":10216,"date":"2018-09-03T22:57:41","date_gmt":"2018-09-03T20:57:41","guid":{"rendered":"https:\/\/marekkuchcinski.pl\/?p=10216"},"modified":"2018-09-03T22:57:41","modified_gmt":"2018-09-03T20:57:41","slug":"marszalek-sejmu-wizyta-slowaku","status":"publish","type":"post","link":"https:\/\/marekkuchcinski.pl\/cs\/wydarzenia\/marszalek-sejmu-wizyta-slowaku\/","title":{"rendered":"P\u0159edseda Sejmu na n\u00e1v\u0161t\u011bv\u011b ve S\u0142owaku"},"content":{"rendered":"<p>U p\u0159\u00edle\u017eitosti zah\u00e1jen\u00ed \u0161koln\u00edho roku nav\u0161t\u00edvil p\u0159edseda Sejmu Marek Kuchci\u0144ski S\u0142owack\u00e9ho st\u0159edn\u00ed \u0161kolu v Przemy\u015blu, kde byl studentem. V r\u00e1mci investi\u010dn\u00edho projektu \"Rozvojov\u00e9 centrum badmintonu v Przemy\u015blu\" vznikne u 1. st\u0159edn\u00ed \u0161koly modern\u00ed sportovn\u00ed hala. Mar\u0161\u00e1lek p\u0159ipomn\u011bl, \u017ee letos m\u011bsto z\u00edskalo mezin\u00e1rodn\u00ed v\u011bhlas d\u00edky turnaji Victor Polish Junior 2018 v badmintonu, kter\u00fd p\u0159il\u00e1kal hr\u00e1\u010de z v\u00edce ne\u017e 30 zem\u00ed.<\/p>\n<p>Mar\u0161\u00e1l p\u0159ipomn\u011bl v\u00fdznamn\u00e1 v\u00fdro\u010d\u00ed spojen\u00e1 s Przemy\u015blem, a to rok 1468 - po\u010d\u00e1tek dvoukomorov\u00e9ho Sejmu, rok 1648 - zvolen\u00ed Andreje Maksymiliana Fredry p\u0159edsedou Sejmu, rok 1848 - kdy se b\u011bhem Jara n\u00e1rod\u016f n\u011bkolik stovek p\u0159emyslovsk\u00fdch dobrovoln\u00edk\u016f p\u0159idalo na stranu Ma\u010farska v boji za nez\u00e1vislost a svobodu, a rok 1918 - prvn\u00ed v\u00edt\u011bzn\u00e1 bitva - bitva u Przemy\u0161lu. Pot\u00e9 vzpom\u00ednal na b\u0159ezen 1968 s d\u016fle\u017eit\u00fdm przemy\u0161lsk\u00fdm akcentem - studenti n\u011bkolika st\u0159edn\u00edch \u0161kol, v\u010detn\u011b S\u0142owack\u00e9ho, podporovali b\u011bhem povst\u00e1n\u00ed studenty velk\u00fdch univerzit.<\/p>\n<p>Marek Kuchci\u0144ski pod\u011bkoval S\u0142owak\u016fm za to, \u017ee p\u0159i p\u0159em\u00fd\u0161len\u00ed o minulosti s\u00e1hli do minulosti.<\/p>\n<p>- Na transparentu, za kter\u00fdm jsme putovali, je \u00faryvek b\u00e1sn\u011b Juliusze S\u0142owack\u00e9ho: \"\u010cest my\u0161lenk\u00e1m, z nich\u017e vyza\u0159uje nov\u00fd duch a nov\u00e1 forma\". Tato my\u0161lenka se dnes st\u00e1v\u00e1 skute\u010dnost\u00ed,\" \u0159ekl mar\u0161\u00e1l.<\/p>\n<p>Pop\u0159\u00e1l st\u0159edo\u0161kol\u00e1k\u016fm, aby se jim da\u0159ilo a aby se jim da\u0159ilo co nejl\u00e9pe. Vyz\u00fdval je, aby se v \u017eivot\u011b \u0159\u00eddili alespo\u0148 dv\u011bma z\u00e1sadami: ctnost\u00ed a rozvahou, tedy odvahou a state\u010dnost\u00ed v jedn\u00e1n\u00ed a d\u016fslednost\u00ed p\u0159i dosahov\u00e1n\u00ed c\u00edle spojenou s rozvahou.<\/p>\n<p><em>Foto: Piotr Michalski<\/em><\/p>\n<p><a href=\"https:\/\/marekkuchcinski.pl\/wp-content\/uploads\/2018\/09\/IMG_0065-1-1.jpg\"><img fetchpriority=\"high\" decoding=\"async\" class=\"alignnone size-full wp-image-10222\" src=\"https:\/\/marekkuchcinski.pl\/wp-content\/uploads\/2018\/09\/IMG_0065-1-1.jpg\" alt=\"IMG_0065 (1)\" width=\"3355\" height=\"2061\" srcset=\"https:\/\/marekkuchcinski.pl\/wp-content\/uploads\/2018\/09\/IMG_0065-1-1.jpg 2048w, https:\/\/marekkuchcinski.pl\/wp-content\/uploads\/2018\/09\/IMG_0065-1-1-300x184.jpg 300w, https:\/\/marekkuchcinski.pl\/wp-content\/uploads\/2018\/09\/IMG_0065-1-1-768x472.jpg 768w, https:\/\/marekkuchcinski.pl\/wp-content\/uploads\/2018\/09\/IMG_0065-1-1-1024x629.jpg 1024w\" sizes=\"(max-width: 3355px) 100vw, 3355px\" \/><\/a> <a href=\"https:\/\/marekkuchcinski.pl\/wp-content\/uploads\/2018\/09\/IMG_0072.jpg\"><img decoding=\"async\" class=\"alignnone size-full wp-image-10225\" src=\"https:\/\/marekkuchcinski.pl\/wp-content\/uploads\/2018\/09\/IMG_0072.jpg\" alt=\"IMG_0072\" width=\"6000\" height=\"4000\" srcset=\"https:\/\/marekkuchcinski.pl\/wp-content\/uploads\/2018\/09\/IMG_0072.jpg 2048w, https:\/\/marekkuchcinski.pl\/wp-content\/uploads\/2018\/09\/IMG_0072-300x200.jpg 300w, https:\/\/marekkuchcinski.pl\/wp-content\/uploads\/2018\/09\/IMG_0072-768x512.jpg 768w, https:\/\/marekkuchcinski.pl\/wp-content\/uploads\/2018\/09\/IMG_0072-1024x683.jpg 1024w\" sizes=\"(max-width: 6000px) 100vw, 6000px\" \/><\/a> <a href=\"https:\/\/marekkuchcinski.pl\/wp-content\/uploads\/2018\/09\/IMG_0119.jpg\"><img decoding=\"async\" class=\"alignnone size-full wp-image-10227\" src=\"https:\/\/marekkuchcinski.pl\/wp-content\/uploads\/2018\/09\/IMG_0119.jpg\" alt=\"IMG_0119\" width=\"6000\" height=\"4000\" srcset=\"https:\/\/marekkuchcinski.pl\/wp-content\/uploads\/2018\/09\/IMG_0119.jpg 2048w, https:\/\/marekkuchcinski.pl\/wp-content\/uploads\/2018\/09\/IMG_0119-300x200.jpg 300w, https:\/\/marekkuchcinski.pl\/wp-content\/uploads\/2018\/09\/IMG_0119-768x512.jpg 768w, https:\/\/marekkuchcinski.pl\/wp-content\/uploads\/2018\/09\/IMG_0119-1024x683.jpg 1024w\" sizes=\"(max-width: 6000px) 100vw, 6000px\" \/><\/a> <a href=\"https:\/\/marekkuchcinski.pl\/wp-content\/uploads\/2018\/09\/IMG_0132.jpg\"><img loading=\"lazy\" decoding=\"async\" class=\"alignnone size-full wp-image-10228\" src=\"https:\/\/marekkuchcinski.pl\/wp-content\/uploads\/2018\/09\/IMG_0132.jpg\" alt=\"IMG_0132\" width=\"6000\" height=\"4000\" srcset=\"https:\/\/marekkuchcinski.pl\/wp-content\/uploads\/2018\/09\/IMG_0132.jpg 2048w, https:\/\/marekkuchcinski.pl\/wp-content\/uploads\/2018\/09\/IMG_0132-300x200.jpg 300w, https:\/\/marekkuchcinski.pl\/wp-content\/uploads\/2018\/09\/IMG_0132-768x512.jpg 768w, https:\/\/marekkuchcinski.pl\/wp-content\/uploads\/2018\/09\/IMG_0132-1024x683.jpg 1024w\" sizes=\"(max-width: 6000px) 100vw, 6000px\" \/><\/a> <a href=\"https:\/\/marekkuchcinski.pl\/wp-content\/uploads\/2018\/09\/IMG_6942.jpg\"><img loading=\"lazy\" decoding=\"async\" class=\"alignnone size-full wp-image-10229\" src=\"https:\/\/marekkuchcinski.pl\/wp-content\/uploads\/2018\/09\/IMG_6942.jpg\" alt=\"IMG_6942\" width=\"5472\" height=\"3648\" srcset=\"https:\/\/marekkuchcinski.pl\/wp-content\/uploads\/2018\/09\/IMG_6942.jpg 2048w, https:\/\/marekkuchcinski.pl\/wp-content\/uploads\/2018\/09\/IMG_6942-300x200.jpg 300w, https:\/\/marekkuchcinski.pl\/wp-content\/uploads\/2018\/09\/IMG_6942-768x512.jpg 768w, https:\/\/marekkuchcinski.pl\/wp-content\/uploads\/2018\/09\/IMG_6942-1024x683.jpg 1024w\" sizes=\"(max-width: 5472px) 100vw, 5472px\" \/><\/a><a href=\"https:\/\/marekkuchcinski.pl\/wp-content\/uploads\/2018\/09\/IMG_0108-1.jpg\"><img loading=\"lazy\" decoding=\"async\" class=\"alignnone wp-image-10232 size-full\" src=\"https:\/\/marekkuchcinski.pl\/wp-content\/uploads\/2018\/09\/IMG_0108-1-e1536008177897.jpg\" alt=\"IMG_0108\" width=\"4000\" height=\"6000\" srcset=\"https:\/\/marekkuchcinski.pl\/wp-content\/uploads\/2018\/09\/IMG_0108-1-e1536008177897.jpg 1365w, https:\/\/marekkuchcinski.pl\/wp-content\/uploads\/2018\/09\/IMG_0108-1-e1536008177897-200x300.jpg 200w, https:\/\/marekkuchcinski.pl\/wp-content\/uploads\/2018\/09\/IMG_0108-1-e1536008177897-768x1152.jpg 768w, https:\/\/marekkuchcinski.pl\/wp-content\/uploads\/2018\/09\/IMG_0108-1-e1536008177897-683x1024.jpg 683w\" sizes=\"(max-width: 4000px) 100vw, 4000px\" \/><\/a><a href=\"https:\/\/marekkuchcinski.pl\/wp-content\/uploads\/2018\/09\/IMG_0112.jpg\"><img loading=\"lazy\" decoding=\"async\" class=\"alignnone wp-image-10231 size-full\" src=\"https:\/\/marekkuchcinski.pl\/wp-content\/uploads\/2018\/09\/IMG_0112-e1536008226251.jpg\" alt=\"IMG_0112\" width=\"4000\" height=\"6000\" srcset=\"https:\/\/marekkuchcinski.pl\/wp-content\/uploads\/2018\/09\/IMG_0112-e1536008226251.jpg 1365w, https:\/\/marekkuchcinski.pl\/wp-content\/uploads\/2018\/09\/IMG_0112-e1536008226251-200x300.jpg 200w, https:\/\/marekkuchcinski.pl\/wp-content\/uploads\/2018\/09\/IMG_0112-e1536008226251-768x1152.jpg 768w, https:\/\/marekkuchcinski.pl\/wp-content\/uploads\/2018\/09\/IMG_0112-e1536008226251-683x1024.jpg 683w\" sizes=\"(max-width: 4000px) 100vw, 4000px\" \/><\/a><a href=\"https:\/\/marekkuchcinski.pl\/wp-content\/uploads\/2018\/09\/IMG_0136.jpg\"><img loading=\"lazy\" decoding=\"async\" class=\"alignnone size-full wp-image-10234\" src=\"https:\/\/marekkuchcinski.pl\/wp-content\/uploads\/2018\/09\/IMG_0136.jpg\" alt=\"IMG_0136\" width=\"5519\" height=\"3858\" srcset=\"https:\/\/marekkuchcinski.pl\/wp-content\/uploads\/2018\/09\/IMG_0136.jpg 2048w, https:\/\/marekkuchcinski.pl\/wp-content\/uploads\/2018\/09\/IMG_0136-300x210.jpg 300w, https:\/\/marekkuchcinski.pl\/wp-content\/uploads\/2018\/09\/IMG_0136-768x537.jpg 768w, https:\/\/marekkuchcinski.pl\/wp-content\/uploads\/2018\/09\/IMG_0136-1024x716.jpg 1024w\" sizes=\"(max-width: 5519px) 100vw, 5519px\" \/><\/a><a href=\"https:\/\/marekkuchcinski.pl\/wp-content\/uploads\/2018\/09\/40756461_2168087933407424_2560415899920105472_o.jpg\"><img loading=\"lazy\" decoding=\"async\" class=\"alignnone size-full wp-image-10230\" src=\"https:\/\/marekkuchcinski.pl\/wp-content\/uploads\/2018\/09\/40756461_2168087933407424_2560415899920105472_o.jpg\" alt=\"40756461_2168087933407424_2560415899920105472_o\" width=\"1316\" height=\"1771\" srcset=\"https:\/\/marekkuchcinski.pl\/wp-content\/uploads\/2018\/09\/40756461_2168087933407424_2560415899920105472_o.jpg 1316w, https:\/\/marekkuchcinski.pl\/wp-content\/uploads\/2018\/09\/40756461_2168087933407424_2560415899920105472_o-223x300.jpg 223w, https:\/\/marekkuchcinski.pl\/wp-content\/uploads\/2018\/09\/40756461_2168087933407424_2560415899920105472_o-768x1034.jpg 768w, https:\/\/marekkuchcinski.pl\/wp-content\/uploads\/2018\/09\/40756461_2168087933407424_2560415899920105472_o-761x1024.jpg 761w\" sizes=\"(max-width: 1316px) 100vw, 1316px\" \/><\/a><\/p>\n<p>&nbsp;<\/p>","protected":false},"excerpt":{"rendered":"<p>Z okazji rozpoczynaj\u0105cego si\u0119 roku szkolnego marsza\u0142ek Sejmu Marek Kuchci\u0144ski odwiedzi\u0142 LO im. S\u0142owackiego w Przemy\u015blu, gdzie by\u0142 uczniem. Przy I Liceum Og\u00f3lnokszta\u0142c\u0105cym powstanie nowoczesna hala sportowa w ramach zadania inwestycyjnego \u201eCentrum Rozwoju Badmintona w Przemy\u015blu&#8221;. Marsza\u0142ek przypomnia\u0142, \u017ce w tym roku\u00a0miasto zyska\u0142o mi\u0119dzynarodow\u0105\u00a0 s\u0142aw\u0119 dzi\u0119ki Victor Polish Junior 2018\u00a0 w badmintonie, na kt\u00f3re przyjechali [&hellip;]<\/p>\n","protected":false},"author":6,"featured_media":10221,"comment_status":"open","ping_status":"open","sticky":false,"template":"","format":"standard","meta":{"ngg_post_thumbnail":0,"footnotes":""},"categories":[49,3],"tags":[],"class_list":["post-10216","post","type-post","status-publish","format-standard","has-post-thumbnail","hentry","category-podkarpacie","category-wydarzenia"],"_links":{"self":[{"href":"https:\/\/marekkuchcinski.pl\/cs\/wp-json\/wp\/v2\/posts\/10216","targetHints":{"allow":["GET"]}}],"collection":[{"href":"https:\/\/marekkuchcinski.pl\/cs\/wp-json\/wp\/v2\/posts"}],"about":[{"href":"https:\/\/marekkuchcinski.pl\/cs\/wp-json\/wp\/v2\/types\/post"}],"author":[{"embeddable":true,"href":"https:\/\/marekkuchcinski.pl\/cs\/wp-json\/wp\/v2\/users\/6"}],"replies":[{"embeddable":true,"href":"https:\/\/marekkuchcinski.pl\/cs\/wp-json\/wp\/v2\/comments?post=10216"}],"version-history":[{"count":5,"href":"https:\/\/marekkuchcinski.pl\/cs\/wp-json\/wp\/v2\/posts\/10216\/revisions"}],"predecessor-version":[{"id":10235,"href":"https:\/\/marekkuchcinski.pl\/cs\/wp-json\/wp\/v2\/posts\/10216\/revisions\/10235"}],"wp:featuredmedia":[{"embeddable":true,"href":"https:\/\/marekkuchcinski.pl\/cs\/wp-json\/wp\/v2\/media\/10221"}],"wp:attachment":[{"href":"https:\/\/marekkuchcinski.pl\/cs\/wp-json\/wp\/v2\/media?parent=10216"}],"wp:term":[{"taxonomy":"category","embeddable":true,"href":"https:\/\/marekkuchcinski.pl\/cs\/wp-json\/wp\/v2\/categories?post=10216"},{"taxonomy":"post_tag","embeddable":true,"href":"https:\/\/marekkuchcinski.pl\/cs\/wp-json\/wp\/v2\/tags?post=10216"}],"curies":[{"name":"wp","href":"https:\/\/api.w.org\/{rel}","templated":true}]}}