{"id":10169,"date":"2018-09-02T22:58:27","date_gmt":"2018-09-02T20:58:27","guid":{"rendered":"https:\/\/marekkuchcinski.pl\/?p=10169"},"modified":"2018-09-03T07:45:17","modified_gmt":"2018-09-03T05:45:17","slug":"konwencja-prawa-sprawiedliwosci-2","status":"publish","type":"post","link":"https:\/\/marekkuchcinski.pl\/cs\/wydarzenia\/konwencja-prawa-sprawiedliwosci-2\/","title":{"rendered":"Konvent o pr\u00e1vu a spravedlnosti"},"content":{"rendered":"<p><strong>P\u011bt n\u00e1vrh\u016f pro samospr\u00e1vy je po Morawieck\u00e9ho takzvan\u00e9 p\u011btce dal\u0161\u00ed nab\u00eddkou Pr\u00e1va a spravedlnosti na zlep\u0161en\u00ed \u017eivota Pol\u00e1k\u016f. B\u011bhem Konventu o pr\u00e1vu a spravedlnosti p\u0159edstavil premi\u00e9r program zam\u011b\u0159en\u00fd na\u00a0<\/strong><strong>Jeho c\u00edlem je tak\u00e9 co nejlep\u0161\u00ed spolupr\u00e1ce mezi \u00fast\u0159edn\u00ed a m\u00edstn\u00ed spr\u00e1vou:<\/strong><\/p>\n<p><strong>WARM HOUSE.<\/strong> Z\u00e1vazek k tepeln\u00e9 modernizaci budov a k nakl\u00e1d\u00e1n\u00ed s odpady. V z\u00e1\u0159\u00ed bude zah\u00e1jen nejv\u011bt\u0161\u00ed program termomodernizace, kter\u00fd ob\u010dan\u016fm p\u0159inese skute\u010dn\u00e9 \u00faspory za vyt\u00e1p\u011bn\u00ed jejich dom\u016f. P\u0159isp\u011bje ke zlep\u0161en\u00ed kvality ovzdu\u0161\u00ed, a bude tak m\u00edt pozitivn\u00ed dopad na zdrav\u00ed Pol\u00e1k\u016f. Majitel\u00e9 dom\u016f budou moci vyu\u017e\u00edt p\u016fj\u010dky nebo granty, kter\u00e9 se budou pohybovat od 40 do 90 procent investi\u010dn\u00edch n\u00e1klad\u016f v z\u00e1vislosti na p\u0159\u00edjmu na osobu v rodin\u011b. Projekt po\u010d\u00edt\u00e1 se sn\u00ed\u017een\u00edm poplatk\u016f za odpad, pokud se komun\u00e1ln\u00ed odpad t\u0159\u00edd\u00ed. V t\u00e9to souvislosti maj\u00ed b\u00fdt tak\u00e9 vytvo\u0159eny zvl\u00e1\u0161tn\u00ed programy pro bytov\u00e1 dru\u017estva, dru\u017estva a rodinn\u00e9 domy. N\u00e1vrh po\u010d\u00edt\u00e1 s mo\u017enost\u00ed \u010d\u00e1ste\u010dn\u00e9ho osvobozen\u00ed od poplatku za odpad, pokud m\u00e1 majitel nemovitosti dom\u00e1c\u00ed kompost\u00e9r.<\/p>\n<p><strong>DOBR\u00c1 POLOHA.<\/strong> Zv\u00fd\u0161en\u00ed investic do domov\u016f pro seniory a vy\u010dlen\u011bn\u00ed 500 milion\u016f zlot\u00fdch v pr\u016fb\u011bhu n\u011bkolika let na v\u00fdstavbu d\u011btsk\u00fdch h\u0159i\u0161\u0165, sportovn\u00edch center a venkovn\u00edch t\u011blocvi\u010den.<\/p>\n<p><strong>MODERN\u00cd OBEC.<\/strong> St\u00e1tn\u00ed spolufinancov\u00e1n\u00ed investic v m\u00edstn\u00edch org\u00e1nech. Jedn\u00e1 se o v\u00fdstavbu chodn\u00edk\u016f a \u017eelezni\u010dn\u00edch stanic. Navrhuje se zdvojn\u00e1sobit finan\u010dn\u00ed prost\u0159edky pro obce, kter\u00e9 cht\u011bj\u00ed obnovit autobusovou dopravu. V r\u00e1mci programu investic do \u017eelezni\u010dn\u00edch stanic, kter\u00fd byl p\u0159ijat v roce 2017 a jeho\u017e n\u00e1klady dos\u00e1hnou 1 miliardy zlot\u00fdch, bude v p\u0159\u00ed\u0161t\u00edch letech postaveno p\u0159ibli\u017en\u011b 200 nov\u00fdch \u017eelezni\u010dn\u00edch stanic a zrekonstruov\u00e1ny ty star\u00e9.<\/p>\n<p><strong>RYCHLEJ\u0160\u00cd INTERNET. <\/strong>Odstran\u00edme tzv. b\u00edl\u00e1 m\u00edsta na internetov\u00e9 map\u011b zem\u011b a p\u0159ipoj\u00edme vzd\u011bl\u00e1vac\u00ed instituce k rychl\u00e9mu \u0161irokop\u00e1smov\u00e9mu internetu. Vl\u00e1da chce b\u011bhem 3 a\u017e 4 let vynalo\u017eit 4 miliardy zlot\u00fdch na p\u0159ipojen\u00ed 20 000 \u0161kol k rychl\u00e9 s\u00edti.<\/p>\n<p><strong>\u017dIJE\u0160, ROZHODUJE\u0160.<\/strong> Program umo\u017e\u0148uj\u00edc\u00ed aktivizaci obc\u00ed, zejm\u00e9na t\u011bch men\u0161\u00edch, za \u00fa\u010delem vytvo\u0159en\u00ed ob\u010dansk\u00fdch participativn\u00edch rozpo\u010dt\u016f. Vl\u00e1da chce na tento \u00fa\u010del vy\u010dlenit 300 milion\u016f PLN.<\/p>\n<p>Premi\u00e9r Morawiecki p\u0159ipomn\u011bl, \u017ee vl\u00e1da pln\u00ed sliby obsa\u017een\u00e9 v Morawieck\u00e9ho p\u011btce. Zavedl \"malou ZU\u0160\", program \u0161koln\u00edch p\u0159\u00edsp\u011bvk\u016f \"Dobr\u00fd start\", program \"Bezbari\u00e9rovost plus\" pro zdravotn\u011b posti\u017een\u00e9, ni\u017e\u0161\u00ed dan\u011b z p\u0159\u00edjmu pr\u00e1vnick\u00fdch osob pro mal\u00e9 firmy nebo investice do silnic.<\/p>\n<p>\"Jdeme spole\u010dn\u011b vst\u0159\u00edc v\u00edt\u011bzstv\u00ed, jdeme vst\u0159\u00edc lep\u0161\u00edmu Polsku a vst\u0159\u00edc lep\u0161\u00edmu \u017eivotu.<br \/>\nSpole\u010dn\u00fdm \u00fasil\u00edm bude m\u00edt Polsko za 15-20 let<br \/>\nstejn\u011b jako na z\u00e1pad od na\u0161ich hranic\". - Jaros\u0142aw Kaczy\u0144ski, p\u0159edseda strany Pr\u00e1vo a spravedlnost (PiS), \u0159ekl (...) \"Nejdeme do t\u011bchto voleb, abychom byli p\u0159\u00edsn\u00ed a zodpov\u011bdn\u00ed. Budeme jednat pouze tam, kde do\u0161lo k drastick\u00fdm ud\u00e1lostem, kde byli zran\u011bni lid\u00e9, kde do\u0161lo k trestn\u00fdm \u010din\u016fm, dokonce zlo\u010din\u016fm, kde do\u0161lo k velk\u00e9mu zneu\u017eit\u00ed, jako ve Var\u0161av\u011b,\" \u0159ekl Kaczy\u0144ski. - Jaros\u0142aw Kaczy\u0144ski argumentoval.<\/p>\n<p>B\u011bhem sjezdu se p\u0159edstavili tak\u00e9 kandid\u00e1ti na starosty: Patryk Jaki (Var\u0161ava), Ma\u0142gorzata Wassermann (Krakov), Miros\u0142awa Stachowiak-R\u00f3\u017cecka (Vratislav), Kacper P\u0142a\u017cy\u0144ski (Gda\u0148sk), Lucjusz Nadbere\u017cny (Stalowa Wola).<\/p>\n<p>Vedouc\u00ed p\u0159edstavitel\u00e9 Sjednocen\u00e9 pravice: PiS (Jaroslaw Kaczynski), Solidarna Polska (Zbigniew Ziobro) a Porozumienie (Jaroslaw Gowin) nav\u00edc podepsali dohodu, v n\u00ed\u017e se zav\u00e1zali postavit kandid\u00e1ty z kandid\u00e1tn\u00ed listiny Pr\u00e1va a spravedlnosti v nadch\u00e1zej\u00edc\u00edch komun\u00e1ln\u00edch a parlamentn\u00edch volb\u00e1ch a volb\u00e1ch do Evropsk\u00e9ho parlamentu a podpo\u0159it spole\u010dn\u00e9ho kandid\u00e1ta na prezidenta v roce 2020.<\/p>\n<p><em>Foto: M. Olejnik<\/em> <a href=\"https:\/\/marekkuchcinski.pl\/wp-content\/uploads\/2018\/09\/DSCF0160-1.jpg\"><img fetchpriority=\"high\" decoding=\"async\" class=\"alignnone size-full wp-image-10187\" src=\"https:\/\/marekkuchcinski.pl\/wp-content\/uploads\/2018\/09\/DSCF0160-1.jpg\" alt=\"DSCF0160 (1)\" width=\"3971\" height=\"2709\" srcset=\"https:\/\/marekkuchcinski.pl\/wp-content\/uploads\/2018\/09\/DSCF0160-1.jpg 2048w, https:\/\/marekkuchcinski.pl\/wp-content\/uploads\/2018\/09\/DSCF0160-1-300x205.jpg 300w, https:\/\/marekkuchcinski.pl\/wp-content\/uploads\/2018\/09\/DSCF0160-1-768x524.jpg 768w, https:\/\/marekkuchcinski.pl\/wp-content\/uploads\/2018\/09\/DSCF0160-1-1024x699.jpg 1024w\" sizes=\"(max-width: 3971px) 100vw, 3971px\" \/><\/a> <a href=\"https:\/\/marekkuchcinski.pl\/wp-content\/uploads\/2018\/09\/DSCF0162-1.jpg\"><img decoding=\"async\" class=\"alignnone size-full wp-image-10188\" src=\"https:\/\/marekkuchcinski.pl\/wp-content\/uploads\/2018\/09\/DSCF0162-1.jpg\" alt=\"DSCF0162 (1)\" width=\"4896\" height=\"3264\" srcset=\"https:\/\/marekkuchcinski.pl\/wp-content\/uploads\/2018\/09\/DSCF0162-1.jpg 2048w, https:\/\/marekkuchcinski.pl\/wp-content\/uploads\/2018\/09\/DSCF0162-1-300x200.jpg 300w, https:\/\/marekkuchcinski.pl\/wp-content\/uploads\/2018\/09\/DSCF0162-1-768x512.jpg 768w, https:\/\/marekkuchcinski.pl\/wp-content\/uploads\/2018\/09\/DSCF0162-1-1024x683.jpg 1024w\" sizes=\"(max-width: 4896px) 100vw, 4896px\" \/><\/a> <a href=\"https:\/\/marekkuchcinski.pl\/wp-content\/uploads\/2018\/09\/DSCF0245-1.jpg\"><img decoding=\"async\" class=\"alignnone size-full wp-image-10190\" src=\"https:\/\/marekkuchcinski.pl\/wp-content\/uploads\/2018\/09\/DSCF0245-1.jpg\" alt=\"DSCF0245 (1)\" width=\"3931\" height=\"2416\" srcset=\"https:\/\/marekkuchcinski.pl\/wp-content\/uploads\/2018\/09\/DSCF0245-1.jpg 2048w, https:\/\/marekkuchcinski.pl\/wp-content\/uploads\/2018\/09\/DSCF0245-1-300x184.jpg 300w, https:\/\/marekkuchcinski.pl\/wp-content\/uploads\/2018\/09\/DSCF0245-1-768x472.jpg 768w, https:\/\/marekkuchcinski.pl\/wp-content\/uploads\/2018\/09\/DSCF0245-1-1024x629.jpg 1024w\" sizes=\"(max-width: 3931px) 100vw, 3931px\" \/><\/a> <a href=\"https:\/\/marekkuchcinski.pl\/wp-content\/uploads\/2018\/09\/DSCF0271-2.jpg\"><img loading=\"lazy\" decoding=\"async\" class=\"alignnone size-full wp-image-10192\" src=\"https:\/\/marekkuchcinski.pl\/wp-content\/uploads\/2018\/09\/DSCF0271-2.jpg\" alt=\"DSCF0271 (2)\" width=\"4408\" height=\"3098\" srcset=\"https:\/\/marekkuchcinski.pl\/wp-content\/uploads\/2018\/09\/DSCF0271-2.jpg 2048w, https:\/\/marekkuchcinski.pl\/wp-content\/uploads\/2018\/09\/DSCF0271-2-300x211.jpg 300w, https:\/\/marekkuchcinski.pl\/wp-content\/uploads\/2018\/09\/DSCF0271-2-768x540.jpg 768w, https:\/\/marekkuchcinski.pl\/wp-content\/uploads\/2018\/09\/DSCF0271-2-1024x720.jpg 1024w\" sizes=\"(max-width: 4408px) 100vw, 4408px\" \/><\/a><\/p>","protected":false},"excerpt":{"rendered":"<p>Pi\u0119\u0107 propozycji dla samorz\u0105d\u00f3w to kolejne\u00a0oferty\u00a0Prawa i Sprawiedliwo\u015bci\u00a0po tzw. Pi\u0105tce Morawieckiego na polepszenie \u017cycia Polak\u00f3w. Podczas Konwencji PiS premier przedstawi\u0142 program\u00a0maj\u0105cy na\u00a0celu tak\u017ce jak najlepsz\u0105 wsp\u00f3\u0142prac\u0119 mi\u0119dzy w\u0142adz\u0105 centraln\u0105 a samorz\u0105dami: CIEP\u0141Y DOM. Zaanga\u017cowanie w termomodernizacj\u0119 budynk\u00f3w, a tak\u017ce w gospodark\u0119 odpadow\u0105. We wrze\u015bniu ruszy najwi\u0119kszy program termomodernizacyjny, kt\u00f3ry przyniesie realne oszcz\u0119dno\u015bci dla obywateli w [&hellip;]<\/p>\n","protected":false},"author":6,"featured_media":10211,"comment_status":"open","ping_status":"open","sticky":false,"template":"","format":"standard","meta":{"ngg_post_thumbnail":0,"footnotes":""},"categories":[82,3],"tags":[],"class_list":["post-10169","post","type-post","status-publish","format-standard","has-post-thumbnail","hentry","category-prawo-i-sprawiedliwosc","category-wydarzenia"],"_links":{"self":[{"href":"https:\/\/marekkuchcinski.pl\/cs\/wp-json\/wp\/v2\/posts\/10169","targetHints":{"allow":["GET"]}}],"collection":[{"href":"https:\/\/marekkuchcinski.pl\/cs\/wp-json\/wp\/v2\/posts"}],"about":[{"href":"https:\/\/marekkuchcinski.pl\/cs\/wp-json\/wp\/v2\/types\/post"}],"author":[{"embeddable":true,"href":"https:\/\/marekkuchcinski.pl\/cs\/wp-json\/wp\/v2\/users\/6"}],"replies":[{"embeddable":true,"href":"https:\/\/marekkuchcinski.pl\/cs\/wp-json\/wp\/v2\/comments?post=10169"}],"version-history":[{"count":18,"href":"https:\/\/marekkuchcinski.pl\/cs\/wp-json\/wp\/v2\/posts\/10169\/revisions"}],"predecessor-version":[{"id":10215,"href":"https:\/\/marekkuchcinski.pl\/cs\/wp-json\/wp\/v2\/posts\/10169\/revisions\/10215"}],"wp:featuredmedia":[{"embeddable":true,"href":"https:\/\/marekkuchcinski.pl\/cs\/wp-json\/wp\/v2\/media\/10211"}],"wp:attachment":[{"href":"https:\/\/marekkuchcinski.pl\/cs\/wp-json\/wp\/v2\/media?parent=10169"}],"wp:term":[{"taxonomy":"category","embeddable":true,"href":"https:\/\/marekkuchcinski.pl\/cs\/wp-json\/wp\/v2\/categories?post=10169"},{"taxonomy":"post_tag","embeddable":true,"href":"https:\/\/marekkuchcinski.pl\/cs\/wp-json\/wp\/v2\/tags?post=10169"}],"curies":[{"name":"wp","href":"https:\/\/api.w.org\/{rel}","templated":true}]}}