{"id":10150,"date":"2018-09-01T20:51:07","date_gmt":"2018-09-01T18:51:07","guid":{"rendered":"https:\/\/marekkuchcinski.pl\/?p=10150"},"modified":"2018-09-01T20:53:59","modified_gmt":"2018-09-01T18:53:59","slug":"muzeum-narodowe-ziemi-przemyskiej-wspolprowadzone-mzp","status":"publish","type":"post","link":"https:\/\/marekkuchcinski.pl\/cs\/wydarzenia\/muzeum-narodowe-ziemi-przemyskiej-wspolprowadzone-mzp\/","title":{"rendered":"N\u00e1rodn\u00ed muzeum P\u0159emy\u0161lsk\u00e9ho kraje, kter\u00e9 spoluzaji\u0161\u0165uje Ministerstvo kultury."},"content":{"rendered":"<p>Kulturn\u00ed, duchovn\u00ed a intelektu\u00e1ln\u00ed d\u011bdictv\u00ed mnoha generac\u00ed obyvatel przemy\u015blanu, lid\u00ed \u017eij\u00edc\u00edch na k\u0159i\u017eovatce kultur, na hranici n\u00e1rod\u016f, je n\u011b\u010d\u00edm tak jedine\u010dn\u00fdm, \u017ee je t\u0159eba o n\u011bj pe\u010dovat.<\/p>\n<p>N\u00e1rodn\u00ed muzeum P\u0159emy\u0161lska m\u00e1 v\u00edce ne\u017e stoletou tradici. Podpis smlouvy o spolu\u0159\u00edzen\u00ed MZP ministrem kultury a n\u00e1rodn\u00edho d\u011bdictv\u00ed je v\u00fdrazem ocen\u011bn\u00ed pr\u00e1ce muzea a branou k lep\u0161\u00edmu rozvoji a popularizaci kultury a tradic regionu.<\/p>\n<p>V den 100. v\u00fdro\u010d\u00ed znovuz\u00edsk\u00e1n\u00ed nez\u00e1vislosti Polska m\u00e1 tato ud\u00e1lost zvl\u00e1\u0161tn\u00ed rozm\u011br. V historii m\u011bsta, v jeho hrd\u00e9 a pohnut\u00e9 minulosti, najdeme mnoho hrdinsk\u00fdch povst\u00e1n\u00ed, ozbrojen\u00fdch protest\u016f, politick\u00fdch prohl\u00e1\u0161en\u00ed a ob\u011btav\u00fdch \u010din\u016f, kter\u00e9 vedly k znovuz\u00edsk\u00e1n\u00ed a udr\u017een\u00ed nez\u00e1vislosti. Nen\u00ed pochyb o tom, \u017ee tato kr\u00e1sn\u00e1 minulost pln\u00e1 postoj\u016f, kter\u00e9 formovaly m\u011bsto, by m\u011bla b\u00fdt chr\u00e1n\u011bna p\u0159ed zapomn\u011bn\u00edm.<\/p>\n<p>- Jedn\u00e1 se o velmi d\u016fle\u017eitou ud\u00e1lost pro Podkarpatskou Rus, Polsko, st\u0159edn\u00ed a v\u00fdchodn\u00ed Evropu. Vl\u00e1da Polsk\u00e9 republiky s podporou parlamentu posiluje a obohacuje v\u00fdjime\u010dn\u00e1 m\u00edsta. Zd\u016fraz\u0148uj\u00ed velk\u00e9 z\u00e1sluhy oblasti Przemy\u0161lu o d\u011bdictv\u00ed na\u0161\u00ed vlasti a evropsk\u00e9 civilizace,\" \u0159ekl p\u0159edseda Sejmu Marek Kuchci\u0144ski, kter\u00fd o podporu muzea usiluje ji\u017e \u0159adu let.<\/p>\n<p>- Dnes, v den 100. v\u00fdro\u010d\u00ed znovuz\u00edsk\u00e1n\u00ed nez\u00e1vislosti Polska, z\u00edsk\u00e1v\u00e1 muzeum, kter\u00e9 vzniklo d\u00edky vlasteneck\u00e9mu nad\u0161en\u00ed a \u0161t\u011bdrosti obyvatel, st\u00e1tn\u00ed z\u00e1\u0161titu. Je pro m\u011b velk\u00fdm osobn\u00edm zadostiu\u010din\u011bn\u00edm, \u017ee za t\u00edmto rozhodnut\u00edm stoj\u00ed lid\u00e9, kte\u0159\u00ed v 80. letech bojovali za svobodnou kulturu, svobodu slova a skute\u010dnou svobodu Polska,\" \u0159ekl \u0159editel muzea Jan Jarosz.<\/p>\n<p>Akce se z\u00fa\u010dastnili tak\u00e9 ministr kultury a n\u00e1rodn\u00edho d\u011bdictv\u00ed Piotr Gli\u0144ski, mar\u0161\u00e1lek Podkarpatsk\u00e9ho vojvodstv\u00ed W\u0142adys\u0142aw Ortyl a starosta m\u011bsta Przemy\u015bl Robert Choma.<\/p>\n<p><em>Foto: Marek Mikrut<\/em><\/p>\n<p><a href=\"https:\/\/marekkuchcinski.pl\/wp-content\/uploads\/2018\/09\/SG204191.jpg\"><img fetchpriority=\"high\" decoding=\"async\" class=\"alignnone size-full wp-image-10160\" src=\"https:\/\/marekkuchcinski.pl\/wp-content\/uploads\/2018\/09\/SG204191.jpg\" alt=\"SG204191\" width=\"3370\" height=\"2301\" srcset=\"https:\/\/marekkuchcinski.pl\/wp-content\/uploads\/2018\/09\/SG204191.jpg 2048w, https:\/\/marekkuchcinski.pl\/wp-content\/uploads\/2018\/09\/SG204191-300x205.jpg 300w, https:\/\/marekkuchcinski.pl\/wp-content\/uploads\/2018\/09\/SG204191-768x524.jpg 768w, https:\/\/marekkuchcinski.pl\/wp-content\/uploads\/2018\/09\/SG204191-1024x699.jpg 1024w\" sizes=\"(max-width: 3370px) 100vw, 3370px\" \/><\/a> <a href=\"https:\/\/marekkuchcinski.pl\/wp-content\/uploads\/2018\/09\/SG204217.jpg\"><img decoding=\"async\" class=\"alignnone size-full wp-image-10162\" src=\"https:\/\/marekkuchcinski.pl\/wp-content\/uploads\/2018\/09\/SG204217.jpg\" alt=\"SG204217\" width=\"4672\" height=\"3104\" srcset=\"https:\/\/marekkuchcinski.pl\/wp-content\/uploads\/2018\/09\/SG204217.jpg 2048w, https:\/\/marekkuchcinski.pl\/wp-content\/uploads\/2018\/09\/SG204217-300x199.jpg 300w, https:\/\/marekkuchcinski.pl\/wp-content\/uploads\/2018\/09\/SG204217-768x510.jpg 768w, https:\/\/marekkuchcinski.pl\/wp-content\/uploads\/2018\/09\/SG204217-1024x680.jpg 1024w\" sizes=\"(max-width: 4672px) 100vw, 4672px\" \/><\/a> <a href=\"https:\/\/marekkuchcinski.pl\/wp-content\/uploads\/2018\/09\/SG204245.jpg\"><img decoding=\"async\" class=\"alignnone size-full wp-image-10163\" src=\"https:\/\/marekkuchcinski.pl\/wp-content\/uploads\/2018\/09\/SG204245.jpg\" alt=\"SG204245\" width=\"4672\" height=\"3104\" srcset=\"https:\/\/marekkuchcinski.pl\/wp-content\/uploads\/2018\/09\/SG204245.jpg 2048w, https:\/\/marekkuchcinski.pl\/wp-content\/uploads\/2018\/09\/SG204245-300x199.jpg 300w, https:\/\/marekkuchcinski.pl\/wp-content\/uploads\/2018\/09\/SG204245-768x510.jpg 768w, https:\/\/marekkuchcinski.pl\/wp-content\/uploads\/2018\/09\/SG204245-1024x680.jpg 1024w\" sizes=\"(max-width: 4672px) 100vw, 4672px\" \/><\/a> <a href=\"https:\/\/marekkuchcinski.pl\/wp-content\/uploads\/2018\/09\/SG204298.jpg\"><img loading=\"lazy\" decoding=\"async\" class=\"alignnone size-full wp-image-10165\" src=\"https:\/\/marekkuchcinski.pl\/wp-content\/uploads\/2018\/09\/SG204298.jpg\" alt=\"SG204298\" width=\"4672\" height=\"3104\" srcset=\"https:\/\/marekkuchcinski.pl\/wp-content\/uploads\/2018\/09\/SG204298.jpg 2048w, https:\/\/marekkuchcinski.pl\/wp-content\/uploads\/2018\/09\/SG204298-300x199.jpg 300w, https:\/\/marekkuchcinski.pl\/wp-content\/uploads\/2018\/09\/SG204298-768x510.jpg 768w, https:\/\/marekkuchcinski.pl\/wp-content\/uploads\/2018\/09\/SG204298-1024x680.jpg 1024w\" sizes=\"(max-width: 4672px) 100vw, 4672px\" \/><\/a> <a href=\"https:\/\/marekkuchcinski.pl\/wp-content\/uploads\/2018\/09\/SG204324.jpg\"><img loading=\"lazy\" decoding=\"async\" class=\"alignnone size-full wp-image-10166\" src=\"https:\/\/marekkuchcinski.pl\/wp-content\/uploads\/2018\/09\/SG204324.jpg\" alt=\"SG204324\" width=\"4672\" height=\"3104\" srcset=\"https:\/\/marekkuchcinski.pl\/wp-content\/uploads\/2018\/09\/SG204324.jpg 2048w, https:\/\/marekkuchcinski.pl\/wp-content\/uploads\/2018\/09\/SG204324-300x199.jpg 300w, https:\/\/marekkuchcinski.pl\/wp-content\/uploads\/2018\/09\/SG204324-768x510.jpg 768w, https:\/\/marekkuchcinski.pl\/wp-content\/uploads\/2018\/09\/SG204324-1024x680.jpg 1024w\" sizes=\"(max-width: 4672px) 100vw, 4672px\" \/><\/a><\/p>","protected":false},"excerpt":{"rendered":"<p>Dziedzictwo kulturowe, duchowe, intelektualne wielu pokole\u0144 przemy\u015blan, ludzi \u017cyj\u0105cych na styku kultur, pograniczu narod\u00f3w, jest czym\u015b tak wyj\u0105tkowym, \u017ce musi by\u0107 otoczone opiek\u0105. Muzeum Narodowe Ziemi Przemyskiej ma ponad 100-letni\u0105 tradycj\u0119. Podpisanie umowy o wsp\u00f3\u0142prowadzeniu MZP przez Ministra Kultury i Dziedzictwa Narodowego jest wyrazem docenienia pracy Muzeum oraz furtk\u0105 do lepszego rozwoju i popularyzacji kultury [&hellip;]<\/p>\n","protected":false},"author":6,"featured_media":10159,"comment_status":"open","ping_status":"open","sticky":false,"template":"","format":"standard","meta":{"ngg_post_thumbnail":0,"footnotes":""},"categories":[49,3],"tags":[],"class_list":["post-10150","post","type-post","status-publish","format-standard","has-post-thumbnail","hentry","category-podkarpacie","category-wydarzenia"],"_links":{"self":[{"href":"https:\/\/marekkuchcinski.pl\/cs\/wp-json\/wp\/v2\/posts\/10150","targetHints":{"allow":["GET"]}}],"collection":[{"href":"https:\/\/marekkuchcinski.pl\/cs\/wp-json\/wp\/v2\/posts"}],"about":[{"href":"https:\/\/marekkuchcinski.pl\/cs\/wp-json\/wp\/v2\/types\/post"}],"author":[{"embeddable":true,"href":"https:\/\/marekkuchcinski.pl\/cs\/wp-json\/wp\/v2\/users\/6"}],"replies":[{"embeddable":true,"href":"https:\/\/marekkuchcinski.pl\/cs\/wp-json\/wp\/v2\/comments?post=10150"}],"version-history":[{"count":8,"href":"https:\/\/marekkuchcinski.pl\/cs\/wp-json\/wp\/v2\/posts\/10150\/revisions"}],"predecessor-version":[{"id":10168,"href":"https:\/\/marekkuchcinski.pl\/cs\/wp-json\/wp\/v2\/posts\/10150\/revisions\/10168"}],"wp:featuredmedia":[{"embeddable":true,"href":"https:\/\/marekkuchcinski.pl\/cs\/wp-json\/wp\/v2\/media\/10159"}],"wp:attachment":[{"href":"https:\/\/marekkuchcinski.pl\/cs\/wp-json\/wp\/v2\/media?parent=10150"}],"wp:term":[{"taxonomy":"category","embeddable":true,"href":"https:\/\/marekkuchcinski.pl\/cs\/wp-json\/wp\/v2\/categories?post=10150"},{"taxonomy":"post_tag","embeddable":true,"href":"https:\/\/marekkuchcinski.pl\/cs\/wp-json\/wp\/v2\/tags?post=10150"}],"curies":[{"name":"wp","href":"https:\/\/api.w.org\/{rel}","templated":true}]}}