{"id":10135,"date":"2018-08-30T14:04:48","date_gmt":"2018-08-30T12:04:48","guid":{"rendered":"https:\/\/marekkuchcinski.pl\/?p=10135"},"modified":"2018-08-30T17:07:43","modified_gmt":"2018-08-30T15:07:43","slug":"spotkanie-prezydiow-parlamentow-polski-republiki-czeskiej","status":"publish","type":"post","link":"https:\/\/marekkuchcinski.pl\/cs\/wspolpraca-miedzynarodowa\/spotkanie-prezydiow-parlamentow-polski-republiki-czeskiej\/","title":{"rendered":"Zased\u00e1n\u00ed p\u0159edsednictev polsk\u00e9ho a \u010desk\u00e9ho parlamentu"},"content":{"rendered":"<p>Spole\u010dn\u00e9 setk\u00e1n\u00ed z\u00e1stupc\u016f p\u0159edsednictev Sejmu a Poslaneck\u00e9 sn\u011bmovny Parlamentu \u010cR v Jurat\u011b bylo p\u0159\u00edle\u017eitost\u00ed k nastolen\u00ed t\u00e9mat, jako je parlamentn\u00ed spolupr\u00e1ce, polsk\u00e9 potraviny na \u010desk\u00e9m trhu, rozvoj silni\u010dn\u00ed, \u017eelezni\u010dn\u00ed, vodn\u00ed a leteck\u00e9 dopravy nebo region\u00e1ln\u00ed spolupr\u00e1ce v kontextu Evropsk\u00e9 unie a Visegr\u00e1dsk\u00e9 skupiny.<\/p>\n<p>- Na\u0161e parlamentn\u00ed kontakty jsou jedn\u00edm z pil\u00ed\u0159\u016f tvorby zahrani\u010dn\u00ed politiky, zejm\u00e9na v podm\u00ednk\u00e1ch evropsk\u00e9 integrace, a to nejen v bilater\u00e1ln\u00edch vztaz\u00edch, ale i v multilater\u00e1ln\u00edch struktur\u00e1ch, zejm\u00e9na ve form\u00e1tu Visegr\u00e1dsk\u00e9 skupiny. Nastal \u010das z\u00e1sadn\u011b pos\u00edlit roli n\u00e1rodn\u00edch parlament\u016f v politick\u00e9m syst\u00e9mu Evropsk\u00e9 unie,\" poznamenal p\u0159edseda Sejmu Marek Kuchci\u0144ski.<\/p>\n<p>Marshall zd\u016fraznil, \u017ee spolupr\u00e1ce v oblasti dopravy p\u0159esahuje bilater\u00e1ln\u00ed rozm\u011br a st\u00e1v\u00e1 se strategicky d\u016fle\u017eit\u00fdm faktorem pro roz\u0161\u00ed\u0159en\u00ed region\u00e1ln\u00ed spolupr\u00e1ce. Upozornil tak\u00e9 na rozvoj spolupr\u00e1ce v oblasti modern\u00edch silni\u010dn\u00edch a \u017eelezni\u010dn\u00edch spojen\u00ed. P\u0159ipomn\u011bl, \u017ee ob\u011b na\u0161e zem\u011b postupn\u011b buduj\u00ed koridory: S3-D11, kter\u00fd zajist\u00ed nejrychlej\u0161\u00ed spojen\u00ed \u010cesk\u00e9 republiky s baltsk\u00fdmi p\u0159\u00edstavy, a A1-D1, kter\u00fd ji\u017e zaji\u0161\u0165uje plynul\u00fd tok osob a zbo\u017e\u00ed Moravskou br\u00e1nou.<\/p>\n<p>Pokud jde o \u017eelezni\u010dn\u00ed spojen\u00ed, p\u00e1te\u0159 tvo\u0159\u00ed tra\u0165 E65 spojuj\u00edc\u00ed Katovice s Ostravou, kter\u00e1 je sou\u010d\u00e1st\u00ed koridoru hlavn\u00ed s\u00edt\u011b TEN-T \"Balt-Jadran\". Mar\u0161\u00e1l zd\u016fraznil pot\u0159ebu \u00fazk\u00e9 koordinace \u010dinnost\u00ed, kter\u00e1 je d\u016fle\u017eit\u00e1 zejm\u00e9na v souvislosti s urychlen\u00fdm studiem projektu vysokorychlostn\u00ed \u017eeleznice (HSR), kter\u00e1 dopravn\u011b propoj\u00ed zem\u011b Visegr\u00e1du v m\u00ed\u0159e, jak\u00e1 dosud v historii na\u0161eho evropsk\u00e9ho regionu nebyla zaznamen\u00e1na. Vyj\u00e1d\u0159il tak\u00e9 podporu revitalizaci vodn\u00edch cest, jako je kan\u00e1l Odra-Labe-Dunaj, nebo\u0165 tato problematika z\u00edsk\u00e1v\u00e1 nov\u00fd rozm\u011br v souvislosti s rozvojem a vyu\u017eit\u00edm termin\u00e1lu LNG ve Svino\u00fast\u00ed a v\u00fdstavbou plynovodu Nord Stream 2.<\/p>\n<p>Hovo\u0159\u00edc\u00ed tak\u00e9 upozornili na \u010dern\u00e9 PR polsk\u00fdch potravin v \u010cesk\u00e9 republice a zd\u016fraznili, \u017ee konkurenceschopnost by m\u011bla b\u00fdt postavena na principu pozitivn\u00ed kampan\u011b pro vlastn\u00ed v\u00fdrobky, nikoliv na diskvalifikaci ciz\u00edch, v tomto p\u0159\u00edpad\u011b polsk\u00fdch.<\/p>\n<p>Jedn\u00e1n\u00ed v Jurat\u011b bylo dal\u0161\u00edm setk\u00e1n\u00edm p\u0159edsedy Sejmu a p\u0159edsedy Poslaneck\u00e9 sn\u011bmovny Vondr\u00e1\u010dka. Ty p\u0159edchoz\u00ed se uskute\u010dnily v r\u00e1mci V4, v EP, na summitu parlament\u016f zem\u00ed st\u0159edn\u00ed a v\u00fdchodn\u00ed Evropy, v bilater\u00e1ln\u00edm form\u00e1tu, p\u0159i ofici\u00e1ln\u00ed n\u00e1v\u0161t\u011bv\u011b Prahy v roce 2017 a p\u0159ed zah\u00e1jen\u00edm jarn\u00edho zased\u00e1n\u00ed MV NATO ve Var\u0161av\u011b v kv\u011btnu leto\u0161n\u00edho roku. \u0160\u00e9fov\u00e9 parlament\u016f zd\u016fraznili, \u017ee ve Visegr\u00e1dsk\u00e9 skupin\u011b neexistuj\u00ed st\u0159ety z\u00e1jm\u016f a \u017ee spole\u010dn\u00fd hlas v Evrop\u011b nab\u00fdv\u00e1 na s\u00edle, co\u017e se prom\u00edt\u00e1 do p\u0159\u00edzniv\u00e9ho sm\u011bru na\u0161\u00ed pr\u00e1ce.<\/p>\n<p>Jedn\u00e1n\u00ed p\u0159edsedal p\u0159edseda Sejmu Marek Kuchcinski a p\u0159edseda Poslaneck\u00e9 sn\u011bmovny Parlamentu \u010cesk\u00e9 republiky Radek Vondr\u00e1\u010dek. Za polskou stranu se zased\u00e1n\u00ed z\u00fa\u010dastnili m\u00edstop\u0159edsedov\u00e9 Barbara Dolniak, Ma\u0142gorzata Kidawa-B\u0142o\u0144ska, Beata Mazurek, Ryszard Terlecki a Stanis\u0142aw Tyszka.<\/p>\n<p><a href=\"https:\/\/marekkuchcinski.pl\/wp-content\/uploads\/2018\/08\/43434702215_01900c6845_b.view_.jpg\"><img fetchpriority=\"high\" decoding=\"async\" class=\"alignnone size-full wp-image-10142\" src=\"https:\/\/marekkuchcinski.pl\/wp-content\/uploads\/2018\/08\/43434702215_01900c6845_b.view_.jpg\" alt=\"43434702215_01900c6845_b.view\" width=\"800\" height=\"555\" srcset=\"https:\/\/marekkuchcinski.pl\/wp-content\/uploads\/2018\/08\/43434702215_01900c6845_b.view_.jpg 800w, https:\/\/marekkuchcinski.pl\/wp-content\/uploads\/2018\/08\/43434702215_01900c6845_b.view_-300x208.jpg 300w, https:\/\/marekkuchcinski.pl\/wp-content\/uploads\/2018\/08\/43434702215_01900c6845_b.view_-768x533.jpg 768w\" sizes=\"(max-width: 800px) 100vw, 800px\" \/><\/a><a href=\"https:\/\/marekkuchcinski.pl\/wp-content\/uploads\/2018\/08\/DSCF0125.jpg\"><img decoding=\"async\" class=\"alignnone size-full wp-image-10136\" src=\"https:\/\/marekkuchcinski.pl\/wp-content\/uploads\/2018\/08\/DSCF0125.jpg\" alt=\"DSCF0125\" width=\"4131\" height=\"2638\" srcset=\"https:\/\/marekkuchcinski.pl\/wp-content\/uploads\/2018\/08\/DSCF0125.jpg 2048w, https:\/\/marekkuchcinski.pl\/wp-content\/uploads\/2018\/08\/DSCF0125-300x192.jpg 300w, https:\/\/marekkuchcinski.pl\/wp-content\/uploads\/2018\/08\/DSCF0125-768x490.jpg 768w, https:\/\/marekkuchcinski.pl\/wp-content\/uploads\/2018\/08\/DSCF0125-1024x654.jpg 1024w\" sizes=\"(max-width: 4131px) 100vw, 4131px\" \/><\/a><a href=\"https:\/\/marekkuchcinski.pl\/wp-content\/uploads\/2018\/08\/DSCF0126.jpg\"><img decoding=\"async\" class=\"alignnone size-full wp-image-10137\" src=\"https:\/\/marekkuchcinski.pl\/wp-content\/uploads\/2018\/08\/DSCF0126.jpg\" alt=\"DSCF0126\" width=\"2324\" height=\"1614\" srcset=\"https:\/\/marekkuchcinski.pl\/wp-content\/uploads\/2018\/08\/DSCF0126.jpg 2048w, https:\/\/marekkuchcinski.pl\/wp-content\/uploads\/2018\/08\/DSCF0126-300x208.jpg 300w, https:\/\/marekkuchcinski.pl\/wp-content\/uploads\/2018\/08\/DSCF0126-768x533.jpg 768w, https:\/\/marekkuchcinski.pl\/wp-content\/uploads\/2018\/08\/DSCF0126-1024x711.jpg 1024w\" sizes=\"(max-width: 2324px) 100vw, 2324px\" \/><\/a><a href=\"https:\/\/marekkuchcinski.pl\/wp-content\/uploads\/2018\/08\/DSCF0134.jpg\"><img loading=\"lazy\" decoding=\"async\" class=\"alignnone size-full wp-image-10138\" src=\"https:\/\/marekkuchcinski.pl\/wp-content\/uploads\/2018\/08\/DSCF0134.jpg\" alt=\"DSCF0134\" width=\"4896\" height=\"3264\" srcset=\"https:\/\/marekkuchcinski.pl\/wp-content\/uploads\/2018\/08\/DSCF0134.jpg 2048w, https:\/\/marekkuchcinski.pl\/wp-content\/uploads\/2018\/08\/DSCF0134-300x200.jpg 300w, https:\/\/marekkuchcinski.pl\/wp-content\/uploads\/2018\/08\/DSCF0134-768x512.jpg 768w, https:\/\/marekkuchcinski.pl\/wp-content\/uploads\/2018\/08\/DSCF0134-1024x683.jpg 1024w\" sizes=\"(max-width: 4896px) 100vw, 4896px\" \/><\/a><a href=\"https:\/\/marekkuchcinski.pl\/wp-content\/uploads\/2018\/08\/RZ__4212-1.jpg\"><img loading=\"lazy\" decoding=\"async\" class=\"alignnone size-full wp-image-10139\" src=\"https:\/\/marekkuchcinski.pl\/wp-content\/uploads\/2018\/08\/RZ__4212-1.jpg\" alt=\"RZ__4212 (1)\" width=\"3360\" height=\"2240\" srcset=\"https:\/\/marekkuchcinski.pl\/wp-content\/uploads\/2018\/08\/RZ__4212-1.jpg 2048w, https:\/\/marekkuchcinski.pl\/wp-content\/uploads\/2018\/08\/RZ__4212-1-300x200.jpg 300w, https:\/\/marekkuchcinski.pl\/wp-content\/uploads\/2018\/08\/RZ__4212-1-768x512.jpg 768w, https:\/\/marekkuchcinski.pl\/wp-content\/uploads\/2018\/08\/RZ__4212-1-1024x683.jpg 1024w\" sizes=\"(max-width: 3360px) 100vw, 3360px\" \/><\/a><a href=\"https:\/\/marekkuchcinski.pl\/wp-content\/uploads\/2018\/08\/RZ__4036.jpg\"><img loading=\"lazy\" decoding=\"async\" class=\"alignnone size-full wp-image-10140\" src=\"https:\/\/marekkuchcinski.pl\/wp-content\/uploads\/2018\/08\/RZ__4036.jpg\" alt=\"RZ__4036\" width=\"3360\" height=\"2240\" srcset=\"https:\/\/marekkuchcinski.pl\/wp-content\/uploads\/2018\/08\/RZ__4036.jpg 2048w, https:\/\/marekkuchcinski.pl\/wp-content\/uploads\/2018\/08\/RZ__4036-300x200.jpg 300w, https:\/\/marekkuchcinski.pl\/wp-content\/uploads\/2018\/08\/RZ__4036-768x512.jpg 768w, https:\/\/marekkuchcinski.pl\/wp-content\/uploads\/2018\/08\/RZ__4036-1024x683.jpg 1024w\" sizes=\"(max-width: 3360px) 100vw, 3360px\" \/><\/a><\/p>\n<p><a href=\"https:\/\/marekkuchcinski.pl\/wp-content\/uploads\/2018\/08\/RZ__4390.jpg\"><img loading=\"lazy\" decoding=\"async\" class=\"alignnone size-full wp-image-10148\" src=\"https:\/\/marekkuchcinski.pl\/wp-content\/uploads\/2018\/08\/RZ__4390.jpg\" alt=\"RZ__4390\" width=\"3360\" height=\"2240\" srcset=\"https:\/\/marekkuchcinski.pl\/wp-content\/uploads\/2018\/08\/RZ__4390.jpg 2048w, https:\/\/marekkuchcinski.pl\/wp-content\/uploads\/2018\/08\/RZ__4390-300x200.jpg 300w, https:\/\/marekkuchcinski.pl\/wp-content\/uploads\/2018\/08\/RZ__4390-768x512.jpg 768w, https:\/\/marekkuchcinski.pl\/wp-content\/uploads\/2018\/08\/RZ__4390-1024x683.jpg 1024w\" sizes=\"(max-width: 3360px) 100vw, 3360px\" \/><\/a><\/p>\n<p><em>Foto RZ, MO<\/em><\/p>","protected":false},"excerpt":{"rendered":"<p>Wsp\u00f3lne posiedzenie przedstawicieli prezydi\u00f3w Sejmu i czeskiej Izby Poselskiej w Juracie sta\u0142o si\u0119 okazj\u0105, by poruszy\u0107 tematy tj. wsp\u00f3\u0142praca parlamentarna, polska \u017cywno\u015b\u0107 na czeskim rynku, rozw\u00f3j komunikacji drogowej, kolejowej, wodnej i\u00a0lotniczej czy wsp\u00f3\u0142praca regionalna w\u00a0kontek\u015bcie Unii Europejskiej i Grupy Wyszehradzkiej. &#8212; Nasze kontakty parlamentarne s\u0105 jednym z filar\u00f3w kreowania polityki zagranicznej, zw\u0142aszcza w warunkach integracji [&hellip;]<\/p>","protected":false},"author":6,"featured_media":10148,"comment_status":"open","ping_status":"open","sticky":false,"template":"","format":"standard","meta":{"ngg_post_thumbnail":0,"footnotes":""},"categories":[50,3],"tags":[],"class_list":["post-10135","post","type-post","status-publish","format-standard","has-post-thumbnail","hentry","category-wspolpraca-miedzynarodowa","category-wydarzenia"],"yoast_head":"<!-- This site is optimized with the Yoast SEO plugin v24.7 - https:\/\/yoast.com\/wordpress\/plugins\/seo\/ -->\n<title>Spotkanie prezydi\u00f3w parlament\u00f3w Polski i Republiki Czeskiej &#8211; Marek Kuchci\u0144ski<\/title>\n<meta name=\"robots\" content=\"index, follow, max-snippet:-1, max-image-preview:large, max-video-preview:-1\" \/>\n<link rel=\"canonical\" href=\"https:\/\/marekkuchcinski.pl\/cs\/wspolpraca-miedzynarodowa\/spotkanie-prezydiow-parlamentow-polski-republiki-czeskiej\/\" \/>\n<meta property=\"og:locale\" content=\"cs_CZ\" \/>\n<meta property=\"og:type\" content=\"article\" \/>\n<meta property=\"og:title\" content=\"Spotkanie prezydi\u00f3w parlament\u00f3w Polski i Republiki Czeskiej &#8211; Marek Kuchci\u0144ski\" \/>\n<meta property=\"og:description\" content=\"Wsp\u00f3lne posiedzenie przedstawicieli prezydi\u00f3w Sejmu i czeskiej Izby Poselskiej w Juracie sta\u0142o si\u0119 okazj\u0105, by poruszy\u0107 tematy tj. wsp\u00f3\u0142praca parlamentarna, polska \u017cywno\u015b\u0107 na czeskim rynku, rozw\u00f3j komunikacji drogowej, kolejowej, wodnej i\u00a0lotniczej czy wsp\u00f3\u0142praca regionalna w\u00a0kontek\u015bcie Unii Europejskiej i Grupy Wyszehradzkiej. &#8212; Nasze kontakty parlamentarne s\u0105 jednym z filar\u00f3w kreowania polityki zagranicznej, zw\u0142aszcza w warunkach integracji [&hellip;]\" \/>\n<meta property=\"og:url\" content=\"https:\/\/marekkuchcinski.pl\/cs\/wspolpraca-miedzynarodowa\/spotkanie-prezydiow-parlamentow-polski-republiki-czeskiej\/\" \/>\n<meta property=\"og:site_name\" content=\"Marek Kuchci\u0144ski\" \/>\n<meta property=\"article:published_time\" content=\"2018-08-30T12:04:48+00:00\" \/>\n<meta property=\"article:modified_time\" content=\"2018-08-30T15:07:43+00:00\" \/>\n<meta property=\"og:image\" content=\"https:\/\/marekkuchcinski.pl\/wp-content\/uploads\/2018\/08\/RZ__4390.jpg\" \/>\n\t<meta property=\"og:image:width\" content=\"2048\" \/>\n\t<meta property=\"og:image:height\" content=\"1365\" \/>\n\t<meta property=\"og:image:type\" content=\"image\/jpeg\" \/>\n<meta name=\"author\" content=\"admin\" \/>\n<meta name=\"twitter:card\" content=\"summary_large_image\" \/>\n<meta name=\"twitter:label1\" content=\"Napsal(a)\" \/>\n\t<meta name=\"twitter:data1\" content=\"admin\" \/>\n\t<meta name=\"twitter:label2\" content=\"Odhadovan\u00e1 doba \u010dten\u00ed\" \/>\n\t<meta name=\"twitter:data2\" content=\"2 minuty\" \/>\n<script type=\"application\/ld+json\" class=\"yoast-schema-graph\">{\"@context\":\"https:\/\/schema.org\",\"@graph\":[{\"@type\":\"Article\",\"@id\":\"https:\/\/marekkuchcinski.pl\/ro\/wspolpraca-miedzynarodowa\/spotkanie-prezydiow-parlamentow-polski-republiki-czeskiej\/#article\",\"isPartOf\":{\"@id\":\"https:\/\/marekkuchcinski.pl\/ro\/wspolpraca-miedzynarodowa\/spotkanie-prezydiow-parlamentow-polski-republiki-czeskiej\/\"},\"author\":{\"name\":\"admin\",\"@id\":\"https:\/\/marekkuchcinski.pl\/#\/schema\/person\/6f62700996b4d950b6ea2d1183b6c6be\"},\"headline\":\"Spotkanie prezydi\u00f3w parlament\u00f3w Polski i Republiki Czeskiej\",\"datePublished\":\"2018-08-30T12:04:48+00:00\",\"dateModified\":\"2018-08-30T15:07:43+00:00\",\"mainEntityOfPage\":{\"@id\":\"https:\/\/marekkuchcinski.pl\/ro\/wspolpraca-miedzynarodowa\/spotkanie-prezydiow-parlamentow-polski-republiki-czeskiej\/\"},\"wordCount\":484,\"commentCount\":0,\"publisher\":{\"@id\":\"https:\/\/marekkuchcinski.pl\/#organization\"},\"image\":{\"@id\":\"https:\/\/marekkuchcinski.pl\/ro\/wspolpraca-miedzynarodowa\/spotkanie-prezydiow-parlamentow-polski-republiki-czeskiej\/#primaryimage\"},\"thumbnailUrl\":\"https:\/\/marekkuchcinski.pl\/wp-content\/uploads\/2018\/08\/RZ__4390.jpg\",\"articleSection\":[\"Wsp\u00f3\u0142praca mi\u0119dzynarodowa\",\"Wydarzenia\"],\"inLanguage\":\"cs\",\"potentialAction\":[{\"@type\":\"CommentAction\",\"name\":\"Comment\",\"target\":[\"https:\/\/marekkuchcinski.pl\/ro\/wspolpraca-miedzynarodowa\/spotkanie-prezydiow-parlamentow-polski-republiki-czeskiej\/#respond\"]}]},{\"@type\":\"WebPage\",\"@id\":\"https:\/\/marekkuchcinski.pl\/ro\/wspolpraca-miedzynarodowa\/spotkanie-prezydiow-parlamentow-polski-republiki-czeskiej\/\",\"url\":\"https:\/\/marekkuchcinski.pl\/ro\/wspolpraca-miedzynarodowa\/spotkanie-prezydiow-parlamentow-polski-republiki-czeskiej\/\",\"name\":\"Spotkanie prezydi\u00f3w parlament\u00f3w Polski i Republiki Czeskiej &#8211; Marek Kuchci\u0144ski\",\"isPartOf\":{\"@id\":\"https:\/\/marekkuchcinski.pl\/#website\"},\"primaryImageOfPage\":{\"@id\":\"https:\/\/marekkuchcinski.pl\/ro\/wspolpraca-miedzynarodowa\/spotkanie-prezydiow-parlamentow-polski-republiki-czeskiej\/#primaryimage\"},\"image\":{\"@id\":\"https:\/\/marekkuchcinski.pl\/ro\/wspolpraca-miedzynarodowa\/spotkanie-prezydiow-parlamentow-polski-republiki-czeskiej\/#primaryimage\"},\"thumbnailUrl\":\"https:\/\/marekkuchcinski.pl\/wp-content\/uploads\/2018\/08\/RZ__4390.jpg\",\"datePublished\":\"2018-08-30T12:04:48+00:00\",\"dateModified\":\"2018-08-30T15:07:43+00:00\",\"breadcrumb\":{\"@id\":\"https:\/\/marekkuchcinski.pl\/ro\/wspolpraca-miedzynarodowa\/spotkanie-prezydiow-parlamentow-polski-republiki-czeskiej\/#breadcrumb\"},\"inLanguage\":\"cs\",\"potentialAction\":[{\"@type\":\"ReadAction\",\"target\":[\"https:\/\/marekkuchcinski.pl\/ro\/wspolpraca-miedzynarodowa\/spotkanie-prezydiow-parlamentow-polski-republiki-czeskiej\/\"]}]},{\"@type\":\"ImageObject\",\"inLanguage\":\"cs\",\"@id\":\"https:\/\/marekkuchcinski.pl\/ro\/wspolpraca-miedzynarodowa\/spotkanie-prezydiow-parlamentow-polski-republiki-czeskiej\/#primaryimage\",\"url\":\"https:\/\/marekkuchcinski.pl\/wp-content\/uploads\/2018\/08\/RZ__4390.jpg\",\"contentUrl\":\"https:\/\/marekkuchcinski.pl\/wp-content\/uploads\/2018\/08\/RZ__4390.jpg\",\"width\":2048,\"height\":1365},{\"@type\":\"BreadcrumbList\",\"@id\":\"https:\/\/marekkuchcinski.pl\/ro\/wspolpraca-miedzynarodowa\/spotkanie-prezydiow-parlamentow-polski-republiki-czeskiej\/#breadcrumb\",\"itemListElement\":[{\"@type\":\"ListItem\",\"position\":1,\"name\":\"Strona g\u0142\u00f3wna\",\"item\":\"https:\/\/marekkuchcinski.pl\/\"},{\"@type\":\"ListItem\",\"position\":2,\"name\":\"Spotkanie prezydi\u00f3w parlament\u00f3w Polski i Republiki Czeskiej\"}]},{\"@type\":\"WebSite\",\"@id\":\"https:\/\/marekkuchcinski.pl\/#website\",\"url\":\"https:\/\/marekkuchcinski.pl\/\",\"name\":\"Marek Kuchci\u0144ski\",\"description\":\"Pose\u0142 na sejm RP &ndash; okr\u0119g nr 22\",\"publisher\":{\"@id\":\"https:\/\/marekkuchcinski.pl\/#organization\"},\"potentialAction\":[{\"@type\":\"SearchAction\",\"target\":{\"@type\":\"EntryPoint\",\"urlTemplate\":\"https:\/\/marekkuchcinski.pl\/?s={search_term_string}\"},\"query-input\":{\"@type\":\"PropertyValueSpecification\",\"valueRequired\":true,\"valueName\":\"search_term_string\"}}],\"inLanguage\":\"cs\"},{\"@type\":\"Organization\",\"@id\":\"https:\/\/marekkuchcinski.pl\/#organization\",\"name\":\"Marek Kuchci\u0144ski\",\"url\":\"https:\/\/marekkuchcinski.pl\/\",\"logo\":{\"@type\":\"ImageObject\",\"inLanguage\":\"cs\",\"@id\":\"https:\/\/marekkuchcinski.pl\/#\/schema\/logo\/image\/\",\"url\":\"https:\/\/marekkuchcinski.pl\/wp-content\/uploads\/2022\/09\/Marek.jpg\",\"contentUrl\":\"https:\/\/marekkuchcinski.pl\/wp-content\/uploads\/2022\/09\/Marek.jpg\",\"width\":1600,\"height\":971,\"caption\":\"Marek Kuchci\u0144ski\"},\"image\":{\"@id\":\"https:\/\/marekkuchcinski.pl\/#\/schema\/logo\/image\/\"}},{\"@type\":\"Person\",\"@id\":\"https:\/\/marekkuchcinski.pl\/#\/schema\/person\/6f62700996b4d950b6ea2d1183b6c6be\",\"name\":\"admin\",\"image\":{\"@type\":\"ImageObject\",\"inLanguage\":\"cs\",\"@id\":\"https:\/\/marekkuchcinski.pl\/#\/schema\/person\/image\/\",\"url\":\"https:\/\/secure.gravatar.com\/avatar\/4bab693b9d55c3d6b52c0296a8765085?s=96&d=mm&r=g\",\"contentUrl\":\"https:\/\/secure.gravatar.com\/avatar\/4bab693b9d55c3d6b52c0296a8765085?s=96&d=mm&r=g\",\"caption\":\"admin\"},\"url\":\"https:\/\/marekkuchcinski.pl\/cs\/author\/marta-olejnik\/\"}]}<\/script>\n<!-- \/ Yoast SEO plugin. -->","yoast_head_json":{"title":"Spotkanie prezydi\u00f3w parlament\u00f3w Polski i Republiki Czeskiej &#8211; Marek Kuchci\u0144ski","robots":{"index":"index","follow":"follow","max-snippet":"max-snippet:-1","max-image-preview":"max-image-preview:large","max-video-preview":"max-video-preview:-1"},"canonical":"https:\/\/marekkuchcinski.pl\/cs\/wspolpraca-miedzynarodowa\/spotkanie-prezydiow-parlamentow-polski-republiki-czeskiej\/","og_locale":"cs_CZ","og_type":"article","og_title":"Spotkanie prezydi\u00f3w parlament\u00f3w Polski i Republiki Czeskiej &#8211; Marek Kuchci\u0144ski","og_description":"Wsp\u00f3lne posiedzenie przedstawicieli prezydi\u00f3w Sejmu i czeskiej Izby Poselskiej w Juracie sta\u0142o si\u0119 okazj\u0105, by poruszy\u0107 tematy tj. wsp\u00f3\u0142praca parlamentarna, polska \u017cywno\u015b\u0107 na czeskim rynku, rozw\u00f3j komunikacji drogowej, kolejowej, wodnej i\u00a0lotniczej czy wsp\u00f3\u0142praca regionalna w\u00a0kontek\u015bcie Unii Europejskiej i Grupy Wyszehradzkiej. &#8212; Nasze kontakty parlamentarne s\u0105 jednym z filar\u00f3w kreowania polityki zagranicznej, zw\u0142aszcza w warunkach integracji [&hellip;]","og_url":"https:\/\/marekkuchcinski.pl\/cs\/wspolpraca-miedzynarodowa\/spotkanie-prezydiow-parlamentow-polski-republiki-czeskiej\/","og_site_name":"Marek Kuchci\u0144ski","article_published_time":"2018-08-30T12:04:48+00:00","article_modified_time":"2018-08-30T15:07:43+00:00","og_image":[{"width":2048,"height":1365,"url":"https:\/\/marekkuchcinski.pl\/wp-content\/uploads\/2018\/08\/RZ__4390.jpg","type":"image\/jpeg"}],"author":"admin","twitter_card":"summary_large_image","twitter_misc":{"Napsal(a)":"admin","Odhadovan\u00e1 doba \u010dten\u00ed":"2 minuty"},"schema":{"@context":"https:\/\/schema.org","@graph":[{"@type":"Article","@id":"https:\/\/marekkuchcinski.pl\/ro\/wspolpraca-miedzynarodowa\/spotkanie-prezydiow-parlamentow-polski-republiki-czeskiej\/#article","isPartOf":{"@id":"https:\/\/marekkuchcinski.pl\/ro\/wspolpraca-miedzynarodowa\/spotkanie-prezydiow-parlamentow-polski-republiki-czeskiej\/"},"author":{"name":"admin","@id":"https:\/\/marekkuchcinski.pl\/#\/schema\/person\/6f62700996b4d950b6ea2d1183b6c6be"},"headline":"Spotkanie prezydi\u00f3w parlament\u00f3w Polski i Republiki Czeskiej","datePublished":"2018-08-30T12:04:48+00:00","dateModified":"2018-08-30T15:07:43+00:00","mainEntityOfPage":{"@id":"https:\/\/marekkuchcinski.pl\/ro\/wspolpraca-miedzynarodowa\/spotkanie-prezydiow-parlamentow-polski-republiki-czeskiej\/"},"wordCount":484,"commentCount":0,"publisher":{"@id":"https:\/\/marekkuchcinski.pl\/#organization"},"image":{"@id":"https:\/\/marekkuchcinski.pl\/ro\/wspolpraca-miedzynarodowa\/spotkanie-prezydiow-parlamentow-polski-republiki-czeskiej\/#primaryimage"},"thumbnailUrl":"https:\/\/marekkuchcinski.pl\/wp-content\/uploads\/2018\/08\/RZ__4390.jpg","articleSection":["Wsp\u00f3\u0142praca mi\u0119dzynarodowa","Wydarzenia"],"inLanguage":"cs","potentialAction":[{"@type":"CommentAction","name":"Comment","target":["https:\/\/marekkuchcinski.pl\/ro\/wspolpraca-miedzynarodowa\/spotkanie-prezydiow-parlamentow-polski-republiki-czeskiej\/#respond"]}]},{"@type":"WebPage","@id":"https:\/\/marekkuchcinski.pl\/ro\/wspolpraca-miedzynarodowa\/spotkanie-prezydiow-parlamentow-polski-republiki-czeskiej\/","url":"https:\/\/marekkuchcinski.pl\/ro\/wspolpraca-miedzynarodowa\/spotkanie-prezydiow-parlamentow-polski-republiki-czeskiej\/","name":"Spotkanie prezydi\u00f3w parlament\u00f3w Polski i Republiki Czeskiej &#8211; Marek Kuchci\u0144ski","isPartOf":{"@id":"https:\/\/marekkuchcinski.pl\/#website"},"primaryImageOfPage":{"@id":"https:\/\/marekkuchcinski.pl\/ro\/wspolpraca-miedzynarodowa\/spotkanie-prezydiow-parlamentow-polski-republiki-czeskiej\/#primaryimage"},"image":{"@id":"https:\/\/marekkuchcinski.pl\/ro\/wspolpraca-miedzynarodowa\/spotkanie-prezydiow-parlamentow-polski-republiki-czeskiej\/#primaryimage"},"thumbnailUrl":"https:\/\/marekkuchcinski.pl\/wp-content\/uploads\/2018\/08\/RZ__4390.jpg","datePublished":"2018-08-30T12:04:48+00:00","dateModified":"2018-08-30T15:07:43+00:00","breadcrumb":{"@id":"https:\/\/marekkuchcinski.pl\/ro\/wspolpraca-miedzynarodowa\/spotkanie-prezydiow-parlamentow-polski-republiki-czeskiej\/#breadcrumb"},"inLanguage":"cs","potentialAction":[{"@type":"ReadAction","target":["https:\/\/marekkuchcinski.pl\/ro\/wspolpraca-miedzynarodowa\/spotkanie-prezydiow-parlamentow-polski-republiki-czeskiej\/"]}]},{"@type":"ImageObject","inLanguage":"cs","@id":"https:\/\/marekkuchcinski.pl\/ro\/wspolpraca-miedzynarodowa\/spotkanie-prezydiow-parlamentow-polski-republiki-czeskiej\/#primaryimage","url":"https:\/\/marekkuchcinski.pl\/wp-content\/uploads\/2018\/08\/RZ__4390.jpg","contentUrl":"https:\/\/marekkuchcinski.pl\/wp-content\/uploads\/2018\/08\/RZ__4390.jpg","width":2048,"height":1365},{"@type":"BreadcrumbList","@id":"https:\/\/marekkuchcinski.pl\/ro\/wspolpraca-miedzynarodowa\/spotkanie-prezydiow-parlamentow-polski-republiki-czeskiej\/#breadcrumb","itemListElement":[{"@type":"ListItem","position":1,"name":"Strona g\u0142\u00f3wna","item":"https:\/\/marekkuchcinski.pl\/"},{"@type":"ListItem","position":2,"name":"Spotkanie prezydi\u00f3w parlament\u00f3w Polski i Republiki Czeskiej"}]},{"@type":"WebSite","@id":"https:\/\/marekkuchcinski.pl\/#website","url":"https:\/\/marekkuchcinski.pl\/","name":"Marek Kuchci\u0144ski","description":"Pose\u0142 na sejm RP &ndash; okr\u0119g nr 22","publisher":{"@id":"https:\/\/marekkuchcinski.pl\/#organization"},"potentialAction":[{"@type":"SearchAction","target":{"@type":"EntryPoint","urlTemplate":"https:\/\/marekkuchcinski.pl\/?s={search_term_string}"},"query-input":{"@type":"PropertyValueSpecification","valueRequired":true,"valueName":"search_term_string"}}],"inLanguage":"cs"},{"@type":"Organization","@id":"https:\/\/marekkuchcinski.pl\/#organization","name":"Marek Kuchci\u0144ski","url":"https:\/\/marekkuchcinski.pl\/","logo":{"@type":"ImageObject","inLanguage":"cs","@id":"https:\/\/marekkuchcinski.pl\/#\/schema\/logo\/image\/","url":"https:\/\/marekkuchcinski.pl\/wp-content\/uploads\/2022\/09\/Marek.jpg","contentUrl":"https:\/\/marekkuchcinski.pl\/wp-content\/uploads\/2022\/09\/Marek.jpg","width":1600,"height":971,"caption":"Marek Kuchci\u0144ski"},"image":{"@id":"https:\/\/marekkuchcinski.pl\/#\/schema\/logo\/image\/"}},{"@type":"Person","@id":"https:\/\/marekkuchcinski.pl\/#\/schema\/person\/6f62700996b4d950b6ea2d1183b6c6be","name":"admin","image":{"@type":"ImageObject","inLanguage":"cs","@id":"https:\/\/marekkuchcinski.pl\/#\/schema\/person\/image\/","url":"https:\/\/secure.gravatar.com\/avatar\/4bab693b9d55c3d6b52c0296a8765085?s=96&d=mm&r=g","contentUrl":"https:\/\/secure.gravatar.com\/avatar\/4bab693b9d55c3d6b52c0296a8765085?s=96&d=mm&r=g","caption":"admin"},"url":"https:\/\/marekkuchcinski.pl\/cs\/author\/marta-olejnik\/"}]}},"_links":{"self":[{"href":"https:\/\/marekkuchcinski.pl\/cs\/wp-json\/wp\/v2\/posts\/10135","targetHints":{"allow":["GET"]}}],"collection":[{"href":"https:\/\/marekkuchcinski.pl\/cs\/wp-json\/wp\/v2\/posts"}],"about":[{"href":"https:\/\/marekkuchcinski.pl\/cs\/wp-json\/wp\/v2\/types\/post"}],"author":[{"embeddable":true,"href":"https:\/\/marekkuchcinski.pl\/cs\/wp-json\/wp\/v2\/users\/6"}],"replies":[{"embeddable":true,"href":"https:\/\/marekkuchcinski.pl\/cs\/wp-json\/wp\/v2\/comments?post=10135"}],"version-history":[{"count":4,"href":"https:\/\/marekkuchcinski.pl\/cs\/wp-json\/wp\/v2\/posts\/10135\/revisions"}],"predecessor-version":[{"id":10149,"href":"https:\/\/marekkuchcinski.pl\/cs\/wp-json\/wp\/v2\/posts\/10135\/revisions\/10149"}],"wp:featuredmedia":[{"embeddable":true,"href":"https:\/\/marekkuchcinski.pl\/cs\/wp-json\/wp\/v2\/media\/10148"}],"wp:attachment":[{"href":"https:\/\/marekkuchcinski.pl\/cs\/wp-json\/wp\/v2\/media?parent=10135"}],"wp:term":[{"taxonomy":"category","embeddable":true,"href":"https:\/\/marekkuchcinski.pl\/cs\/wp-json\/wp\/v2\/categories?post=10135"},{"taxonomy":"post_tag","embeddable":true,"href":"https:\/\/marekkuchcinski.pl\/cs\/wp-json\/wp\/v2\/tags?post=10135"}],"curies":[{"name":"wp","href":"https:\/\/api.w.org\/{rel}","templated":true}]}}