{"id":79,"count":22,"description":"<strong>Kancel\u00e1\u0159 intervence a pr\u00e1vn\u00edho poradenstv\u00ed PiS v Przemy\u015blu je z\u00f3nou parlamentn\u00ed pr\u00e1ce p\u0159edsedy Sejmu Marka Kuchci\u0144sk\u00e9ho. Pod\u00edl\u00ed se na \u0159e\u0161en\u00ed probl\u00e9m\u016f Podkarpatsk\u00e9ho vojvodstv\u00ed a region\u00e1ln\u00ed politiky.<\/strong>\r\n\r\n<strong>\u00da\u0159ad poskytuje pomoc v\u0161em, kte\u0159\u00ed jsou posti\u017eeni nespravedlnost\u00ed, nekompetentnost\u00ed nebo aroganc\u00ed \u00fa\u0159ad\u016f a instituc\u00ed a kte\u0159\u00ed pot\u0159ebuj\u00ed poradit p\u0159i uplat\u0148ov\u00e1n\u00ed sv\u00fdch pr\u00e1v. Bez ohledu na n\u00e1rodnost, politick\u00e9 n\u00e1zory nebo soci\u00e1ln\u00ed postaven\u00ed.<\/strong>\r\n\r\n<strong>Tato pomoc spo\u010d\u00edv\u00e1 v poskytov\u00e1n\u00ed bezplatn\u00e9ho pr\u00e1vn\u00edho poradenstv\u00ed, p\u0159\u00edprav\u011b pod\u00e1n\u00ed a spr\u00e1vn\u00edch dokument\u016f a v p\u0159\u00edpadech, kter\u00e9 to vy\u017eaduj\u00ed, v p\u0159\u00edpadn\u00e9 intervenci.<\/strong>\r\n<p class=\"rinfo\">Wybrze\u017ce J\u00f3zefa Pi\u0142sudskiego 1, 37-700 Przemy\u015bl<\/p>\r\n<p class=\"rinfo\">tel.\/fax 16 678 49 19<\/p>\r\n<p class=\"rinfo\">biuro@marekkuchcinski.pl<\/p>\r\n<a href=\"https:\/\/marekkuchcinski.pl\/wp-content\/uploads\/2017\/08\/raf.jpg\"><img class=\"alignleft wp-image-7054 size-medium\" src=\"https:\/\/marekkuchcinski.pl\/wp-content\/uploads\/2017\/08\/raf-300x200.jpg\" alt=\"raf\" width=\"300\" height=\"200\" \/><\/a>","link":"https:\/\/marekkuchcinski.pl\/cs\/category\/podkarpacie\/biuro-interwencji-i-porad-pis\/","name":"Biuro Interwencji i Porad Prawnych","slug":"biuro-interwencji-i-porad-pis","taxonomy":"category","parent":49,"meta":[],"_links":{"self":[{"href":"https:\/\/marekkuchcinski.pl\/cs\/wp-json\/wp\/v2\/categories\/79","targetHints":{"allow":["GET"]}}],"collection":[{"href":"https:\/\/marekkuchcinski.pl\/cs\/wp-json\/wp\/v2\/categories"}],"about":[{"href":"https:\/\/marekkuchcinski.pl\/cs\/wp-json\/wp\/v2\/taxonomies\/category"}],"up":[{"embeddable":true,"href":"https:\/\/marekkuchcinski.pl\/cs\/wp-json\/wp\/v2\/categories\/49"}],"wp:post_type":[{"href":"https:\/\/marekkuchcinski.pl\/cs\/wp-json\/wp\/v2\/posts?categories=79"}],"curies":[{"name":"wp","href":"https:\/\/api.w.org\/{rel}","templated":true}]}}